{"id":88,"date":"2014-06-03T11:30:08","date_gmt":"2014-06-03T11:30:08","guid":{"rendered":"http:\/\/blogs.noticiasdenavarra.com\/prolibertatepatria\/?p=88"},"modified":"2014-06-03T11:30:08","modified_gmt":"2014-06-03T11:30:08","slug":"republica-espanola-vs-monarquia-espanola","status":"publish","type":"post","link":"https:\/\/blogs.noticiasdenavarra.com\/prolibertatepatria\/2014\/06\/03\/republica-espanola-vs-monarquia-espanola\/","title":{"rendered":"Rep\u00fablica Espa\u00f1ola vs Monarqu\u00eda Espa\u00f1ola"},"content":{"rendered":"<p style=\"text-align: justify\"><em>\u00abLo m\u00e1s parecido a un pol\u00edtico espa\u00f1ol de derechas es un pol\u00edtico espa\u00f1ol de izquierda\u201d. Josep Pla<\/em><\/p>\n<p style=\"text-align: justify\"><a href=\"http:\/\/blogs.noticiasdenavarra.com\/prolibertatepatria\/files\/2014\/06\/Rep\u00fablica.jpg\"><img loading=\"lazy\" decoding=\"async\" class=\"alignleft wp-image-91\" style=\"margin-right: 20px\" src=\"http:\/\/blogs.noticiasdenavarra.com\/prolibertatepatria\/files\/2014\/06\/Rep\u00fablica.jpg\" alt=\"Fueros\" width=\"200\" height=\"317\" \/><\/a>Soy republicano, y lo soy porque creo firmemente que el Jefe de un Estado debe serlo por ser el vencedor en unas urnas, y no por herencia paterna. Ahora bien, lo que realmente da el car\u00e1cter democr\u00e1tico a una sociedad son las libertades que dentro de la misma pueda haber, y el respeto a los derechos individuales de las personas que habitan dichas sociedades. Tenemos en el mundo ejemplos de sociedades mon\u00e1rquicas, como la danesa, y la brit\u00e1nica que son ejemplo para seguir, y rep\u00fablicas que son exactamente lo contrario, como Corea del Norte, o la Chile de Pinochet. Y viceversa.<\/p>\n<p style=\"text-align: justify\">Centr\u00e1ndonos en Espa\u00f1a, y en su modelo de estado tengo que decir que estoy completamente a favor de que la ciudadan\u00eda exprese qu\u00e9 modelo quiere, si una rep\u00fablica o una monarqu\u00eda. Sobre todo teniendo en cuenta c\u00f3mo accedi\u00f3 Juan Carlos I a rey, \u00a0jurando lo que jur\u00f3, y la forma indirecta en que la Constituci\u00f3n Espa\u00f1ola le otorg\u00f3 el papel que le otorg\u00f3. Desde la izquierda espa\u00f1ola se ha tendido a idealizar la Segunda Rep\u00fablica como el parabi\u00e9n de todas las cosas, y si bien es cierto que es bajo esta forma de estado cuando llegan los estatutos de autonom\u00eda, no lo es menos que Companys fue detenido en 1934 tras la proclamaci\u00f3n del <em>Estat Catal\u00e0<\/em>, y que tuvo unas consecuencias tr\u00e1gicas para Catalunya tras la intervenci\u00f3n del general Batet en la que se suspendi\u00f3 la autonom\u00eda catalana. Tambi\u00e9n recuerdo las palabras (atribuidas a Negr\u00edn) del Presidente Aza\u00f1a cuando dijo <em>\u201cY si esas gentes van a descuartizar a Espa\u00f1a, prefiero a Franco. Con Franco ya nos entender\u00edamos nosotros, o nuestros hijos, o quien fuere, pero estos hombres son inaguantables. Acabar\u00edan por dar la raz\u00f3n a Franco\u201d<\/em>. Y es que al final, y en cuanto a modelo territorial y derecho a decidir, las palabras de Pla que encabezan este art\u00edculo adquieren la plenitud de su significado. Como guinda de pol\u00edtica ficci\u00f3n, tengo la sospecha que si ahora Espa\u00f1a fuera una rep\u00fablica, su presidente ser\u00eda Jos\u00e9 Mar\u00eda Aznar.<\/p>\n<p style=\"text-align: justify\">Como fuerista que soy en dicha hipot\u00e9tica elecci\u00f3n me abstendr\u00e9 porque entiendo al pacto foral como un acuerdo entre las instituciones vasconavarras y la jefatura del estado espa\u00f1ol, tenga \u00e9sta la forma que tenga, como representante m\u00e1ximo de la soberan\u00eda espa\u00f1ola. Porque yo creo que en virtud de nuestro Fueros tenemos una soberan\u00eda distinta, y por eso el trato deber\u00eda ser bilateral, y mantener un Jefe de Estado com\u00fan mientras se respeten dichos pactos, y la sociedad vasconavarra, como titular de su soberan\u00eda, no quiera explorar otros caminos como la independencia.<\/p>\n<p style=\"text-align: justify\">He dicho que soy republicano, pero soy republicano vasco, porque aspiro a una rep\u00fablica vasca, confederal entre sus territorios, y que se unan por propia voluntad en virtud a los Fueros de cada uno de ellos, cediendo las competencias que cada uno estime oportuno, y pactando unos s\u00edmbolos comunes sean los que sean. Pero soy perfectamente consciente que mi posici\u00f3n no es mayoritaria, ni tan siquiera entre los que quieren, como yo, formar un estado independiente vasco. Y es que convivimos dos naciones en un mismo \u00e1mbito geogr\u00e1fico, y entre ambos debemos buscar un acuerdo en el que todos nos sintamos c\u00f3modos. La soluci\u00f3n, en mi opini\u00f3n, est\u00e1 en la v\u00eda foral, y que esa deber\u00eda ser la V\u00eda Vasca. Por eso considero que una modificaci\u00f3n de la Disposici\u00f3n Adicional Primera de la Constituci\u00f3n Espa\u00f1ola que permita una reintegraci\u00f3n foral plena resolver\u00e1 el conflicto pol\u00edtico vasco de una vez por todas.<\/p>\n<p style=\"text-align: justify\">Jos\u00e9 Antonio Beloqui Colomo.<\/p>\n","protected":false},"excerpt":{"rendered":"<p>\u00abLo m\u00e1s parecido a un pol\u00edtico espa\u00f1ol de derechas es un pol\u00edtico espa\u00f1ol de izquierda\u201d. Josep Pla Soy republicano, y lo soy porque creo firmemente que el Jefe de un Estado debe serlo por ser el vencedor en unas urnas, y no por herencia paterna. Ahora bien, lo que realmente da el car\u00e1cter democr\u00e1tico a &hellip; <a href=\"https:\/\/blogs.noticiasdenavarra.com\/prolibertatepatria\/2014\/06\/03\/republica-espanola-vs-monarquia-espanola\/\" class=\"more-link\">Sigue leyendo <span class=\"screen-reader-text\">Rep\u00fablica Espa\u00f1ola vs Monarqu\u00eda Espa\u00f1ola<\/span><\/a><\/p>\n","protected":false},"author":80,"featured_media":0,"comment_status":"open","ping_status":"open","sticky":false,"template":"","format":"standard","meta":{"footnotes":""},"categories":[4],"tags":[],"class_list":["post-88","post","type-post","status-publish","format-standard","hentry","category-sin-categoria"],"_links":{"self":[{"href":"https:\/\/blogs.noticiasdenavarra.com\/prolibertatepatria\/wp-json\/wp\/v2\/posts\/88","targetHints":{"allow":["GET"]}}],"collection":[{"href":"https:\/\/blogs.noticiasdenavarra.com\/prolibertatepatria\/wp-json\/wp\/v2\/posts"}],"about":[{"href":"https:\/\/blogs.noticiasdenavarra.com\/prolibertatepatria\/wp-json\/wp\/v2\/types\/post"}],"author":[{"embeddable":true,"href":"https:\/\/blogs.noticiasdenavarra.com\/prolibertatepatria\/wp-json\/wp\/v2\/users\/80"}],"replies":[{"embeddable":true,"href":"https:\/\/blogs.noticiasdenavarra.com\/prolibertatepatria\/wp-json\/wp\/v2\/comments?post=88"}],"version-history":[{"count":11,"href":"https:\/\/blogs.noticiasdenavarra.com\/prolibertatepatria\/wp-json\/wp\/v2\/posts\/88\/revisions"}],"predecessor-version":[{"id":100,"href":"https:\/\/blogs.noticiasdenavarra.com\/prolibertatepatria\/wp-json\/wp\/v2\/posts\/88\/revisions\/100"}],"wp:attachment":[{"href":"https:\/\/blogs.noticiasdenavarra.com\/prolibertatepatria\/wp-json\/wp\/v2\/media?parent=88"}],"wp:term":[{"taxonomy":"category","embeddable":true,"href":"https:\/\/blogs.noticiasdenavarra.com\/prolibertatepatria\/wp-json\/wp\/v2\/categories?post=88"},{"taxonomy":"post_tag","embeddable":true,"href":"https:\/\/blogs.noticiasdenavarra.com\/prolibertatepatria\/wp-json\/wp\/v2\/tags?post=88"}],"curies":[{"name":"wp","href":"https:\/\/api.w.org\/{rel}","templated":true}]}}