{"id":83,"date":"2014-03-27T11:44:29","date_gmt":"2014-03-27T11:44:29","guid":{"rendered":"http:\/\/blogs.noticiasdenavarra.com\/prolibertatepatria\/?p=83"},"modified":"2014-03-27T11:44:29","modified_gmt":"2014-03-27T11:44:29","slug":"el-general-robert-edward-lee-y-la-guerra-de-secesion-americana-2","status":"publish","type":"post","link":"https:\/\/blogs.noticiasdenavarra.com\/prolibertatepatria\/2014\/03\/27\/el-general-robert-edward-lee-y-la-guerra-de-secesion-americana-2\/","title":{"rendered":"El General Robert Edward Lee, y la Guerra de Secesi\u00f3n Americana"},"content":{"rendered":"<p><em>\u00abHay pocos, creo yo, en esta \u00e9poca ilustrada, que no reconozcan que la esclavitud como instituci\u00f3n es un mal moral y pol\u00edtico.\u00bb Robert E. Lee<\/em><\/p>\n<p><a href=\"http:\/\/blogs.noticiasdenavarra.com\/prolibertatepatria\/files\/2014\/03\/Lee-01-e1395909381131.jpeg\"><img loading=\"lazy\" decoding=\"async\" class=\"size-full wp-image-36 alignleft\" style=\"margin-right: 20px\" alt=\"Lee\" src=\"http:\/\/blogs.noticiasdenavarra.com\/prolibertatepatria\/files\/2014\/03\/Lee-01-e1395909381131.jpeg\" width=\"180\" height=\"180\" \/><\/a><\/p>\n<p style=\"text-align: justify\">Una de las preguntas que m\u00e1s me han hecho \u00faltimamente es acerca de porqu\u00e9 eleg\u00ed el nombre de este general confederado de la Guerra de Secesi\u00f3n Americana (1861-1865) como Alter Ego en la red social Twitter. La raz\u00f3n principal es por el paralelismo que veo entre dicha guerra y las guerras carlistas. Una y otra son diferentes, qu\u00e9 duda cabe, y la raz\u00f3n principal es que en Espa\u00f1a era una lucha din\u00e1stica, y en los EEUU no, puesto que se constituyeron como una rep\u00fablica. Pero en los dos casos se daba una lucha feroz entre el centralismo que se quer\u00eda imponer, y aquellos que lo rechazaban. Adem\u00e1s Jefferson, y Adams, unos de los padres fundadores de EEUU, se fijaron en nuestro Fuero para bas\u00e1ndose en \u00e9l articular su nuevo r\u00e9gimen de libertades.<\/p>\n<p style=\"text-align: justify\">Robert Edward Lee naci\u00f3 en Virginia en 1807, hijo de un conocido combatiente de la Guerra de Independencia Americana (1775-1783), se gradu\u00f3 en West Point y pronto destacar\u00eda en el ej\u00e9rcito en la guerra entre EEUU y M\u00e9xico en la que consigui\u00f3 victorias importantes. Fruto de ese \u00e9xito militar, y laureado con una impecable reputaci\u00f3n, el presidente Lincoln, en las puertas del conflicto civil, ofreci\u00f3 a Lee el mando del ej\u00e9rcito de la Uni\u00f3n. Ofrecimiento que rechaz\u00f3. Durante la guerra fue una de las figuras m\u00e1s relevantes, y clave en los teatros de operaciones militares m\u00e1s importante del mismo. Debido a su pericia, y su capacidad estrat\u00e9gica la Uni\u00f3n tard\u00f3 m\u00e1s tiempo en vencer a pesar de su superioridad en recursos, y cerca estuvo de una derrota que hubiera cambiado el curso de la historia mundial.<\/p>\n<p style=\"text-align: justify\">Tras la guerra Lee ocup\u00f3 la presidencia del Washington College (Lexington, Virginia), y muri\u00f3 cinco a\u00f1os despu\u00e9s a consecuencia de un ataque cerebrovascular. Casi un siglo despu\u00e9s el Congreso de los EEUU restituir\u00eda la ciudadan\u00eda americana al carism\u00e1tico general.<\/p>\n<p style=\"text-align: justify\">Sobre la esclavitud Lee dej\u00f3 escrito en una carta en 1856 al presidente Pierce la frase que encabeza el art\u00edculo. No obstante Lee dirigi\u00f3 las propiedades de su suegro a la muerte de \u00e9ste desde 1857 hasta 1861, y una de las tareas era la propia organizaci\u00f3n de los esclavos all\u00ed presentes, esclavos que fueron liberados m\u00e1s tarde tal y como hab\u00eda dejado escrito en el testamento su pariente. La esclavitud en aquella \u00e9poca no era s\u00f3lo cosa de los estados del sur. Ulysses S. Grant, comandante en jefe del ej\u00e9rcito de la Uni\u00f3n, y futuro presidente de EEUU tambi\u00e9n tuvo un esclavo, llamado William Jones, que fue liberado en 1859. Adem\u00e1s Grant dirigi\u00f3 la granja esclavista de su suegro, llamada White Haven (Refugio Blanco), desde 1854 a 1859.<\/p>\n<p style=\"text-align: justify\">Con estos datos no pretendo exculpar a ninguno de los protagonistas de esos hechos, ni mucho menos defender la esclavitud, sino situarlos en su contexto hist\u00f3rico para evitar presentismos que desvirtuar\u00edan el an\u00e1lisis de los personajes y los hechos de esa \u00e9poca. En ese sentido y contrariamente a lo que la versi\u00f3n oficial ha dicho sobre el origen de la guerra, y que comenz\u00f3 con el famoso discurso del presidente Lincoln en Gettysburg, el esclavismo no fue el motivo principal, sino que intervinieron varios factores m\u00e1s, como el modelo de estado o las diferencias econ\u00f3mico-sociales entre el Norte industrializado, y multicultural, y el Sur dependiente de la agricultura, y aferrado a un orden social anticuado muy parecido al Antiguo R\u00e9gimen que defend\u00eda el carlismo.<\/p>\n<p style=\"text-align: justify\">Ya desde el fin de la Revoluci\u00f3n Americana (1775-1783) se formaron dos facciones que defend\u00edan formas diferentes de modelo de estado. Una confederaci\u00f3n de estados fuertes con un gobierno federal d\u00e9bil, cuyo m\u00e1ximo exponente fue el presidente Jefferson, y otra en el que un poder central fuerte asum\u00eda las competencias m\u00e1s importantes siendo Hamilton el abanderado de esta idea. La constituci\u00f3n surgida en 1787, de la que Jefferson no fue firmante, no ten\u00eda en cuenta los derechos de los estados a seguir de manera independiente lo que a la postre acabar\u00eda siendo el germen del conflicto b\u00e9lico.<\/p>\n<p style=\"text-align: justify\">Desde los estados del Sur siempre se tuvo la idea de que tendr\u00edan el derecho a no aplicar leyes federales que atentaran contra su propia legislaci\u00f3n, y hasta lucharon para oficializar ese derecho. El intento de John Calhoun de aplicar su teor\u00eda de nulidad, una figura muy parecida a la que se aplicaba en nuestros territorios forales y que se llamaba Pase Foral, fue un fracaso al negarse en redondo el gobierno federal a aplicarla. A partir de ah\u00ed el camino a la secesi\u00f3n se abri\u00f3 de par en par, y al ser investido presidente Abraham Lincoln, heredero directo de la ideolog\u00eda de Hamilton, en Febrero de 1861 los estados del sur configuraron los Estados Confederados de Am\u00e9rica consumando su salida de la Uni\u00f3n. El reci\u00e9n nombrado presidente declar\u00f3 ilegal tal acci\u00f3n, y ese fue el comienzo de la guerra.<\/p>\n<p style=\"text-align: justify\">Durante los dos primeros a\u00f1os de contienda fueron las tropas confederadas las que tuvieron la iniciativa. Victorias tan se\u00f1aladas como Chancellorsville, o Fredericksburg casi decantan la guerra de ese lado sino hubiese sido por la derrota en Gettysburg. Esta fue la batalla m\u00e1s famosa de esa guerra, y punto de inflexi\u00f3n en el equilibrio de fuerzas. La contienda, librada en los primeros d\u00edas de julio de 1863, fue el inicio del fin para la Confederaci\u00f3n.<\/p>\n<p style=\"text-align: left\">Lee hab\u00eda invadido Pennsylvania con la idea de llegar a Washington y acabar con la guerra, pero tras cruzar el r\u00edo Potomac sus tropas tomaron contacto con la caballer\u00eda enemiga. Esto desemboc\u00f3 en un enfrentamiento a gran escala que d\u00eda de hoy sigue siendo la batalla m\u00e1s sangrienta, unas 50.000 bajas, que ha habido en los Estados Unidos.<\/p>\n<p style=\"text-align: justify\">Tras dos d\u00edas clavados en sus posiciones, Lee orden\u00f3 un ataque sobre el centro de las posiciones unionistas con la esperanza de que rompiendo por la mitad la l\u00ednea derrotar\u00eda y pondr\u00eda en fuga a los norte\u00f1os. Para ello su infanter\u00eda deber\u00eda pasar una serie de complicaciones tales como marchar durante una milla (1,609 km) bajo un intenso fuego de artiller\u00eda, diversos obst\u00e1culos que dificultar\u00edan su avance, y una infanter\u00eda bien pertrechada y defendida en la colina objetivo (Cemetery Ridge). La carga, conocida como carga de Pickett, fue un fracaso, y fueron repelidos con un n\u00famero de bajas considerable.\u00a0 Tras esto \u00faltimo, el general confederado, muy tocado moralmente, orden\u00f3 la retirada desvaneci\u00e9ndose el sue\u00f1o de acercarse a Washington.<\/p>\n<p style=\"text-align: justify\">Dos a\u00f1os despu\u00e9s Lee firmar\u00eda la capitulaci\u00f3n del ej\u00e9rcito confederado ante Ulysses S. Grant, en Appomattox.<\/p>\n<p style=\"text-align: justify\">Jos\u00e9 Antonio Beloqui Colomo.<\/p>\n<p style=\"text-align: justify\">Fuentes:<\/p>\n<p><a href=\"http:\/\/www.nps.gov\/arho\/historyculture\/slavery.htm\">http:\/\/www.nps.gov\/arho\/historyculture\/slavery.htm<\/a><br \/>\n<a href=\"http:\/\/www.nps.gov\/ulsg\/historyculture\/slaveryatwh.htm\">http:\/\/www.nps.gov\/ulsg\/historyculture\/slaveryatwh.htm<\/a><br \/>\n<a href=\"http:\/\/www.nps.gov\/arho\/historyculture\/robert-lee.htm\">http:\/\/www.nps.gov\/arho\/historyculture\/robert-lee.htm<\/a><br \/>\n<a href=\"http:\/\/es.wikipedia.org\/wiki\/Discurso_de_Gettysburg\">http:\/\/es.wikipedia.org\/wiki\/Discurso_de_Gettysburg<\/a><br \/>\n<a href=\"http:\/\/www.civilwar.org\/education\/history\/biographies\/robert-e-lee.html\">http:\/\/www.civilwar.org\/education\/history\/biographies\/robert-e-lee.html<\/a><br \/>\n<a href=\"http:\/\/americanhistory.about.com\/od\/civilwarmenu\/a\/cause_civil_war.htm\">http:\/\/americanhistory.about.com\/od\/civilwarmenu\/a\/cause_civil_war.htm<\/a><br \/>\n<a href=\"http:\/\/www.westpoint.edu\/history\/SitePages\/American%20Civil%20War.aspx\">http:\/\/www.westpoint.edu\/history\/SitePages\/American%20Civil%20War.aspx<\/a><\/p>\n","protected":false},"excerpt":{"rendered":"<p>\u00abHay pocos, creo yo, en esta \u00e9poca ilustrada, que no reconozcan que la esclavitud como instituci\u00f3n es un mal moral y pol\u00edtico.\u00bb Robert E. Lee Una de las preguntas que m\u00e1s me han hecho \u00faltimamente es acerca de porqu\u00e9 eleg\u00ed el nombre de este general confederado de la Guerra de Secesi\u00f3n Americana (1861-1865) como Alter &hellip; <a href=\"https:\/\/blogs.noticiasdenavarra.com\/prolibertatepatria\/2014\/03\/27\/el-general-robert-edward-lee-y-la-guerra-de-secesion-americana-2\/\" class=\"more-link\">Sigue leyendo <span class=\"screen-reader-text\">El General Robert Edward Lee, y la Guerra de Secesi\u00f3n Americana<\/span><\/a><\/p>\n","protected":false},"author":80,"featured_media":0,"comment_status":"open","ping_status":"open","sticky":false,"template":"","format":"standard","meta":{"footnotes":""},"categories":[4],"tags":[],"class_list":["post-83","post","type-post","status-publish","format-standard","hentry","category-sin-categoria"],"_links":{"self":[{"href":"https:\/\/blogs.noticiasdenavarra.com\/prolibertatepatria\/wp-json\/wp\/v2\/posts\/83","targetHints":{"allow":["GET"]}}],"collection":[{"href":"https:\/\/blogs.noticiasdenavarra.com\/prolibertatepatria\/wp-json\/wp\/v2\/posts"}],"about":[{"href":"https:\/\/blogs.noticiasdenavarra.com\/prolibertatepatria\/wp-json\/wp\/v2\/types\/post"}],"author":[{"embeddable":true,"href":"https:\/\/blogs.noticiasdenavarra.com\/prolibertatepatria\/wp-json\/wp\/v2\/users\/80"}],"replies":[{"embeddable":true,"href":"https:\/\/blogs.noticiasdenavarra.com\/prolibertatepatria\/wp-json\/wp\/v2\/comments?post=83"}],"version-history":[{"count":2,"href":"https:\/\/blogs.noticiasdenavarra.com\/prolibertatepatria\/wp-json\/wp\/v2\/posts\/83\/revisions"}],"predecessor-version":[{"id":85,"href":"https:\/\/blogs.noticiasdenavarra.com\/prolibertatepatria\/wp-json\/wp\/v2\/posts\/83\/revisions\/85"}],"wp:attachment":[{"href":"https:\/\/blogs.noticiasdenavarra.com\/prolibertatepatria\/wp-json\/wp\/v2\/media?parent=83"}],"wp:term":[{"taxonomy":"category","embeddable":true,"href":"https:\/\/blogs.noticiasdenavarra.com\/prolibertatepatria\/wp-json\/wp\/v2\/categories?post=83"},{"taxonomy":"post_tag","embeddable":true,"href":"https:\/\/blogs.noticiasdenavarra.com\/prolibertatepatria\/wp-json\/wp\/v2\/tags?post=83"}],"curies":[{"name":"wp","href":"https:\/\/api.w.org\/{rel}","templated":true}]}}