{"id":62,"date":"2014-03-27T11:39:32","date_gmt":"2014-03-27T11:39:32","guid":{"rendered":"http:\/\/blogs.noticiasdenavarra.com\/prolibertatepatria\/?p=62"},"modified":"2014-03-27T11:39:32","modified_gmt":"2014-03-27T11:39:32","slug":"la-gamazada-y-el-nacimiento-del-nacionalismo-vasco","status":"publish","type":"post","link":"https:\/\/blogs.noticiasdenavarra.com\/prolibertatepatria\/2014\/03\/27\/la-gamazada-y-el-nacimiento-del-nacionalismo-vasco\/","title":{"rendered":"La Gamazada, y el nacimiento del Nacionalismo Vasco"},"content":{"rendered":"<p><em>\u201cNosotros los vascos de hoy en homenaje y recordando a nuestros antepasados, nos hemos reunido aqu\u00ed para demostrar que queremos conservar nuestra ley. Placa del Monumento a Los Fueros.\u201d<\/em><\/p>\n<p style=\"text-align: justify\"><a href=\"http:\/\/blogs.noticiasdenavarra.com\/prolibertatepatria\/files\/2014\/03\/Placa-Monumento.jpg\"><img loading=\"lazy\" decoding=\"async\" class=\"alignleft size-full wp-image-65\" style=\"margin-right: 20px\" alt=\"Placa Monumento\" src=\"http:\/\/blogs.noticiasdenavarra.com\/prolibertatepatria\/files\/2014\/03\/Placa-Monumento.jpg\" width=\"160\" height=\"160\" srcset=\"https:\/\/blogs.noticiasdenavarra.com\/prolibertatepatria\/files\/2014\/03\/Placa-Monumento.jpg 160w, https:\/\/blogs.noticiasdenavarra.com\/prolibertatepatria\/files\/2014\/03\/Placa-Monumento-150x150.jpg 150w\" sizes=\"auto, (max-width: 160px) 100vw, 160px\" \/><\/a>La gran mayor\u00eda de los nacionalismos europeos nacieron en el siglo XIX como consecuencia del traspaso del poder absoluto del Rey hasta un Parlamento, tomando como base las tesis de la Revoluci\u00f3n Francesa, reforz\u00e1ndolas con conceptos como la cultura, la ley o el idioma, dejando de lado el poder divino en el que hasta ese momento se fundamentaban las monarqu\u00edas absolutistas. La mayor\u00eda de los estados-naci\u00f3n de la actualidad est\u00e1n conformados de esta manera.<\/p>\n<p style=\"text-align: justify\">La raz\u00f3n por la que los vascos no siguieron esta senda nace de su propia concepci\u00f3n de c\u00f3mo organizarse como sociedad, totalmente diferente del modelo franc\u00e9s: respetando los derechos individuales con una soberan\u00eda de abajo hacia arriba. Por eso cuando se abolieron los Fueros en el siglo XIX surgi\u00f3 un nacionalismo particular entre los diferentes territorios, principalmente el Bizkaitirrismo (nacionalismo vizca\u00edno) con los hermanos Arana como abanderados, y el Napartarrismo (nacionalismo navarro) con Kanpion y Aranzadi.<\/p>\n<p style=\"text-align: justify\">La l\u00f3gica confluencia entre esas corrientes proto-nacionalistas, cuyos rasgos identitarios (lengua, organizaci\u00f3n socio-pol\u00edtica) eran los mismos, pronto ser\u00eda una realidad, y el detonante fue la popular Gamazada, cuyo 120 aniversario se celebr\u00f3 el pasado mes de mayo. Este movimiento social, que tuvo lugar en Navarra, fue causado por el intento del ministro Gamazo de suprimir nuestra autonom\u00eda fiscal, y con ello los \u00faltimos restos de nuestros Fueros.<\/p>\n<p style=\"text-align: justify\">Corr\u00eda mayo del a\u00f1o 1893 cuando el citado ministro de Hacienda present\u00f3 el proyecto de presupuestos generales, en los que en uno de sus art\u00edculos se establec\u00eda la armonizaci\u00f3n fiscal de Navarra, igual\u00e1ndola al resto de las provincias espa\u00f1olas. Pronto la noticia corri\u00f3 como la p\u00f3lvora, provocando un rechazo un\u00e1nime en toda la sociedad navarra. El descontento fue tan fuerte que muchos pueblos daban por rota la Ley Paccionada de 1841, proponiendo volver al pacto de 1512, siendo el incidente m\u00e1s grave la sublevaci\u00f3n en el Fuerte de Puente la Reina que fracas\u00f3 al carecer del apoyo necesario.<\/p>\n<p style=\"text-align: justify\">Dentro de esa espontaneidad se decidi\u00f3 convocar una manifestaci\u00f3n para el 4 de Junio bajo el lema <em>\u201cPaz y Fueros\u201d<\/em>, organiz\u00e1ndola el alcalde de Pamplona, don Alberto Larrondo. Todos los peri\u00f3dicos navarros se hicieron eco del llamamiento, y sus p\u00e1ginas se llenaron de encendidos art\u00edculos en defensa de la foralidad. La respuesta del pueblo navarro fue espectacular, y se calcula que unos 20.000 ciudadanos se reunieron en Pamplona. Esta protesta fue noticia en todo el estado, recibiendo apoyos desde el <em>\u201cPrincipado Catal\u00e1n, Am\u00e9rica, Galicia, y de las Provincias Vascongadas\u201d<\/em>, tildadas en la \u00e9poca de <em>\u201chermanas\u201d<\/em>.<\/p>\n<p style=\"text-align: justify\">El siguiente paso fue exponer a la reina regente los motivos del descontento general, as\u00ed como un libro con 125.000 firmas de navarros que apoyaban la causa(*), cifra \u00e9sta inmensa ya que la poblaci\u00f3n de Navarra rondaba las 300.000 personas. Don Javier Los Arcos, l\u00edder de la representaci\u00f3n Navarra en Cortes, fue el responsable de la entrega del documento. Al mismo tiempo en Pamplona se tom\u00f3 la decisi\u00f3n de conmemorar la protesta con la construcci\u00f3n de un monumento pagado por suscripci\u00f3n popular, y que hoy en d\u00eda todav\u00eda preside el Paseo Sarasate, recordando la movilizaci\u00f3n de aquellos d\u00edas en las placas grabadas en el mismo.<\/p>\n<p style=\"text-align: justify\">Paralelamente a las protestas en la calle, hubo debates muy duros en el Congreso, como este de Arturo Kanpion con Rosell, del que expongo un peque\u00f1o extracto. <em>\u201c\u00bfCu\u00e1ndo, d\u00f3nde, c\u00f3mo adquirieron esa soberan\u00eda sobre Navarra que jam\u00e1s consiguieron leg\u00edtimamente ni las cortes del a\u00f1o 1834, ni las del a\u00f1o 1820, ni las del a\u00f1o 1812, ni los Reyes de Espa\u00f1a cuando se llamaban Carlos I, y Felipe II?, Examinad se\u00f1ores diputados, en el fondo de las cosas, y no descubrir\u00e9is otra raz\u00f3n que la que anima a todos los contrafueros pasados y presentes, la raz\u00f3n de la Fuerza.\u201d<\/em> y la r\u00e9plica del se\u00f1or Rosell, <em>\u201cEn el R\u00e9gimen Constitucional no puede haber ley Paccionada alguna puesto que la soberan\u00eda absoluta reside en las Cortes con el Rey.\u201d<\/em>. Hoy, 120 a\u00f1os despu\u00e9s se repiten los mismos debates.<\/p>\n<p style=\"text-align: justify\">A los 6 meses de la aprobaci\u00f3n de la Ley en las Cortes, la Diputaci\u00f3n fue llamada a negociar las condiciones de aplicaci\u00f3n de la misma. \u00c9sta se neg\u00f3 en redondo a mover un \u00e1pice su postura, y a pesar de las numerosas reuniones que tuvieron en su estancia en Madrid con el gobierno, no hubo ninguna posibilidad de llegar a un acuerdo, quedando la aplicaci\u00f3n de la Ley en un punto muerto.<\/p>\n<p style=\"text-align: justify\">A su regreso, la Diputaci\u00f3n se encontr\u00f3 con un recibimiento de h\u00e9roes, como en Tudela d\u00f3nde al son del Gernikako Arbola los acogieron con un apasionado homenaje. Pero de todos ellos, el m\u00e1s importante fue el organizado en Castej\u00f3n d\u00f3nde m\u00e1s de 15.000 navarros los esperaban entusiastas. En el mitin participaron las delegaciones que hab\u00edan apoyado a la Diputaci\u00f3n, entre ellas las del <em>\u201cPrincipado Catal\u00e1n\u201d<\/em>, y fueristas de las <em>\u201cProvincias Vascongadas\u201d<\/em>; portando una bandera con lemas forales, creada para la ocasi\u00f3n en el caf\u00e9 Iru\u00f1a de Pamplona por la esposa de Aranzadi, Juana Irujo, y que se ha considerado uno de los primeros s\u00edmbolos del nacionalismo vasco.<\/p>\n<p style=\"text-align: justify\">Dadas las dificultades para llegar a un acuerdo la regente Mar\u00eda Cristina consult\u00f3 al general Mart\u00ednez Campos la posibilidad de mandar al ej\u00e9rcito y obligar por la fuerza a cumplir la ley. La respuesta fue la siguiente: <em>\u201cSe\u00f1ora: Si se tratase de otra provincia, pod\u00edamos pensar en imponer la ley general, empleando la fuerza si fuere preciso; si se tratase de Navarra aisladamente, a\u00fan pod\u00edamos ir por ese camino, pero debemos comprender que Navarra tiene a su lado a las tres Vascongadas, y que si se apela a la fuerza contra aquella, har\u00e1n causa com\u00fan todos los vascos, y con ellos todos los carlistas de Espa\u00f1a, que provocar\u00edan un levantamiento en aquellas provincias para darte car\u00e1cter general, y en tal caso se encadenar\u00e1 nuevamente la guerra civil.\u201d<\/em> Descartada la opci\u00f3n militar, y con el problema a\u00f1adido del alzamiento cubano, la ley fue desestimada, y el proyecto abandonado.<\/p>\n<p style=\"text-align: justify\">La lecci\u00f3n aprendida durante aquellos d\u00edas fue que la raz\u00f3n de perder tanto en el pasado era que por separado no se iba a conseguir nada, y por lo tanto la confluencia de los diferentes nacionalismos forales era necesaria para una defensa fuerte y m\u00e1s eficaz frente a futuros intentos recentralizadores. Es entonces cuando desaparecen y nace el nacionalismo vasco, y su herramienta pol\u00edtica, EAJ-PNV, cuyo objetivo ser\u00e1 la creaci\u00f3n de un estado nuevo que defender\u00e1 los intereses comunes de todos los vascos, y cuya articulaci\u00f3n respetar\u00e1 escrupulosamente el Fuero de cada una de las instituciones ya consolidadas. Plantea entonces la Reintegraci\u00f3n Foral Plena para recuperar la soberan\u00eda originaria de cada uno de ellos (en t\u00e9rminos actuales Bizkaia, Gipuzkoa, Araba, Nafarroa, Lapurdi y Zuberoa tendr\u00edan la categor\u00eda de estados), y se unir\u00edan bajo la propia voluntad de sus ciudadanos en una Confederaci\u00f3n. El nombre que Arana se inventa para ese nuevo estado de estados es Euzkadi.<\/p>\n<p>(*) Las firmas del Libro de Honor de los navarros se pueden ver aqu\u00ed. http:\/\/www.euskomedia.org\/protestaforal?idi=es<\/p>\n","protected":false},"excerpt":{"rendered":"<p>\u201cNosotros los vascos de hoy en homenaje y recordando a nuestros antepasados, nos hemos reunido aqu\u00ed para demostrar que queremos conservar nuestra ley. Placa del Monumento a Los Fueros.\u201d La gran mayor\u00eda de los nacionalismos europeos nacieron en el siglo XIX como consecuencia del traspaso del poder absoluto del Rey hasta un Parlamento, tomando como &hellip; <a href=\"https:\/\/blogs.noticiasdenavarra.com\/prolibertatepatria\/2014\/03\/27\/la-gamazada-y-el-nacimiento-del-nacionalismo-vasco\/\" class=\"more-link\">Sigue leyendo <span class=\"screen-reader-text\">La Gamazada, y el nacimiento del Nacionalismo Vasco<\/span><\/a><\/p>\n","protected":false},"author":80,"featured_media":0,"comment_status":"open","ping_status":"open","sticky":false,"template":"","format":"standard","meta":{"footnotes":""},"categories":[4],"tags":[],"class_list":["post-62","post","type-post","status-publish","format-standard","hentry","category-sin-categoria"],"_links":{"self":[{"href":"https:\/\/blogs.noticiasdenavarra.com\/prolibertatepatria\/wp-json\/wp\/v2\/posts\/62","targetHints":{"allow":["GET"]}}],"collection":[{"href":"https:\/\/blogs.noticiasdenavarra.com\/prolibertatepatria\/wp-json\/wp\/v2\/posts"}],"about":[{"href":"https:\/\/blogs.noticiasdenavarra.com\/prolibertatepatria\/wp-json\/wp\/v2\/types\/post"}],"author":[{"embeddable":true,"href":"https:\/\/blogs.noticiasdenavarra.com\/prolibertatepatria\/wp-json\/wp\/v2\/users\/80"}],"replies":[{"embeddable":true,"href":"https:\/\/blogs.noticiasdenavarra.com\/prolibertatepatria\/wp-json\/wp\/v2\/comments?post=62"}],"version-history":[{"count":11,"href":"https:\/\/blogs.noticiasdenavarra.com\/prolibertatepatria\/wp-json\/wp\/v2\/posts\/62\/revisions"}],"predecessor-version":[{"id":75,"href":"https:\/\/blogs.noticiasdenavarra.com\/prolibertatepatria\/wp-json\/wp\/v2\/posts\/62\/revisions\/75"}],"wp:attachment":[{"href":"https:\/\/blogs.noticiasdenavarra.com\/prolibertatepatria\/wp-json\/wp\/v2\/media?parent=62"}],"wp:term":[{"taxonomy":"category","embeddable":true,"href":"https:\/\/blogs.noticiasdenavarra.com\/prolibertatepatria\/wp-json\/wp\/v2\/categories?post=62"},{"taxonomy":"post_tag","embeddable":true,"href":"https:\/\/blogs.noticiasdenavarra.com\/prolibertatepatria\/wp-json\/wp\/v2\/tags?post=62"}],"curies":[{"name":"wp","href":"https:\/\/api.w.org\/{rel}","templated":true}]}}