{"id":6,"date":"2013-05-20T07:39:47","date_gmt":"2013-05-20T07:39:47","guid":{"rendered":"http:\/\/blogs.noticiasdenavarra.com\/prolibertatepatria\/?p=6"},"modified":"2014-03-27T11:48:26","modified_gmt":"2014-03-27T11:48:26","slug":"el-fuero-la-constitucion-de-navarra-o-foral-o-espanola","status":"publish","type":"post","link":"https:\/\/blogs.noticiasdenavarra.com\/prolibertatepatria\/2013\/05\/20\/el-fuero-la-constitucion-de-navarra-o-foral-o-espanola\/","title":{"rendered":"El Fuero: La Constituci\u00f3n de Navarra. O Foral, o Espa\u00f1ola."},"content":{"rendered":"<p><em>\u00abCabalgando por este peque\u00f1o territorio, se dir\u00eda que est\u00e1 en Connecticut; en vez de miserables chozas, creados con barro, y cubiertos con paja, ve el pa\u00eds lleno de casas grandes y amplias y graneros de granjeros, y el terreno bien cultivado; y rico, feliz terreno. Los caminos, tan peligrosos e infranqueables en el resto de las partes de Espa\u00f1a, est\u00e1n muy bien aqu\u00ed donde se ha hecho una labor muy extensa.\u00bb John Adams, 2\u00ba Presidente de EEUU.<\/em><\/p>\n<p><a href=\"http:\/\/blogs.noticiasdenavarra.com\/prolibertatepatria\/files\/2013\/05\/estatua-de-los-fueros.jpg\"><img loading=\"lazy\" decoding=\"async\" class=\"alignleft  wp-image-9\" style=\"margin-right: 20px\" alt=\"\" src=\"http:\/\/blogs.noticiasdenavarra.com\/prolibertatepatria\/files\/2013\/05\/estatua-de-los-fueros-300x167.jpg\" width=\"240\" height=\"134\" \/><\/a>Est\u00e1 muy extendida la idea fuera de Navarra de entender al Fuero como un privilegio medieval que no tiene cabida en una sociedad moderna como la nuestra. No puedo estar m\u00e1s en desacuerdo ya que su fuente jur\u00eddica prioriza el respeto a los derechos individuales de las personas, frente a los colectivos en aras de un supuesto bien com\u00fan.<\/p>\n<p>Dec\u00eda Jefferson que \u201cla democracia no es m\u00e1s que el gobierno de las masas, donde un 51% de la gente puede lanzar por la borda los derechos del otro 49%\u201d, y en contraposici\u00f3n a eso ide\u00f3 un sistema pol\u00edtico cimentado en la libertad individual cogiendo como referencia lo que los navarros (y guipuzcoanos, alaveses, y vizca\u00ednos) llev\u00e1bamos siglos utilizando. El Fuero. No en vano John Adams, otro padre de la Constituci\u00f3n Americana, se refiri\u00f3 a este sistema, elogi\u00e1ndolo en su obra \u201cDefensa de las Constituciones de los Estados Unidos\u201d. Dicho sistema sigue vigente en la actualidad en ese pa\u00eds.<\/p>\n<p>Los Fueros en su origen fueron c\u00f3digos jur\u00eddicos que se otorgaban los diferentes consejos vecinales de lo que vendr\u00eda a ser el Reino para regular la vida diaria y solventar los conflictos que surg\u00edan entre ellos y que con la creaci\u00f3n del Reino de Navarra pasaron a ser unos Estatutos que limitaban el poder del rey y regulaban las relaciones entre \u00e9ste y los ciudadanos, por lo que los Fueros fueron expresi\u00f3n del poder originario y del procedimiento para ejercer dicho poder. En palabras actuales, los Fueros eran la Constituci\u00f3n de Navarra.<\/p>\n<p>Desde la conquista y anexi\u00f3n de 1512 y a lo largo de los tres siglos siguientes el Fuero sufri\u00f3 los afanes uniformizadores de la Corona Espa\u00f1ola, pero no fue hasta los compases iniciales del siglo XIX cuando se sentaron las bases del antagonismo entre fuero y constituci\u00f3n que perduran hasta nuestros d\u00edas. La promulgaci\u00f3n de la Constituci\u00f3n de C\u00e1diz, que importa las ideas de la Revoluci\u00f3n Francesa en el que se prioriza los derechos colectivos sobre los individuales, hace que se pretenda hacer tabula rasa en todo el estado, colisionando frontalmente con el Fuero, y siendo una de las razones de las famosas Guerras Carlistas. La derrota en la primera de esas guerras acab\u00f3 con la condici\u00f3n de Reino de Navarra y su poder constituyente para pasar a ser una mera provincia con una peque\u00f1a parte de las competencias que ejerc\u00eda cuando era soberana.<\/p>\n<p>Y de aquellos barros, tenemos los lodos actuales, y el imposible encaje territorial de la Constituci\u00f3n del 78, heredera de esa forma de Estado, cuyo art\u00edculo 2 no deja lugar a dudas de d\u00f3nde reside la soberan\u00eda. Nuestro r\u00e9gimen estatutario, el mal llamado Amejoramiento del Fuero, es una adecuaci\u00f3n de la Ley Paccionada de 1841, aprobada por las Cortes Espa\u00f1olas tras una negociaci\u00f3n llevada a cabo con una Diputaci\u00f3n provincial elegida desde Madrid, en la que a cambio de suprimir la soberan\u00eda originaria los negociadores navarros siguieron manteniendo el control de la Hacienda.<\/p>\n<p>Las posturas cuarentaiunistas, cuya herencia ideol\u00f3gica se incardina hoy en UPN y sobre las que se asienta la actual LORAFNA (hecha excluyendo a una parte de la sociedad y sin someterla a refer\u00e9ndum), no tuvieron ninguna aceptaci\u00f3n popular, como bien pudo comprobar el tudelano Fulgencio Barrera uno de los tejedores de la Ley al ser considerado traidor a la patria. Esto fue debido a que el sentimiento mayoritario de los navarros ha sido siempre a favor de a una Reintegraci\u00f3n Foral plena como ya se demostr\u00f3 en la Gamazada, en el Movimiento de car\u00e1cter municipalista por la Reintegraci\u00f3n que fue apoyado por la inmensa mayor\u00eda de los ayuntamientos, o en el Estatuto de Autonom\u00eda Vasco-Navarro de la II Republica que fue desestimado tras oscuras maniobras como demostr\u00f3 Jimeno Jur\u00edo. Incluso Aizp\u00fan (fundador de UPN), y el PSOE coquetearon con esa idea en los albores de la transici\u00f3n.<\/p>\n<p>Por ello hay que desenmascarar ese otro mantra tambi\u00e9n muy extendido en nuestra sociedad. El de Navarra, Foral y Espa\u00f1ola. Si Navarra es Foral, entonces su modelo de estado deber\u00eda ser del individuo hacia el conjunto, si es espa\u00f1ola, lo contrario. Es obvio entonces, en qu\u00e9 situaci\u00f3n estamos y para revertir la situaci\u00f3n s\u00f3lo existe la Reintegraci\u00f3n foral que podr\u00eda obtenerse a trav\u00e9s de dos v\u00edas posibles, a saber, la opci\u00f3n rupturista que consistir\u00eda en la declaraci\u00f3n parlamentaria de la soberan\u00eda navarra y la redacci\u00f3n de unos nuevos Fueros como Constituci\u00f3n del estado de Navarra siendo conscientes de que eso es exactamente lo contrario a lo que el Fuero es, ya que se construir\u00eda en contra de amplios sectores de la sociedad navarra, y al fin y al cabo ser\u00eda invertir la situaci\u00f3n en la que una soberan\u00eda aplastar\u00eda a la otra. Esta postura es la que tradicionalmente defiende la Izquierda Abertzale sobre el conjunto de Euskal Herria.<\/p>\n<p>Luego est\u00e1 la opci\u00f3n pactista que defiende Geroa Bai, en la que aprovechando las potencialidades de la Disposici\u00f3n Adicional 1\u00aa de la Constituci\u00f3n Espa\u00f1ola que reconoce al Fuero como un ente preexistente a ella misma, redactar un texto foral nuevo que estuviese adaptado a la realidad actual de navarra y apoyado por una amplia mayor\u00eda de organizaciones sociales, econ\u00f3micas y pol\u00edticas navarras para luego someterlo a refer\u00e9ndum. Y una vez aprobado seguir el procedimiento de lectura \u00fanica que se aplic\u00f3 con la LORAFNA en las Cortes Generales. Por esta v\u00eda y seg\u00fan la jurisprudencia del Tribunal Constitucional, Navarra puede asumir tantas competencias como acuerden ambas partes sin limitarse a las recogidas en la Constituci\u00f3n Espa\u00f1ola, por lo que Navarra ser\u00eda soberana de facto pero no de iure hasta que las mayor\u00edas en Navarra y Espa\u00f1a hiciesen posible la declaraci\u00f3n de soberan\u00eda.<\/p>\n<p>Firmantes:<\/p>\n<p>Jos\u00e9 Antonio Beloqui Colomo e I\u00f1aki M\u00e9ndez. Miembros de Geroa Bai.<\/p>\n","protected":false},"excerpt":{"rendered":"<p>\u00abCabalgando por este peque\u00f1o territorio, se dir\u00eda que est\u00e1 en Connecticut; en vez de miserables chozas, creados con barro, y cubiertos con paja, ve el pa\u00eds lleno de casas grandes y amplias y graneros de granjeros, y el terreno bien cultivado; y rico, feliz terreno. Los caminos, tan peligrosos e infranqueables en el resto de &hellip; <a href=\"https:\/\/blogs.noticiasdenavarra.com\/prolibertatepatria\/2013\/05\/20\/el-fuero-la-constitucion-de-navarra-o-foral-o-espanola\/\" class=\"more-link\">Sigue leyendo <span class=\"screen-reader-text\">El Fuero: La Constituci\u00f3n de Navarra. O Foral, o Espa\u00f1ola.<\/span><\/a><\/p>\n","protected":false},"author":80,"featured_media":0,"comment_status":"open","ping_status":"open","sticky":false,"template":"","format":"standard","meta":{"footnotes":""},"categories":[4],"tags":[],"class_list":["post-6","post","type-post","status-publish","format-standard","hentry","category-sin-categoria"],"_links":{"self":[{"href":"https:\/\/blogs.noticiasdenavarra.com\/prolibertatepatria\/wp-json\/wp\/v2\/posts\/6","targetHints":{"allow":["GET"]}}],"collection":[{"href":"https:\/\/blogs.noticiasdenavarra.com\/prolibertatepatria\/wp-json\/wp\/v2\/posts"}],"about":[{"href":"https:\/\/blogs.noticiasdenavarra.com\/prolibertatepatria\/wp-json\/wp\/v2\/types\/post"}],"author":[{"embeddable":true,"href":"https:\/\/blogs.noticiasdenavarra.com\/prolibertatepatria\/wp-json\/wp\/v2\/users\/80"}],"replies":[{"embeddable":true,"href":"https:\/\/blogs.noticiasdenavarra.com\/prolibertatepatria\/wp-json\/wp\/v2\/comments?post=6"}],"version-history":[{"count":6,"href":"https:\/\/blogs.noticiasdenavarra.com\/prolibertatepatria\/wp-json\/wp\/v2\/posts\/6\/revisions"}],"predecessor-version":[{"id":86,"href":"https:\/\/blogs.noticiasdenavarra.com\/prolibertatepatria\/wp-json\/wp\/v2\/posts\/6\/revisions\/86"}],"wp:attachment":[{"href":"https:\/\/blogs.noticiasdenavarra.com\/prolibertatepatria\/wp-json\/wp\/v2\/media?parent=6"}],"wp:term":[{"taxonomy":"category","embeddable":true,"href":"https:\/\/blogs.noticiasdenavarra.com\/prolibertatepatria\/wp-json\/wp\/v2\/categories?post=6"},{"taxonomy":"post_tag","embeddable":true,"href":"https:\/\/blogs.noticiasdenavarra.com\/prolibertatepatria\/wp-json\/wp\/v2\/tags?post=6"}],"curies":[{"name":"wp","href":"https:\/\/api.w.org\/{rel}","templated":true}]}}