{"id":285,"date":"2015-11-17T12:03:36","date_gmt":"2015-11-17T11:03:36","guid":{"rendered":"http:\/\/blogs.noticiasdenavarra.com\/prolibertatepatria\/?p=285"},"modified":"2015-11-17T15:57:51","modified_gmt":"2015-11-17T14:57:51","slug":"fluctuat-nec-mergitur-lema-de-paris","status":"publish","type":"post","link":"https:\/\/blogs.noticiasdenavarra.com\/prolibertatepatria\/2015\/11\/17\/fluctuat-nec-mergitur-lema-de-paris\/","title":{"rendered":"Fluctuat nec mergitur (Lema de Par\u00eds)"},"content":{"rendered":"<p style=\"text-align: justify\"><em>Aquellos que renunciar\u00edan a la libertad esencial por comprar un poco de seguridad temporal no merecen ni la libertad ni la seguridad. Benjamin Franklin<\/em><\/p>\n<p style=\"text-align: justify\"><img loading=\"lazy\" decoding=\"async\" class=\"alignleft wp-image-289\" src=\"http:\/\/blogs.noticiasdenavarra.com\/prolibertatepatria\/files\/2015\/11\/Paris.jpg\" alt=\"Paris\" width=\"250\" height=\"167\" srcset=\"https:\/\/blogs.noticiasdenavarra.com\/prolibertatepatria\/files\/2015\/11\/Paris.jpg 1500w, https:\/\/blogs.noticiasdenavarra.com\/prolibertatepatria\/files\/2015\/11\/Paris-580x387.jpg 580w, https:\/\/blogs.noticiasdenavarra.com\/prolibertatepatria\/files\/2015\/11\/Paris-940x627.jpg 940w\" sizes=\"auto, (max-width: 250px) 100vw, 250px\" \/>La sociedad francesa, y en general la occidental, ha quedado en shock despu\u00e9s de los terribles atentados de Par\u00eds del pasado viernes. Y es en este contexto en el que el Presidente de la Rep\u00fablica Francesa, Fran\u00e7ois Hollande, hizo un discurso ayer que a muchos nos record\u00f3 el de George Bush tras el atentado de las Torres Gemelas, el 11 de Septiembre de 2001.<\/p>\n<p style=\"text-align: justify\">Las duras medidas que propone me parecen, de entrada, un inmenso error como ya lo fueran aquellas que nos llevaron a la guerra de Iraq hace ya 10 a\u00f1os. Medidas que ser\u00edan a\u00fan m\u00e1s duras si Marine Le Pen, que cada vez est\u00e1 m\u00e1s arriba en las encuestas, accediera al cargo. Me centrar\u00e9 en las dos m\u00e1s impactantes que desde mi punto de vista vulneran las libertades m\u00e1s esenciales.<\/p>\n<p style=\"text-align: justify\">Cerrar mezquitas donde se imparta el odio. Esta medida, que a priori parece del todo l\u00f3gica me parece un aut\u00e9ntico desprop\u00f3sito por varias razones. La primera, y m\u00e1s obvia, las mezquitas no delinquen, lo hacen quienes hablan dentro. Y dentro de una mezquita, quien lleva la voz cantante es el im\u00e1n, y su junta directiva. No hace falta cambiar ley alguna para actuar, y si alguien de ese grupo mencionado act\u00faa al margen de la ley generando odio hay mecanismos en la actualidad para detener y poner a disposici\u00f3n de la justicia. Me resisto a creer que la polic\u00eda y los servicios secretos no sepan si en determinadas mezquitas se da o no esos reprobables mensajes. Las consecuencias de cerrar una mezquita no son menos graves porque est\u00e1s yendo contra una de las libertades m\u00e1s b\u00e1sicas de la ciudadan\u00eda, que es la libertad de credo, y su libertad para ejercerla. \u00bfQu\u00e9 mensaje mandamos al cerrar centros de culto? Los fieles que fueran a ese lugar se radicalizar\u00e1n m\u00e1s sin duda alguna si en vez de detener y cambiar a ese presunto im\u00e1n generador de odio por otro con un mensaje de paz se cierra su lugar de rezo. Adem\u00e1s, cerrar una mezquita no evitar\u00e1 que sus feligreses se dejen de reunir en otro lado. Por no mencionar que los terroristas de Daesh aplaudir\u00e1n con las orejas si se llega a este extremo porque eso alimentar\u00eda su discurso del choque entre fieles e infieles.<\/p>\n<p style=\"text-align: justify\">La segunda medida que se est\u00e1 barruntando es el cierre de fronteras para evitar la llegada de refugiados. Ayer Hollande dijo que o se reforzaban las fronteras exteriores de la UE o Schengen, el acuerdo que permite la libre circulaci\u00f3n por la Uni\u00f3n, estar\u00eda muerto. Marine Le Pen fue m\u00e1s all\u00e1 al pedir la prohibici\u00f3n de la llegada de m\u00e1s inmigrantes. Polonia, por su parte, anunci\u00f3 que no iba a aceptar ni un solo refugiado m\u00e1s (1). Otro desprop\u00f3sito a a\u00f1adir. Seg\u00fan los datos que nos ofrece ACNUR (2) hay 4.180.631 refugiados\u00a0sirios en\u00a0los\u00a0pa\u00edses vecinos. Esta cifra incluye a 2,1 millones de sirios registrados en Egipto, Iraq, Jordania y L\u00edbano, y 1,9 millones de sirios registrados por el gobierno de Turqu\u00eda. Adem\u00e1s, hay\u00a0m\u00e1s de 7,5 millones de desplazados internos en Siria. \u00bfDe verdad es razonable pensar que toda esa cantidad de refugiados son peligrosos terroristas para la UE cuando precisamente est\u00e1n huyendo de la guerra y el terrorismo? Otro dato, y no menos importante, Daesh considera como traidores a los refugiados tal y como ha dejado claro en muchos de sus comunicados (3). A m\u00e1s, ayer mismo Heiko Maas, Ministro Justicia Alemania dec\u00eda que el \u00ab<em>pasaporte sirio<\/em> (encontrado en uno de los terroristas suicidas en Par\u00eds)<em> puede ser falsa pista para radicalizar el debate sobre los refugiados<\/em>\u00ab. A m\u00ed me produce una inmensa tristeza ver este debate en una Europa d\u00f3nde adem\u00e1s de lo anterior nos estamos peleando por acoger a 150.000 refugiados en toda la UE.<\/p>\n<p style=\"text-align: justify\">Para m\u00ed, la prueba que hace que estos dos debates, los refugiados y las mezquitas, es un inmenso error es lo que se va sabiendo de los nueve terroristas (4) de la masacre en la capital gala. De ellos, cinco son de nacionalidad francesa, tres no se han identificado todav\u00eda, y uno de ellos es el que ten\u00eda el pasaporte sirio mencionado anteriormente. Seg\u00fan se ha podido saber todos ellos son j\u00f3venes que proceden de los barrios bajos franceses y han estado envueltos en la delincuencia de poca monta. Seg\u00fan el art\u00edculo de Rafael Poch (5) en el que cita al magistrado de la secci\u00f3n antiterrorista de Par\u00eds, Marc Tr\u00e9divic, el perfil de estos terroristas es que solo \u201c<em>un 10%<\/em>\u201d de las causas del reclutamiento de los yihadistas se deben al aspecto religioso. La atracci\u00f3n viene m\u00e1s \u201c<em>de los problemas que hacen que esa gente no est\u00e9 insertada en la sociedad; ausencia de trabajo, su pasado violento de delincuencia, eventuales problemas psiqui\u00e1tricos<\/em>\u201d, enumera. As\u00ed mismo, a\u00f1ade Poch citando al\u00a0 psicoanalista de la Universidad Paris-Diderot, Fethi Benslama, los reclutas del yihadismo franc\u00e9s son perfectos analfabetos en materia religiosa. Son gente \u201c<em>que busca la radicalizaci\u00f3n, antes incluso de encontrar el producto<\/em>\u201d.<\/p>\n<p style=\"text-align: justify\">Hollande tambi\u00e9n habl\u00f3 de dos cosas m\u00e1s, aumentar la polic\u00eda, y destruir a Daesh. No s\u00e9 si con un aumento de polic\u00eda habr\u00e1 m\u00e1s seguridad porque viendo c\u00f3mo act\u00faan los terroristas se necesitar\u00eda un polic\u00eda por cada ciudadano. Quiz\u00e1s sea mucho m\u00e1s efectivo invertir ese dinero en aumentar los recursos de Inteligencia que puedan analizar y advertir de posibles atentados.<\/p>\n<p style=\"text-align: justify\">En lo que estoy totalmente de acuerdo es en que hay que destruir a Daesh. Independientemente de que considere o no id\u00f3nea\u00a0una intervenci\u00f3n\u00a0militar visto el resultado final en Libia e Iraq, Francia parece que va a seguir esa senda.\u00a0Pero a\u00fan cuando el uso del ej\u00e9rcito\u00a0fuera la mejor opci\u00f3n,\u00a0el discurso del Presidente franc\u00e9s me genera muchas dudas. La primera es que para acabar con el santuario que los terroristas tienen entre Siria, e Iraq hay que mandar infanter\u00eda. No vale con indiscriminados quir\u00fargicos ataques a\u00e9reos. Y para ello s\u00f3lo hay tres opciones; mandar tropas propias, dejar hacer a kurdos, y al dictador Al Asad, o ambas juntas. Ayer mismo Obama descartaba mandar soldados americanos.<\/p>\n<p style=\"text-align: justify\">Dejar hacer a los kurdos es contrariar, si no algo mayor, a Turqu\u00eda, cuando es perfectamente sabido que los turcos han estado y est\u00e1n bombardeando el Kurdist\u00e1n (6). Por otro lado dar apoyo a Al Asad es dar un giro de 180 grados a lo que ha hecho Francia en los \u00faltimos a\u00f1os (7) que es apoyar financiera, y armament\u00edsticamente a los enemigos del dictador sirio. En ese sentido llama la atenci\u00f3n las declaraciones de Hillary Clinton en las que admit\u00eda que \u201c<em>financiamos mal a rebeldes sirios y surgi\u00f3 Estado Isl\u00e1mico<\/em>\u201d (8).<\/p>\n<p style=\"text-align: justify\">Y es aqu\u00ed donde surgen nuevas preguntas sobre el futuro de esa acci\u00f3n coordinada que acabar\u00e1 con Daesh. \u00bfQui\u00e9n ha financiado a Daesh?, \u00bfqui\u00e9n ha armado a Daesh?, \u00bfqui\u00e9n compra el petr\u00f3leo a Daesh? Ayer mismo, el presidente ruso Vladimir Putin, cuya aviaci\u00f3n desde hace unos meses est\u00e1 ayudando al r\u00e9gimen de Al Asad, lanzaba una velada acusaci\u00f3n diciendo que \u201c<em>La financiaci\u00f3n, como hemos sabido, proviene de 40 pa\u00edses, entre ellos varios pa\u00edses del G-20<\/em>\u201d, aludiendo de manera muy directa a Turqu\u00eda y Arabia Saud\u00ed (9). Por el contrario, en dicha cumbre han acordado luchar contra la financiaci\u00f3n de Daesh, y yo espero, por el bien de todos, que sea lo m\u00e1s temprano posible, y de la manera m\u00e1s eficaz porque ahogarlos financieramente es el primer paso para su derrota.<\/p>\n<p style=\"text-align: justify\">Espero que adem\u00e1s de lo anterior se haya aprendido de una vez por todas la lecci\u00f3n de la inmensa biso\u00f1ez que ha sido creer que se pod\u00eda controlar a qui\u00e9n no puede ser controlado tal y como nos advierte el twittero @cierzo_bardener; \u201c<em>El yihadismo es la expresi\u00f3n militar de una ideolog\u00eda totalitaria que no admite en su seno ni el capitalismo, ni el comunismo, ni el nacionalismo, ni el laicismo, etc. a los que considera enemigos a eliminar y toda colaboraci\u00f3n con ellos es considerada temporal a fin de eliminar un enemigo para posteriormente centrarse en el otro. Como en el caso del escorpi\u00f3n de la f\u00e1bula, est\u00e1 en su naturaleza y espera el momento para revolverse contra sus antiguos aliados<\/em>\u201d (10).<\/p>\n<p style=\"text-align: justify\">Para finalizar, el mensaje de esperanza que nos deja el lema de la ciudad de Par\u00eds. Fluctuat nec mergitur, que significa \u201c<em>Es batida por las olas, pero no hundida<\/em>\u201d. Nos han golpeado s\u00ed, pero no nos podr\u00e1n hundir.<\/p>\n<p style=\"text-align: justify\">Jos\u00e9 Antonio Beloqui<\/p>\n<p>(1)<a href=\"http:\/\/www.eldiario.es\/desalambre\/Polonia-ultraderecha-xenofobia-rechaza-refugiados_0_452505040.html\">http:\/\/www.eldiario.es\/desalambre\/Polonia-ultraderecha-xenofobia-rechaza-refugiados_0_452505040.html<\/a><\/p>\n<p>(2) <a href=\"http:\/\/www.acnur.org\/t3\/que-hace\/respuesta-a-emergencias\/emergencia-en-siria\/\">http:\/\/www.acnur.org\/t3\/que-hace\/respuesta-a-emergencias\/emergencia-en-siria\/<\/a><\/p>\n<p>(3) <a href=\"http:\/\/observatorioterrorismo.com\/comunicacion-publica\/daesh-lanza-una-campana-audiovisual-para-recordar-a-los-refugiados-sirios-que-llegar-a-europa-les-pone-en-serie-de-riesgo-de-fornicacion-sodomia-drogas-y-alcohol\/\">http:\/\/observatorioterrorismo.com\/comunicacion-publica\/daesh-lanza-una-campana-audiovisual-para-recordar-a-los-refugiados-sirios-que-llegar-a-europa-les-pone-en-serie-de-riesgo-de-fornicacion-sodomia-drogas-y-alcohol\/<\/a><\/p>\n<p>(4)\u00a0(El Mundo) http:\/\/www.elmundo.es\/internacional\/2015\/11\/16\/5649827446163fe8268b45d5.html<\/p>\n<p>(5)\u00a0(La Vanguardia) http:\/\/www.lavanguardia.com\/internacional\/20151116\/54438864647\/como-maldita-profecia.html<\/p>\n<p>(6) (El Mundo) http:\/\/www.elmundo.es\/internacional\/2015\/11\/11\/56435f83268e3ec4028b459e.html<\/p>\n<p>(7) <a href=\"http:\/\/m.france24.com\/en\/20140821-france-arms-syria-rebels-hollande\">http:\/\/m.france24.com\/en\/20140821-france-arms-syria-rebels-hollande<\/a><\/p>\n<p>(8) <a href=\"https:\/\/actualidad.rt.com\/actualidad\/view\/136648-clinton-ayuda-rebeldes-sirios-estado-islamico\">https:\/\/actualidad.rt.com\/actualidad\/view\/136648-clinton-ayuda-rebeldes-sirios-estado-islamico<\/a><\/p>\n<p>(9) (La Raz\u00f3n) http:\/\/www.larazon.es\/internacional\/putin-varios-paises-del-g20-financian-al-estado-islamico-CD11211641#.Ttt1MSTten1M35x<\/p>\n<p>(10) <a href=\"http:\/\/blogs.noticiasdenavarra.com\/prolibertatepatria\/2015\/11\/16\/paris-afganistan-2-0\/\">http:\/\/blogs.noticiasdenavarra.com\/prolibertatepatria\/2015\/11\/16\/paris-afganistan-2-0\/<\/a><\/p>\n","protected":false},"excerpt":{"rendered":"<p>Aquellos que renunciar\u00edan a la libertad esencial por comprar un poco de seguridad temporal no merecen ni la libertad ni la seguridad. Benjamin Franklin La sociedad francesa, y en general la occidental, ha quedado en shock despu\u00e9s de los terribles atentados de Par\u00eds del pasado viernes. Y es en este contexto en el que el &hellip; <a href=\"https:\/\/blogs.noticiasdenavarra.com\/prolibertatepatria\/2015\/11\/17\/fluctuat-nec-mergitur-lema-de-paris\/\" class=\"more-link\">Sigue leyendo <span class=\"screen-reader-text\">Fluctuat nec mergitur (Lema de Par\u00eds)<\/span><\/a><\/p>\n","protected":false},"author":80,"featured_media":0,"comment_status":"open","ping_status":"open","sticky":false,"template":"","format":"standard","meta":{"footnotes":""},"categories":[4],"tags":[],"class_list":["post-285","post","type-post","status-publish","format-standard","hentry","category-sin-categoria"],"_links":{"self":[{"href":"https:\/\/blogs.noticiasdenavarra.com\/prolibertatepatria\/wp-json\/wp\/v2\/posts\/285","targetHints":{"allow":["GET"]}}],"collection":[{"href":"https:\/\/blogs.noticiasdenavarra.com\/prolibertatepatria\/wp-json\/wp\/v2\/posts"}],"about":[{"href":"https:\/\/blogs.noticiasdenavarra.com\/prolibertatepatria\/wp-json\/wp\/v2\/types\/post"}],"author":[{"embeddable":true,"href":"https:\/\/blogs.noticiasdenavarra.com\/prolibertatepatria\/wp-json\/wp\/v2\/users\/80"}],"replies":[{"embeddable":true,"href":"https:\/\/blogs.noticiasdenavarra.com\/prolibertatepatria\/wp-json\/wp\/v2\/comments?post=285"}],"version-history":[{"count":14,"href":"https:\/\/blogs.noticiasdenavarra.com\/prolibertatepatria\/wp-json\/wp\/v2\/posts\/285\/revisions"}],"predecessor-version":[{"id":300,"href":"https:\/\/blogs.noticiasdenavarra.com\/prolibertatepatria\/wp-json\/wp\/v2\/posts\/285\/revisions\/300"}],"wp:attachment":[{"href":"https:\/\/blogs.noticiasdenavarra.com\/prolibertatepatria\/wp-json\/wp\/v2\/media?parent=285"}],"wp:term":[{"taxonomy":"category","embeddable":true,"href":"https:\/\/blogs.noticiasdenavarra.com\/prolibertatepatria\/wp-json\/wp\/v2\/categories?post=285"},{"taxonomy":"post_tag","embeddable":true,"href":"https:\/\/blogs.noticiasdenavarra.com\/prolibertatepatria\/wp-json\/wp\/v2\/tags?post=285"}],"curies":[{"name":"wp","href":"https:\/\/api.w.org\/{rel}","templated":true}]}}