{"id":280,"date":"2015-11-16T09:08:05","date_gmt":"2015-11-16T08:08:05","guid":{"rendered":"http:\/\/blogs.noticiasdenavarra.com\/prolibertatepatria\/?p=280"},"modified":"2015-11-16T09:16:40","modified_gmt":"2015-11-16T08:16:40","slug":"paris-afganistan-2-0","status":"publish","type":"post","link":"https:\/\/blogs.noticiasdenavarra.com\/prolibertatepatria\/2015\/11\/16\/paris-afganistan-2-0\/","title":{"rendered":"Par\u00eds, Afganist\u00e1n 2.0"},"content":{"rendered":"<p style=\"text-align: justify\" align=\"center\">\u00abLocura es hacer lo <i>mismo<\/i> una vez tras otra y esperar <i>resultados diferentes<\/i>\u00ab<\/p>\n<p style=\"text-align: justify\">Corr\u00eda el a\u00f1o 1978 cuando la Uni\u00f3n Sovi\u00e9tica se decidi\u00f3 a intervenir para frenar un sangriento conflicto entre facciones del Partido Comunista Afgano por hacerse por el poder. La guerra fraccionalista y la operaci\u00f3n sovi\u00e9tica para mediar entre ambas partes alent\u00f3 a islamistas de diferentes grados para alzarse y ya en 1980 el gobierno afgano y las tropas sovi\u00e9ticas solo ejerc\u00edan un control efectivo en las grandes ciudades del pa\u00eds.<\/p>\n<p style=\"text-align: justify\">EEUU ante la oportunidad que le hab\u00eda dado la historia para golpear a la URSS en su patio trasero apoy\u00f3, financi\u00f3 y arm\u00f3 (con la ayuda de los servicios secretos pakistan\u00eds) una red internacional de voluntarios isl\u00e1micos para derrocar al gobierno comunista afgano y asestar un golpe que a la postre result\u00f3 definitivo a la Uni\u00f3n Sovi\u00e9tica.<\/p>\n<p style=\"text-align: justify\">A este fin decenas de miles de islamistas acudieron a Afganist\u00e1n desde el Magrhib hasta Filipinas e Indonesia, pasando por las rep\u00fablicas sovi\u00e9ticas de Asia Central, y una vez tomada Kabul en 1992 muchos de ellos volvieron a sus pa\u00edses radicalizados y con una gran experiencia en manejo de armas, lo que sumi\u00f3 a pa\u00edses como Argelia, Libia, Pakist\u00e1n, etc. en un ba\u00f1o de sangre sin precedentes en el periodo 1992-2000 que a duras penas pudo ser sofocado.<\/p>\n<p style=\"text-align: justify\">El hecho de apoyar a una opci\u00f3n rigorista en un pa\u00eds de base tribal no funcion\u00f3 y tras muchos conflictos sangrientos los Talib\u00e1n se hicieron con el poder en el pa\u00eds mientras la atenci\u00f3n p\u00fablica se centraba en el derrocamiento de Sadam Hussein, en una invasi\u00f3n que atrajo a los desmovilizados de Afganist\u00e1n y de las diferentes guerras civiles que azotaban el norte de \u00c1frica sumiendo Iraq en un conflicto sectario sangriento que a mayor o menor escala perdura hasta la actualidad.<\/p>\n<p style=\"text-align: justify\">Las Primaveras \u00c1rabes que comenzaron en 2011 preludiaban un aire de libertad en unos pa\u00edses del norte de \u00c1frica y Oriente Medio regidos por largas dictaduras o monarqu\u00edas absolutistas. As\u00ed pues en cuesti\u00f3n de meses ca\u00edan los gobiernos de T\u00fanez, Egipto y Libia y sufr\u00edan bastantes apuros para mantenerse en el poder Ali Saleh en Yemen, Bashar al Asad en Siria y la familia real de Bahr\u00e9in.<\/p>\n<p style=\"text-align: justify\">Si bien las primaveras \u00e1rabes convulsionaron los pa\u00edses anteriormente citados, dos casos de entre ellos han causado terremotos a nivel internacional, de los cuales sufrimos las consecuencias y estos son Libia y Siria y que guardan enormes paralelismos con el caso afgano.<\/p>\n<p style=\"text-align: justify\">Referente a Libia y coincidiendo con rumores que circulaban por toda Europa de que se iban a descubrir la financiaci\u00f3n por parte de Gadafi de numerosas campa\u00f1as electorales de partidos pol\u00edticos (y en especial Sarkozy y la UMP) que hab\u00edan llegado al poder con ese dinero, estall\u00f3 en el este de Libia un alzamiento c\u00edvico-militar que r\u00e1pidamente fue apoyado por pa\u00edses occidentales y estados del Golfo dotando a este alzamiento de armas, voluntarios y cobertura a\u00e9rea, haci\u00e9ndose r\u00e1pidamente con el poder en Libia el brazo pol\u00edtico de la rebeli\u00f3n, una heter\u00f3clita amalgama de milicias tribales, federalistas e islamistas, saqueaban los arsenales del ejercito libio y se repart\u00edan el territorio libio en innumerables feudos enfrentado entre ellos.<\/p>\n<p style=\"text-align: justify\">Fruto del saqueo de los arsenales libios se gener\u00f3 una enorme inestabilidad en el Magreb ya que los grupos yihadistas de la regi\u00f3n dispon\u00edan de una fuente casi inagotable de armas y munici\u00f3n y al poco se estableci\u00f3 un emirato isl\u00e1mico en el norte de Mali que tuvo que ser abortado por Francia con la ayuda de tropas de los pa\u00edses vecinos. Otra parte del bot\u00edn de dichos arsenales fluyo a milicias armadas en Nigeria, T\u00fanez, Egipto, Argelia y Siria.<\/p>\n<p style=\"text-align: justify\">Desde 2012 hasta el d\u00eda de hoy Libia ha estado sumida en el desgobierno, primero con un gobierno islamista protegido por unas milicias provenientes en algunos casos del extinto Grupo Isl\u00e1mico Combatiente Libio (vinculado a Al Qaeda) o de la Hermandad Musulmana, y despu\u00e9s sumida en una guerra civil, cuando los islamistas se negaron a abandonar el poder una vez vencida la legislatura y en la que el ISIS y Al Qaeda crecen a sus anchas ante el desinter\u00e9s europeo pese a ser una plataforma para lanzar ataques a centenares de kil\u00f3metros de Europa.<\/p>\n<p style=\"text-align: left\">Siria, anta\u00f1o parte del imperio colonial franc\u00e9s vio como una serie de malas cosechas y un empobrecimiento de la poblaci\u00f3n unido a la involuci\u00f3n pol\u00edtica del pa\u00eds tras unos a\u00f1os de t\u00edmida apertura pol\u00edtica dio lugar a una insurrecci\u00f3n civil que con el tiempo fue instrumentalizada por los mismos grupos que en diversas ocasiones se hab\u00edan alzado con anterioridad a fin de establecer un estado regido por la Sharia.<\/p>\n<p style=\"text-align: justify\">Francia, viendo la posibilidad de volver a influir en un pa\u00eds que hab\u00eda salido de su control en los a\u00f1os 60 apoy\u00f3 inmediatamente a los alzados y en compa\u00f1\u00eda de Turqu\u00eda, Arabia Saud\u00ed y Qatar canaliz\u00f3 la ayuda proveniente de los pa\u00edses de la Uni\u00f3n Europea y EEUU. Durante a\u00f1os se ha armado a unos rebeldes moderados que si bien al principio tuvieron diversos \u00e9xitos militares, se han vistos diezmados por la incompetencia y la corrupci\u00f3n de sus mandos pol\u00edticos y militares y las deserciones masivas a opciones m\u00e1s serias y \/o mejor armadas.<\/p>\n<p style=\"text-align: justify\">Pese a que es francamente visible en lo que ha derivado el conflicto sirio en el que el ISIS controla pr\u00e1cticamente la mitad del pa\u00eds y lo que jocosamente sea venido a llamar Rebeldes Moderadamente Moderados (Al Nursa\/Al Qaeda, Ahrar Al Sham,Liwa Al Quds,etc) se extienden por las provincias de Idlib y Alepo, el flujo de armas canalizados por Francia, Qatar, Turqu\u00eda no se ha visto reducido a\u00fan a sabiendas de que dichas armas y hombres destinados a los rebeldes moderados acabaran en manos yihadistas ya sea por saqueo, venta o deserci\u00f3n de la tropas con las armas reci\u00e9n entregadas.<\/p>\n<p style=\"text-align: justify\"><b>Conclusi\u00f3n<\/b><\/p>\n<p style=\"text-align: justify\">Lo anteriormente escrito no es fruto un an\u00e1lisis acr\u00edtico antioccidental sino de un serena reflexi\u00f3n que refleja el errado empe\u00f1o de pa\u00edses occidentales en aliarse ocasionalmente con el yihadismo a fin de combatir a un enemigo com\u00fan.<\/p>\n<p style=\"text-align: justify\">El yihadismo es la expresi\u00f3n militar de una ideolog\u00eda totalitaria que no admite en su seno ni el capitalismo, ni el comunismo, ni el nacionalismo, ni el laicismo, etc. a los que considera enemigos a eliminar y toda colaboraci\u00f3n con ellos es considerada temporal a fin de eliminar un enemigo para posteriormente centrarse en el otro. Como en el caso del escorpi\u00f3n de la f\u00e1bula, est\u00e1 en su naturaleza y espera el momento para revolverse contra sus antiguos aliados.<\/p>\n<p style=\"text-align: justify\">En los a\u00f1os 80 los voluntarios que combatieron para derrotar al comunismo eran del Magrib, Asia Central e Indonesia-Filipinas, los de esta d\u00e9cada adem\u00e1s incluyen decenas de miles de j\u00f3venes nacidos en Europa ,EEUU, Canada y Australia y nada induce a suponer que no van a repetir el esquema reproducido en los 90 en el Magreb, esto es, radicalizar a la poblaci\u00f3n musulmana y establecer all\u00e1 donde puedan emiratos regidos por la Sharia.<\/p>\n<p style=\"text-align: justify\">Los que han cometido este horrendo crimen en Par\u00eds saben que est\u00e1n creando un caldo de cultivo para inestabilidades posteriores fomentados por los recelos interreligiosos entre franceses y la posible represi\u00f3n policial que h\u00e1bilmente manipularan para mostrarla como un ataque al Islam cuando en realidad se trate de la desarticulaci\u00f3n de un grupo extremista incompatible con lo que significa Francia y Europa. Y adem\u00e1s saben que van a coger de improviso a los servicios secretos occidentales ya que \u00e9stos han considerado (salvo honrosas excepciones) la radicalizaci\u00f3n de su juventud como un problema lejano en el tiempo que con suerte les solucionar\u00eda un problema con un gobierno no amigo y con mucha suerte se quedar\u00edan o morir\u00edan en dicho pa\u00eds, cosa que como demostr\u00f3 el caso afgano no es cierta.<\/p>\n<p style=\"text-align: justify\">Es hora de tomarnos en serio, entre todos, el problema de la radicalizaci\u00f3n y el de los retornados porque explosiones como las de ayer son evitables a base de reforzar la vigilancia, pero el caldo de cultivo es m\u00e1s dif\u00edcil de detectar y controlar y este es el descontento de la juventud (no necesariamente de origen musulm\u00e1n) la falta de perspectivas de futuro y la facilidad con la que se propagan los discursos de odio y se financian estos discursos desde pa\u00edses anclados en el Siglo VIII.<\/p>\n<p style=\"text-align: left\">Por\u00a0<a class=\"ProfileHeaderCard-screennameLink u-linkComplex js-nav\" href=\"https:\/\/twitter.com\/Cierzo_bardener\">@<span class=\"u-linkComplex-target\">Cierzo_bardener<\/span><\/a><\/p>\n<p style=\"text-align: left\"><b>Enlaces<\/b><\/p>\n<p style=\"text-align: left\">Gadafi-Sarkozy -&gt; <span style=\"color: #0563c1\"><span style=\"text-decoration: underline\"><a href=\"http:\/\/internacional.elpais.com\/internacional\/2015\/03\/06\/actualidad\/1425652258_623802.html\" target=\"_top\">http:\/\/internacional.elpais.com\/internacional\/2015\/03\/06\/actualidad\/1425652258_623802.html<\/a><\/span><\/span><\/p>\n<p style=\"text-align: left\">Guerra civil libia<span style=\"font-family: Wingdings\">\uf0e0<\/span> <span style=\"color: #0563c1\"><span style=\"text-decoration: underline\"><a href=\"http:\/\/blogs.noticiasdenavarra.com\/prolibertatepatria\/2014\/11\/24\/la-crisis-de-libia-en-el-contexto-regional\/\" target=\"_top\">http:\/\/blogs.noticiasdenavarra.com\/prolibertatepatria\/2014\/11\/24\/la-crisis-de-libia-en-el-contexto-regional\/<\/a><\/span><\/span><\/p>\n<p style=\"text-align: left\">-&gt;<span style=\"color: #0563c1\"><span style=\"text-decoration: underline\"><a href=\"http:\/\/lendavant.com\/el-terror-del-isis-en-libia\/\" target=\"_top\">http:\/\/lendavant.com\/el-terror-del-isis-en-libia\/<\/a><\/span><\/span><\/p>\n<p style=\"text-align: left\">-Armas francesas en Siria <span style=\"font-family: Wingdings\">\uf0e0<\/span> <span style=\"color: #0563c1\"><span style=\"text-decoration: underline\"><a href=\"https:\/\/actualidad.rt.com\/actualidad\/174091-francia-entrega-armas-siria\" target=\"_top\">https:\/\/actualidad.rt.com\/actualidad\/174091-francia-entrega-armas-siria<\/a><\/span><\/span><\/p>\n<p style=\"text-align: left\">\uf0e0 <span style=\"color: #0563c1\"><span style=\"text-decoration: underline\">[Enlace roto.]<\/span><\/span><\/p>\n<p style=\"text-align: left\">\uf0e0 <span style=\"color: #0563c1\"><span style=\"text-decoration: underline\"><a href=\"http:\/\/www.europapress.es\/internacional\/noticia-hollande-confirma-francia-envio-hace-meses-armas-rebeldes-sirios-20140822060606.html\" target=\"_top\">http:\/\/www.europapress.es\/internacional\/noticia-hollande-confirma-francia-envio-hace-meses-armas-rebeldes-sirios-20140822060606.html<\/a><\/span><\/span><\/p>\n","protected":false},"excerpt":{"rendered":"<p>\u00abLocura es hacer lo mismo una vez tras otra y esperar resultados diferentes\u00ab Corr\u00eda el a\u00f1o 1978 cuando la Uni\u00f3n Sovi\u00e9tica se decidi\u00f3 a intervenir para frenar un sangriento conflicto entre facciones del Partido Comunista Afgano por hacerse por el poder. La guerra fraccionalista y la operaci\u00f3n sovi\u00e9tica para mediar entre ambas partes alent\u00f3 a &hellip; <a href=\"https:\/\/blogs.noticiasdenavarra.com\/prolibertatepatria\/2015\/11\/16\/paris-afganistan-2-0\/\" class=\"more-link\">Sigue leyendo <span class=\"screen-reader-text\">Par\u00eds, Afganist\u00e1n 2.0<\/span><\/a><\/p>\n","protected":false},"author":80,"featured_media":0,"comment_status":"open","ping_status":"open","sticky":false,"template":"","format":"standard","meta":{"footnotes":""},"categories":[4],"tags":[],"class_list":["post-280","post","type-post","status-publish","format-standard","hentry","category-sin-categoria"],"_links":{"self":[{"href":"https:\/\/blogs.noticiasdenavarra.com\/prolibertatepatria\/wp-json\/wp\/v2\/posts\/280","targetHints":{"allow":["GET"]}}],"collection":[{"href":"https:\/\/blogs.noticiasdenavarra.com\/prolibertatepatria\/wp-json\/wp\/v2\/posts"}],"about":[{"href":"https:\/\/blogs.noticiasdenavarra.com\/prolibertatepatria\/wp-json\/wp\/v2\/types\/post"}],"author":[{"embeddable":true,"href":"https:\/\/blogs.noticiasdenavarra.com\/prolibertatepatria\/wp-json\/wp\/v2\/users\/80"}],"replies":[{"embeddable":true,"href":"https:\/\/blogs.noticiasdenavarra.com\/prolibertatepatria\/wp-json\/wp\/v2\/comments?post=280"}],"version-history":[{"count":3,"href":"https:\/\/blogs.noticiasdenavarra.com\/prolibertatepatria\/wp-json\/wp\/v2\/posts\/280\/revisions"}],"predecessor-version":[{"id":283,"href":"https:\/\/blogs.noticiasdenavarra.com\/prolibertatepatria\/wp-json\/wp\/v2\/posts\/280\/revisions\/283"}],"wp:attachment":[{"href":"https:\/\/blogs.noticiasdenavarra.com\/prolibertatepatria\/wp-json\/wp\/v2\/media?parent=280"}],"wp:term":[{"taxonomy":"category","embeddable":true,"href":"https:\/\/blogs.noticiasdenavarra.com\/prolibertatepatria\/wp-json\/wp\/v2\/categories?post=280"},{"taxonomy":"post_tag","embeddable":true,"href":"https:\/\/blogs.noticiasdenavarra.com\/prolibertatepatria\/wp-json\/wp\/v2\/tags?post=280"}],"curies":[{"name":"wp","href":"https:\/\/api.w.org\/{rel}","templated":true}]}}