{"id":264,"date":"2015-09-30T10:00:37","date_gmt":"2015-09-30T08:00:37","guid":{"rendered":"http:\/\/blogs.noticiasdenavarra.com\/prolibertatepatria\/?p=264"},"modified":"2015-09-30T10:00:37","modified_gmt":"2015-09-30T08:00:37","slug":"el-nacimiento-del-estado-catalan","status":"publish","type":"post","link":"https:\/\/blogs.noticiasdenavarra.com\/prolibertatepatria\/2015\/09\/30\/el-nacimiento-del-estado-catalan\/","title":{"rendered":"El nacimiento del Estado Catal\u00e1n"},"content":{"rendered":"<p style=\"text-align: justify\">Ya se ha deshojado la margarita del 27S y como suele suceder tras unas elecciones todos dicen haber ganado. Desde el punto de vista de los esca\u00f1os no hay mucho que decir. El S\u00ed ha ganado con mayor\u00eda absoluta en el Parlament y tienen la legitimidad de llevar a cabo el proyecto con el que han ido a las urnas. Pero al ser unas elecciones al que se le han dado la etiqueta de plebiscitarias, creo que no es posible abstraerse de analizar el voto popular. Empezar\u00e9 por lo datos que no tienen discusi\u00f3n.<\/p>\n<p style=\"text-align: justify\"><em>La mayor\u00eda silenciosa constitucionalista en Catalunya<\/em><\/p>\n<p style=\"text-align: justify\">Con un 77% de participaci\u00f3n y una votaci\u00f3n tan ajustada creo que cabe decir que quienes sosten\u00edan que un aumento significativo de la participaci\u00f3n se llevar\u00eda el independentismo por delante han errado definitivamente. Los catalanes han ido mayoritariamente a votar, y se han pronunciado. No se han quedado en casa dejando que otros decidan por ellos. Gana la democracia.<\/p>\n<p style=\"text-align: justify\"><em>\u00bfCatalunya Estado?<\/em><\/p>\n<p style=\"text-align: justify\">Los partidarios de que Catalunya sea Estado han vencido sin ning\u00fan tipo de duda. Que sea Estado significa que ellos sean el sujeto soberano para una elecci\u00f3n de la trascendencia de un refer\u00e9ndum para elegir si se es independiente o no. Aunque se elija no, el sujeto pol\u00edtico no cambia. En ese sentido, y hablando en t\u00e9rminos de la pasada consulta del 9N, los del S\u00ed-S\u00ed (JxS, CUP), y los del S\u00ed-No (CSQEP, Uni\u00f3) han vencido con un porcentaje de voto del 59,22%. Aquellos que quieren mantener el Status Quo actual pierden con gran claridad, lo que hace inviable que la actual Catalunya encaje en el Estado de las Autonom\u00edas espa\u00f1ol.<\/p>\n<figure id=\"attachment_266\" aria-describedby=\"caption-attachment-266\" style=\"width: 646px\" class=\"wp-caption aligncenter\"><a href=\"http:\/\/blogs.noticiasdenavarra.com\/prolibertatepatria\/files\/2015\/09\/Papeleta-9N.jpg\"><img loading=\"lazy\" decoding=\"async\" class=\"wp-image-266 size-full\" title=\"Papeleta de la consulta del 9 de noviembre de 2014\" src=\"http:\/\/blogs.noticiasdenavarra.com\/prolibertatepatria\/files\/2015\/09\/Papeleta-9N.jpg\" alt=\"Papeleta 9N\" width=\"646\" height=\"360\" srcset=\"https:\/\/blogs.noticiasdenavarra.com\/prolibertatepatria\/files\/2015\/09\/Papeleta-9N.jpg 646w, https:\/\/blogs.noticiasdenavarra.com\/prolibertatepatria\/files\/2015\/09\/Papeleta-9N-580x323.jpg 580w\" sizes=\"auto, (max-width: 646px) 100vw, 646px\" \/><\/a><figcaption id=\"caption-attachment-266\" class=\"wp-caption-text\">Papeleta de la consulta del 9 de noviembre de 2014<\/figcaption><\/figure>\n<p style=\"text-align: justify\">\n<p style=\"text-align: justify\"><em>\u00bfCatalunya Estado Independiente?<\/em><\/p>\n<p style=\"text-align: justify\">Aqu\u00ed ya es cuando entramos en el terreno de las miles de interpretaciones que cada cual har\u00e1 al gusto de sus propias filias y fobias. Partir\u00e9 de datos forenses y a partir de ah\u00ed cada uno se puede montar el Lego que quiera. Yo, por supuesto, me montar\u00e9 el m\u00edo propio.<\/p>\n<p style=\"text-align: justify\"><a href=\"http:\/\/blogs.noticiasdenavarra.com\/prolibertatepatria\/files\/2015\/09\/Resultados-27S.jpg\"><img loading=\"lazy\" decoding=\"async\" class=\" size-full wp-image-267 aligncenter\" src=\"http:\/\/blogs.noticiasdenavarra.com\/prolibertatepatria\/files\/2015\/09\/Resultados-27S.jpg\" alt=\"Resultados 27S\" width=\"600\" height=\"253\" srcset=\"https:\/\/blogs.noticiasdenavarra.com\/prolibertatepatria\/files\/2015\/09\/Resultados-27S.jpg 600w, https:\/\/blogs.noticiasdenavarra.com\/prolibertatepatria\/files\/2015\/09\/Resultados-27S-580x245.jpg 580w\" sizes=\"auto, (max-width: 600px) 100vw, 600px\" \/><\/a><\/p>\n<p style=\"text-align: justify\">Tanto Uni\u00f3 como Catalunya s\u00ed que es Pot (CSQEP) han declarado que no se les puede meter dentro del bloque del No. El propio Lluis Rabell dec\u00eda que \u201cSe puede ser independentista y votar CSQEP. Gentes como @indepesICV han presentado un manifiesto de apoyo a la candidatura que encabezo\u201d. As\u00ed pues tenemos que el S\u00ed ha obtenido el 47,78%, el No el 39,13%, y el Si\/No el 11,44%. Por lo tanto el S\u00ed es la opci\u00f3n m\u00e1s votada, pero no llega al 50%. El an\u00e1lisis de brocha gorda apuntando al No todo el voto que no sea a JxS y las CUP que se ha hecho, empezando por el propio Rajoy, no se sostiene porque ese 11,44% no se ha definido, y no hay ninguna prueba que pueda encajar ese voto en uno u otro bloque. Para eso habr\u00eda que haber hecho un refer\u00e9ndum puro y duro a lo que se han negado por activa y por pasiva desde Madrid, y que ahora, c\u00ednicamente, cuentan los votos sin un an\u00e1lisis con un m\u00ednimo de rigor. Prueba de ello es que han sumado al No hasta los votos nulos.<\/p>\n<p style=\"text-align: justify\">El independentismo tiene una base del 47,78%, y un potencial de voto que podr\u00edamos establecer en el 59,22% que citaba anteriormente de ciudadanos que quieren que Catalunya sea un Estado. Ese 11,44% de indecisos lo son en tanto en cuanto aspiran a una negociaci\u00f3n con el Estado espa\u00f1ol que pueda autorizar el derecho a decidir, o incluso reconocer a Catalunya como naci\u00f3n. Ni PP, ni PSOE, ni Ciudadanos est\u00e1n por la labor y es harto imposible que Podemos pueda conseguir ocupar 2\/3 partes del Congreso de los Diputados que pudiera hacer posible esos cambios constitucionales. Con lo cual nos quedar\u00e1 por saber cu\u00e1l ser\u00e1 la reacci\u00f3n de ese 11,44% al ver esta realidad encima de la mesa despu\u00e9s de las elecciones generales del pr\u00f3ximo diciembre.<\/p>\n<p style=\"text-align: justify\">Es francamente dudoso que se pueda abrir el mel\u00f3n constitucional, y si se hace nunca vendr\u00e1 reconocido el derecho a decidir. Por contra desde Catalunya no se admitir\u00e1 nada menos que eso, con un pacto fiscal y blindaje de competencias. La miop\u00eda pol\u00edtica espa\u00f1ola ha hecho que se vean ganadores porque los independentistas no han llegado al 50%, y no ofrecer\u00e1n nada de enjundia a la ciudadan\u00eda catalana. Veo l\u00f3gico que el porcentaje independentista consolide su posici\u00f3n, y que parte de ese porcentaje que vot\u00f3 Uni\u00f3, y CSQEP se sumen superando el 50%. Cosa nada descabellada ya que del 11,44% bastar\u00eda que cambiasen el 2,23%.<\/p>\n<p style=\"text-align: justify\">Tanto Junts per S\u00ed como las CUP han dicho que van a seguir hacia adelante. La mayor\u00eda absoluta del Parlament le avala para comenzar dicho proceso, que tendr\u00e1 que superar el primer escollo de la elecci\u00f3n del President. Las CUP no quieren a Mas y \u00e9ste ha respondido que dar\u00e1 un paso atr\u00e1s para favorecer la hoja de ruta. De confirmarse ser\u00e1 la prueba definitiva de que quienes asociaban que Mas era el Proceso estaban totalmente equivocados. Por otro lado, las respuesta del Estado imputando a Mas por la consulta del 9N sumada a las declaraciones del ministro de Justicia en el que afirmaba que no se hab\u00eda imputado al President antes del 27S para no condicionar el resultado electoral es un esc\u00e1ndalo may\u00fasculo en tanto en cuanto demuestra que la separaci\u00f3n de poderes en Espa\u00f1a no existe. Sin contar que pol\u00edticamente es una torpeza ya que esta vengativa jugada puede hacer que Mas sea reelegido.<\/p>\n<p style=\"text-align: justify\">Creo que Catalunya est\u00e1 legitimada para convocar su propio refer\u00e9ndum vinculante de independencia, as\u00ed como iniciar conversaciones con Madrid de igual a igual hasta que haya ese refer\u00e9ndum. Los resultados del 27S le avalan para hacer eso pero me surgen las dudas para hacer una Declaraci\u00f3n Unilateral de Independencia (DUI) porque aunque haya ganado en votos, el S\u00ed no ha llegado al 50%, y en ese sentido incluso las mismas CUP han descartado hacer la DUI de manera inmediata porque \u201cno se ha ganado el plebiscito\u201d. Por otro lado es un aut\u00e9ntico esc\u00e1ndalo que no se ha dejado votar al censo de los 200.000 catalanes del extranjero, siendo el caso m\u00e1s chusco de todos el de Roma. En la capital italiana se han perdido los sufragios, y se han considerado todos como votos nulos, sum\u00e1ndolos directamente al No.<\/p>\n<p style=\"text-align: justify\">Mi conclusi\u00f3n es que hace falta una interlocuci\u00f3n, pero el problema es el de siempre, que no habr\u00e1 nadie al otro lado para discutir las cuestiones de fondo. Por eso creo que, constatado ya que hay masa cr\u00edtica para la independencia, \u00e9sta llegar\u00e1 tarde o temprano.<\/p>\n<p style=\"text-align: justify\">Jos\u00e9 Antonio Beloqui<\/p>\n","protected":false},"excerpt":{"rendered":"<p>Ya se ha deshojado la margarita del 27S y como suele suceder tras unas elecciones todos dicen haber ganado. Desde el punto de vista de los esca\u00f1os no hay mucho que decir. El S\u00ed ha ganado con mayor\u00eda absoluta en el Parlament y tienen la legitimidad de llevar a cabo el proyecto con el que &hellip; <a href=\"https:\/\/blogs.noticiasdenavarra.com\/prolibertatepatria\/2015\/09\/30\/el-nacimiento-del-estado-catalan\/\" class=\"more-link\">Sigue leyendo <span class=\"screen-reader-text\">El nacimiento del Estado Catal\u00e1n<\/span><\/a><\/p>\n","protected":false},"author":80,"featured_media":0,"comment_status":"open","ping_status":"open","sticky":false,"template":"","format":"standard","meta":{"footnotes":""},"categories":[4],"tags":[],"class_list":["post-264","post","type-post","status-publish","format-standard","hentry","category-sin-categoria"],"_links":{"self":[{"href":"https:\/\/blogs.noticiasdenavarra.com\/prolibertatepatria\/wp-json\/wp\/v2\/posts\/264","targetHints":{"allow":["GET"]}}],"collection":[{"href":"https:\/\/blogs.noticiasdenavarra.com\/prolibertatepatria\/wp-json\/wp\/v2\/posts"}],"about":[{"href":"https:\/\/blogs.noticiasdenavarra.com\/prolibertatepatria\/wp-json\/wp\/v2\/types\/post"}],"author":[{"embeddable":true,"href":"https:\/\/blogs.noticiasdenavarra.com\/prolibertatepatria\/wp-json\/wp\/v2\/users\/80"}],"replies":[{"embeddable":true,"href":"https:\/\/blogs.noticiasdenavarra.com\/prolibertatepatria\/wp-json\/wp\/v2\/comments?post=264"}],"version-history":[{"count":4,"href":"https:\/\/blogs.noticiasdenavarra.com\/prolibertatepatria\/wp-json\/wp\/v2\/posts\/264\/revisions"}],"predecessor-version":[{"id":270,"href":"https:\/\/blogs.noticiasdenavarra.com\/prolibertatepatria\/wp-json\/wp\/v2\/posts\/264\/revisions\/270"}],"wp:attachment":[{"href":"https:\/\/blogs.noticiasdenavarra.com\/prolibertatepatria\/wp-json\/wp\/v2\/media?parent=264"}],"wp:term":[{"taxonomy":"category","embeddable":true,"href":"https:\/\/blogs.noticiasdenavarra.com\/prolibertatepatria\/wp-json\/wp\/v2\/categories?post=264"},{"taxonomy":"post_tag","embeddable":true,"href":"https:\/\/blogs.noticiasdenavarra.com\/prolibertatepatria\/wp-json\/wp\/v2\/tags?post=264"}],"curies":[{"name":"wp","href":"https:\/\/api.w.org\/{rel}","templated":true}]}}