{"id":251,"date":"2015-09-25T08:49:23","date_gmt":"2015-09-25T06:49:23","guid":{"rendered":"http:\/\/blogs.noticiasdenavarra.com\/prolibertatepatria\/?p=251"},"modified":"2015-09-25T08:49:23","modified_gmt":"2015-09-25T06:49:23","slug":"los-viajes-de-la-nave-estelar-catalunya","status":"publish","type":"post","link":"https:\/\/blogs.noticiasdenavarra.com\/prolibertatepatria\/2015\/09\/25\/los-viajes-de-la-nave-estelar-catalunya\/","title":{"rendered":"Los viajes de la nave estelar, Catalunya"},"content":{"rendered":"<p style=\"text-align: justify\"><em>Una Declaraci\u00f3n\u00a0 Unilateral de Independencia \u00a0\u00abcondenar\u00eda (a Catalunya) a vagar por el espacio sin reconocimiento y a quedar excluida de la Uni\u00f3n Europea por los siglos de los siglos\u00bb.\u00a0 <\/em><em>Jos\u00e9 Manuel\u00a0Garc\u00eda-Margallo, ministro de exteriores espa\u00f1ol <\/em><\/p>\n<p style=\"text-align: justify\"><a href=\"http:\/\/blogs.noticiasdenavarra.com\/prolibertatepatria\/files\/2015\/09\/Uss-Enterprise.jpg\"><img loading=\"lazy\" decoding=\"async\" class=\"alignleft wp-image-254\" src=\"http:\/\/blogs.noticiasdenavarra.com\/prolibertatepatria\/files\/2015\/09\/Uss-Enterprise.jpg\" alt=\"Uss-Enterprise\" width=\"250\" height=\"141\" srcset=\"https:\/\/blogs.noticiasdenavarra.com\/prolibertatepatria\/files\/2015\/09\/Uss-Enterprise.jpg 600w, https:\/\/blogs.noticiasdenavarra.com\/prolibertatepatria\/files\/2015\/09\/Uss-Enterprise-580x327.jpg 580w\" sizes=\"auto, (max-width: 250px) 100vw, 250px\" \/><\/a>El espacio: la \u00faltima frontera. Estos son los viajes de la nave estelar \u00abCatalunya\u00bb, en una misi\u00f3n que durar\u00e1 cinco siglos, dedicada a la b\u00fasqueda de mundos desconocidos, al descubrimiento de nuevos estados y nuevas naciones, hasta alcanzar lugares donde nadie ha podido llegar.<\/p>\n<p style=\"text-align: justify\">Perm\u00edtanme una poco de iron\u00eda adaptando el texto con el que comenzaba la exitosa serie de ciencia ficci\u00f3n Star Trek de la que soy fan incondicional, pero es que ha llegado a tal punto el nivel\u00a0 de saturaci\u00f3n con las advertencias apocal\u00edpticas sobre una posible independencia catalana que ya me lo tomo as\u00ed, y mucho me temo que una gran cantidad de catalanes y catalanas tambi\u00e9n.<\/p>\n<p style=\"text-align: justify\">Y es que es eso lo \u00fanico que llega. Amenazas, bravuconadas, y muchos golpeos en el pecho. Demasiados. Un engorilamiento pol\u00edtico que como reacci\u00f3n l\u00f3gica en el otro lado tiene un efecto de aumento de ganas de callarles la boca papeleta en mano. No ha habido un debate serio sobre qu\u00e9 puede aportar Espa\u00f1a a Catalunya, o las consecuencias positivas y negativas de la independencia. Se aferran a la Constituci\u00f3n como si fuese la Biblia, aluden a vagas declaraciones internacionales, hablan con cinismo de contar votos cuando se han negado a un refer\u00e9ndum puro, o tiran de los grandes, y no menos rid\u00edculos mantras como el DNI o d\u00f3nde jugar\u00e1 el Bar\u00e7a la liga. Por no mencionar, claro, los inaceptables y repugnantes paralelismos entre la situaci\u00f3n actual catalana y la Alemania nazi.<\/p>\n<p style=\"text-align: justify\">Si miramos un poco hacia atr\u00e1s en la historia europea veremos que a principios del siglo pasado hab\u00eda 24 estados en nuestro continente; actualmente hay 47 (48 con Turqu\u00eda), y de ellos, 16 se han erigido en nuevos estados durante los \u00faltimos 25 a\u00f1os. Ninguno de ellos ha vuelto a su estatus anterior de dependencia. Cabr\u00eda preguntarse el porqu\u00e9.<\/p>\n<p style=\"text-align: justify\">El argumento de la expulsi\u00f3n de la UE es el m\u00e1s curioso de todos. Para rebatirlo es conveniente tirar un poco de hemeroteca y ver qu\u00e9 dec\u00edan los l\u00edderes europeos antes de la independencia de las Rep\u00fablicas B\u00e1lticas o Eslovenia cuando sosten\u00edan que nunca las reconocer\u00edan. Eslovenia se independiz\u00f3 en 1991, entr\u00f3 en el Consejo de Europa en 1993, ingres\u00f3 en Schengen en 2004, y en 2008 presidi\u00f3 la UE. Con Catalunya se puede dar la paradoja de que no sea un Estado de la UE nada m\u00e1s independizarse, pero que todos sus ciudadanos s\u00ed lo sean tal y como se enter\u00f3 el propio <strong>Rajoy<\/strong> en una entrevista en Onda Cero con <strong>Carlos Alsina<\/strong> (1). Si a esto le sumamos que Catalunya aportar\u00eda dinero a la UE creo que esa an\u00f3mala situaci\u00f3n no durar\u00e1 mucho en una UE que ante todo es pragm\u00e1tica.\u00a0Con respecto al resto de l\u00edderes internacionales creo que pasar\u00e1 parecido. Nadie quiere que haya un problema territorial m\u00e1s, y ah\u00ed podemos enmarcar sus declaraciones, en el conservadurismo, pero una vez que ya se haya consumado, los Estados se adaptar\u00e1n a la nueva situaci\u00f3n. No me resisto a comentar las palabras\u00a0de <strong>Cameron<\/strong> que dice taxativamente que Catalunya tendr\u00e1 que hacer cola para entrar en la UE (no que no podr\u00e1 independizarse) cuando \u00e9l mismo ha convocado un refer\u00e9ndum para salirse de la UE.<\/p>\n<p style=\"text-align: justify\">Hace unos meses escrib\u00ed (2)\u00a0qu\u00e9 es lo que pensaba que iba a ocurrir, y disculpen mi arrebato de vanidad pero no veo que haya fallado mucho. Con la confianza que me da esto, y nuevamente disc\u00falpenme, sumado a un seguimiento muy cercano de la realidad catalana creo que lo que dije en su d\u00eda est\u00e1 plenamente vigente hoy. Hay una masa cr\u00edtica que apoya el independentismo, y \u00e9ste puede vencer. Lo que ocurra a partir de entonces se dirimir\u00e1 en una mesa a negociaci\u00f3n a tres bandas (Espa\u00f1a, Catalunya, UE) en el caso de que ganen las fuerzas favorables al s\u00ed.<\/p>\n<p style=\"text-align: justify\">Quienes se aferran con desesperaci\u00f3n a la soberan\u00eda reconocida en la propia Constituci\u00f3n espa\u00f1ola les dir\u00eda que toda ley, y m\u00e1s una constituci\u00f3n, es fruto de un pacto pol\u00edtico, de unas normas de convivencia que pueden cambiar con el tiempo y a los hechos me remito. Es cierto que un porcentaje muy importante de catalanes votaron en 1978 a favor de la Constituci\u00f3n, pero no es menos cierto que ya han pasado casi 40 a\u00f1os, y que s\u00f3lo los mayores de 55 a\u00f1os pudieron votarla, y que los que lo hicieron pueden perfectamente haber cambiado de opini\u00f3n. Dec\u00eda <strong>Jefferson<\/strong>, padre fundador de EEUU, que \u201cla tierra pertenece a los vivos, y no a los muertos, y que cada generaci\u00f3n es una naci\u00f3n distinta, y que no se puede\u00a0obligar a la siguiente generaci\u00f3n a cumplir lo firmado por la anterior al ser un contrato nuevo\u201d. <strong>Jefferson<\/strong> indicaba que hab\u00eda que hacer cambios cada 19 a\u00f1os ya que \u201ca la fecha del contrato, la mayor\u00eda de esos contratantes est\u00e1 muerta, y su contrato con ellos\u201d. No hay m\u00e1s que ver la cantidad de enmiendas que tiene la propia Constituci\u00f3n de EEUU como para ver que algo de caso le hicieron.<\/p>\n<p style=\"text-align: justify\">Una Constituci\u00f3n totalmente r\u00edgida es igualmente fr\u00e1gil, y lo es m\u00e1s cuando ves que para unas cosas se cambian, y para otras no. Como he dicho, las leyes fruto del pacto pol\u00edtico se pueden romper si no se renuevan los compromisos por la convivencia como acertadamente dec\u00eda <strong>I\u00f1aki Gabilondo<\/strong> recientemente. Y en esas estamos ahora mismo. Quiz\u00e1s sea ya tarde para Catalunya, pero la v\u00eda Foral siempre fue la mejor opci\u00f3n para encajar a las diferentes naciones que poblamos el Estado espa\u00f1ol. <strong>Herrero de Mi\u00f1\u00f3n<\/strong> apost\u00f3 hace poco por ella para Catalunya pero no con mucho \u00e9xito (3).<\/p>\n<p style=\"text-align: justify\">Una simple modificaci\u00f3n constitucional en su Disposici\u00f3n Adicional Primera reconocer\u00eda la Reintegraci\u00f3n Foral Plena para los territorios forales actuales, sum\u00e1ndole Catalunya. \u00c9sta recuperar\u00eda su estatus de 1714, con la consiguiente actualizaci\u00f3n al siglo XXI, y hubiera bastado para dar estabilidad territorial a Espa\u00f1a hace unos a\u00f1os. Ahora ya no lo tengo tan claro ante el m\u00e1s que evidente cambio de mentalidad catal\u00e1n que se han cansado ya de modernizar Espa\u00f1a, para pasar a modernizar su pa\u00eds. No obstante \u00e9sta s\u00ed ser\u00eda una oferta en firme y clara, y no ese federalismo que nadie sabe qu\u00e9 es, y que por supuesto nadie se cree.<\/p>\n<p style=\"text-align: justify\">Pero claro, esta oferta confederal choca frontalmente con el problema de fondo de todo el problema territorial espa\u00f1ol. Y es que jam\u00e1s reconocer\u00e1 bajo su propio Estado a otra naci\u00f3n que no sea ella misma.<\/p>\n<p style=\"text-align: justify\">Jos\u00e9 Antonio Beloqui<\/p>\n<p style=\"text-align: justify\">(1)\u00a0<a href=\"https:\/\/www.youtube.com\/watch?v=oQWRCKO_1o0\">https:\/\/www.youtube.com\/watch?v=oQWRCKO_1o0<\/a><\/p>\n<p style=\"text-align: justify\">(2)\u00a0http:\/\/blogs.noticiasdenavarra.com\/prolibertatepatria\/2014\/11\/10\/10n-y-ahora-que\/<\/p>\n<p>\u00a0(3)\u00a0http:\/\/www.lavanguardia.com\/politica\/20140409\/54405633933\/herrero-minon-propone-reinterpretacion-constitucional-para-el-encaje-cataluna.html<\/p>\n<p>&nbsp;<\/p>\n","protected":false},"excerpt":{"rendered":"<p>Una Declaraci\u00f3n\u00a0 Unilateral de Independencia \u00a0\u00abcondenar\u00eda (a Catalunya) a vagar por el espacio sin reconocimiento y a quedar excluida de la Uni\u00f3n Europea por los siglos de los siglos\u00bb.\u00a0 Jos\u00e9 Manuel\u00a0Garc\u00eda-Margallo, ministro de exteriores espa\u00f1ol El espacio: la \u00faltima frontera. Estos son los viajes de la nave estelar \u00abCatalunya\u00bb, en una misi\u00f3n que durar\u00e1 cinco &hellip; <a href=\"https:\/\/blogs.noticiasdenavarra.com\/prolibertatepatria\/2015\/09\/25\/los-viajes-de-la-nave-estelar-catalunya\/\" class=\"more-link\">Sigue leyendo <span class=\"screen-reader-text\">Los viajes de la nave estelar, Catalunya<\/span><\/a><\/p>\n","protected":false},"author":80,"featured_media":0,"comment_status":"open","ping_status":"open","sticky":false,"template":"","format":"standard","meta":{"footnotes":""},"categories":[4],"tags":[],"class_list":["post-251","post","type-post","status-publish","format-standard","hentry","category-sin-categoria"],"_links":{"self":[{"href":"https:\/\/blogs.noticiasdenavarra.com\/prolibertatepatria\/wp-json\/wp\/v2\/posts\/251","targetHints":{"allow":["GET"]}}],"collection":[{"href":"https:\/\/blogs.noticiasdenavarra.com\/prolibertatepatria\/wp-json\/wp\/v2\/posts"}],"about":[{"href":"https:\/\/blogs.noticiasdenavarra.com\/prolibertatepatria\/wp-json\/wp\/v2\/types\/post"}],"author":[{"embeddable":true,"href":"https:\/\/blogs.noticiasdenavarra.com\/prolibertatepatria\/wp-json\/wp\/v2\/users\/80"}],"replies":[{"embeddable":true,"href":"https:\/\/blogs.noticiasdenavarra.com\/prolibertatepatria\/wp-json\/wp\/v2\/comments?post=251"}],"version-history":[{"count":10,"href":"https:\/\/blogs.noticiasdenavarra.com\/prolibertatepatria\/wp-json\/wp\/v2\/posts\/251\/revisions"}],"predecessor-version":[{"id":262,"href":"https:\/\/blogs.noticiasdenavarra.com\/prolibertatepatria\/wp-json\/wp\/v2\/posts\/251\/revisions\/262"}],"wp:attachment":[{"href":"https:\/\/blogs.noticiasdenavarra.com\/prolibertatepatria\/wp-json\/wp\/v2\/media?parent=251"}],"wp:term":[{"taxonomy":"category","embeddable":true,"href":"https:\/\/blogs.noticiasdenavarra.com\/prolibertatepatria\/wp-json\/wp\/v2\/categories?post=251"},{"taxonomy":"post_tag","embeddable":true,"href":"https:\/\/blogs.noticiasdenavarra.com\/prolibertatepatria\/wp-json\/wp\/v2\/tags?post=251"}],"curies":[{"name":"wp","href":"https:\/\/api.w.org\/{rel}","templated":true}]}}