{"id":237,"date":"2015-06-10T08:02:35","date_gmt":"2015-06-10T08:02:35","guid":{"rendered":"http:\/\/blogs.noticiasdenavarra.com\/prolibertatepatria\/?p=237"},"modified":"2015-06-10T15:24:13","modified_gmt":"2015-06-10T15:24:13","slug":"a-vueltas-con-la-segunda-vuelta","status":"publish","type":"post","link":"https:\/\/blogs.noticiasdenavarra.com\/prolibertatepatria\/2015\/06\/10\/a-vueltas-con-la-segunda-vuelta\/","title":{"rendered":"A vueltas con la segunda vuelta"},"content":{"rendered":"<p style=\"text-align: justify\">Suele ocurrir que cuando se pierde la capacidad para formar gobierno tras unas elecciones en vez de realizar una profunda autocr\u00edtica sobre las razones que te han llevado a perder el apoyo popular se tienda a criticar el sistema electoral. Es algo muy com\u00fan en todos los partidos.<br \/>\nTras las \u00faltimas elecciones municipales son el PP, y UPN quienes ahora cargan contra el sistema con argumentos de lo m\u00e1s variopintos que si los analizamos en profundidad vemos que no se sostienen demasiado.<\/p>\n<p style=\"text-align: justify\"><em>El argumento de la lista m\u00e1s votada<\/em><\/p>\n<p style=\"text-align: justify\">Creo que es importante resaltar que nuestro sistema no es presidencialista sino parlamentarista por lo que para elegir a un presidente\/alcalde, \u00e9ste debe tener el apoyo de la mayor\u00eda absoluta de parlamentarios\/concejales que componen la c\u00e1mara correspondiente. Ser la lista m\u00e1s votada para lo \u00fanico que te legitima es para ser t\u00fa el que lleve la primera intentona para formar gobierno. El aura de la lista m\u00e1s votada como mantra, y raz\u00f3n para gobernar est\u00e1 muy bien para levantar la moral de las huestes propias pero es muy poco razonable que, por ejemplo, un alcalde que tenga el 31% (UPN en Iru\u00f1a) gobierne seg\u00fan esa regla una ciudad en la que el 69% no le ha votado cuando adem\u00e1s hay una alternativa que s\u00ed suma dicha mayor\u00eda absoluta.<\/p>\n<p style=\"text-align: justify\">Con la cantidad de ayuntamientos que hay entiendo que exista la regla de que si no hay alternativa a la lista m\u00e1s votada, sea ella la que gobierne para darle cierta estabilidad, pero que sea ese el motivo \u00fanico para que gobierne <em>per se<\/em> me parece un fraude democr\u00e1tico.<\/p>\n<p style=\"text-align: justify\"><em>La doble vuelta<\/em><\/p>\n<p style=\"text-align: justify\">Paralelamente al argumento anterior viene el de \u201cen una 2\u00aa vuelta no pasar\u00edan estas cosas\u201d, y efectivamente tienen raz\u00f3n en parte. Como he dicho anteriormente estamos en un sistema parlamentarista y por tanto no hay posibilidad de una 2\u00aa vuelta en el sentido en el que se refieren los regionalistas. Para que ello fuera as\u00ed habr\u00eda que disociar las elecciones al Parlamento, y al Ejecutivo. Dicho sistema funciona en Francia, y muchos pa\u00edses, y desde un punto de vista democr\u00e1tico yo lo considero mejor al separar las elecciones para dos poderes diferentes, el Legislativo por un lado, y el Ejecutivo para el otro. La 2\u00aa vuelta tiene que ver en que si un candidato al Ejecutivo no consigue tener la mayor\u00eda absoluta en unas primeras elecciones pasar\u00e1n a un segundo corte las dos opciones m\u00e1s votadas, y entre ellas habr\u00e1 una votaci\u00f3n para elegir qui\u00e9n gobierna.<\/p>\n<p style=\"text-align: justify\"><em>\u00bfRealmente quiere UPN un sistema de doble vuelta?<\/em><\/p>\n<p style=\"text-align: justify\">Veamos la siguiente tabla con los resultados electorales en Navarra y Pamplona de las cuatro \u00faltimas veces que la ciudadan\u00eda navarra ha acudido a votar como muestra (UPN lleva gobernando desde 1996 pero como ejemplo vale). En ella he puesto los candidatos de las dos primeras fuerzas que se hubiesen enfrentado hipot\u00e9ticamente en una 2\u00aa vuelta al no obtener nadie la mayor\u00eda absoluta.<\/p>\n<p style=\"text-align: justify\"><a href=\"http:\/\/blogs.noticiasdenavarra.com\/prolibertatepatria\/files\/2015\/06\/elecciones1.jpg\"><img loading=\"lazy\" decoding=\"async\" class=\"alignleft size-full wp-image-245\" src=\"http:\/\/blogs.noticiasdenavarra.com\/prolibertatepatria\/files\/2015\/06\/elecciones1.jpg\" alt=\"elecciones\" width=\"948\" height=\"531\" srcset=\"https:\/\/blogs.noticiasdenavarra.com\/prolibertatepatria\/files\/2015\/06\/elecciones1.jpg 948w, https:\/\/blogs.noticiasdenavarra.com\/prolibertatepatria\/files\/2015\/06\/elecciones1-580x325.jpg 580w, https:\/\/blogs.noticiasdenavarra.com\/prolibertatepatria\/files\/2015\/06\/elecciones1-940x527.jpg 940w\" sizes=\"auto, (max-width: 948px) 100vw, 948px\" \/><\/a><\/p>\n<p style=\"text-align: justify\">\n<p>A partir de estos hechos voy a hacer la siguiente pregunta, y que cada cual se responda a s\u00ed mismo&#8230; \u00bfAlguien se puede creer que con esos resultados en la mano en una 2\u00aa vuelta los candidatos de UPN a la alcald\u00eda de Pamplona\/Iru\u00f1a y al Gobierno de Navarra hubieran gobernado ininterrumpidamente durante los \u00faltimos 12 a\u00f1os del ejemplo?, \u00bfy desde 1996?<br \/>\nYo desde luego no, y estoy convencido que en UPN tampoco. Por eso opino que su petici\u00f3n de una 2\u00aa vuelta electoral es m\u00e1s postureo pol\u00edtico que otra cosa que le sirve para intentar justificar ante los suyos su paso a la oposici\u00f3n.<\/p>\n<p style=\"text-align: justify\">Jos\u00e9 Antonio Beloqui<\/p>\n","protected":false},"excerpt":{"rendered":"<p>Suele ocurrir que cuando se pierde la capacidad para formar gobierno tras unas elecciones en vez de realizar una profunda autocr\u00edtica sobre las razones que te han llevado a perder el apoyo popular se tienda a criticar el sistema electoral. Es algo muy com\u00fan en todos los partidos. Tras las \u00faltimas elecciones municipales son el &hellip; <a href=\"https:\/\/blogs.noticiasdenavarra.com\/prolibertatepatria\/2015\/06\/10\/a-vueltas-con-la-segunda-vuelta\/\" class=\"more-link\">Sigue leyendo <span class=\"screen-reader-text\">A vueltas con la segunda vuelta<\/span><\/a><\/p>\n","protected":false},"author":80,"featured_media":0,"comment_status":"open","ping_status":"open","sticky":false,"template":"","format":"standard","meta":{"footnotes":""},"categories":[4],"tags":[],"class_list":["post-237","post","type-post","status-publish","format-standard","hentry","category-sin-categoria"],"_links":{"self":[{"href":"https:\/\/blogs.noticiasdenavarra.com\/prolibertatepatria\/wp-json\/wp\/v2\/posts\/237","targetHints":{"allow":["GET"]}}],"collection":[{"href":"https:\/\/blogs.noticiasdenavarra.com\/prolibertatepatria\/wp-json\/wp\/v2\/posts"}],"about":[{"href":"https:\/\/blogs.noticiasdenavarra.com\/prolibertatepatria\/wp-json\/wp\/v2\/types\/post"}],"author":[{"embeddable":true,"href":"https:\/\/blogs.noticiasdenavarra.com\/prolibertatepatria\/wp-json\/wp\/v2\/users\/80"}],"replies":[{"embeddable":true,"href":"https:\/\/blogs.noticiasdenavarra.com\/prolibertatepatria\/wp-json\/wp\/v2\/comments?post=237"}],"version-history":[{"count":7,"href":"https:\/\/blogs.noticiasdenavarra.com\/prolibertatepatria\/wp-json\/wp\/v2\/posts\/237\/revisions"}],"predecessor-version":[{"id":244,"href":"https:\/\/blogs.noticiasdenavarra.com\/prolibertatepatria\/wp-json\/wp\/v2\/posts\/237\/revisions\/244"}],"wp:attachment":[{"href":"https:\/\/blogs.noticiasdenavarra.com\/prolibertatepatria\/wp-json\/wp\/v2\/media?parent=237"}],"wp:term":[{"taxonomy":"category","embeddable":true,"href":"https:\/\/blogs.noticiasdenavarra.com\/prolibertatepatria\/wp-json\/wp\/v2\/categories?post=237"},{"taxonomy":"post_tag","embeddable":true,"href":"https:\/\/blogs.noticiasdenavarra.com\/prolibertatepatria\/wp-json\/wp\/v2\/tags?post=237"}],"curies":[{"name":"wp","href":"https:\/\/api.w.org\/{rel}","templated":true}]}}