{"id":210,"date":"2015-03-06T12:09:01","date_gmt":"2015-03-06T12:09:01","guid":{"rendered":"http:\/\/blogs.noticiasdenavarra.com\/prolibertatepatria\/?p=210"},"modified":"2015-03-06T16:04:30","modified_gmt":"2015-03-06T16:04:30","slug":"osasuna-cronica-de-un-forofo","status":"publish","type":"post","link":"https:\/\/blogs.noticiasdenavarra.com\/prolibertatepatria\/2015\/03\/06\/osasuna-cronica-de-un-forofo\/","title":{"rendered":"Osasuna, cr\u00f3nica de un forofo"},"content":{"rendered":"<p style=\"text-align: justify\"><a href=\"http:\/\/blogs.noticiasdenavarra.com\/prolibertatepatria\/files\/2015\/03\/Aloisi.jpg\"><img loading=\"lazy\" decoding=\"async\" class=\"alignleft wp-image-212\" style=\"margin-right: 20px\" title=\"Gol de Aloisi final de la Copa del Rey (Diario de Navarra)\" src=\"http:\/\/blogs.noticiasdenavarra.com\/prolibertatepatria\/files\/2015\/03\/Aloisi.jpg\" alt=\"Gol de Aloisi final de la Copa del Rey (Diario de Navarra)\" width=\"250\" height=\"167\" srcset=\"https:\/\/blogs.noticiasdenavarra.com\/prolibertatepatria\/files\/2015\/03\/Aloisi.jpg 990w, https:\/\/blogs.noticiasdenavarra.com\/prolibertatepatria\/files\/2015\/03\/Aloisi-580x387.jpg 580w, https:\/\/blogs.noticiasdenavarra.com\/prolibertatepatria\/files\/2015\/03\/Aloisi-940x627.jpg 940w\" sizes=\"auto, (max-width: 250px) 100vw, 250px\" \/><\/a>Nunca olvidar\u00e9 la primera vez que fui al Sadar. Ten\u00eda nueve a\u00f1os y me llevaron mis t\u00edos Eugenio y Paco, a los cuales agradezco que me ense\u00f1aran todo aquello, y que me llevaran al f\u00fatbol por primera vez. Guardo como un tesoro el recuerdo cuando fui ascendiendo por las escaleras de Preferente y c\u00f3mo el manto verde se agrandaba a mis pies a la par que el ruido de todo el estadio me dejaba helado. Una mezcla de ilusi\u00f3n, y sorpresa se conjuntaron inoculando un virus que por mucha vacuna de racionalidad que he intentado meterme con los a\u00f1os siempre estar\u00e1 ah\u00ed.<\/p>\n<p style=\"text-align: justify\">Perdimos, claro, no todo iba a ser perfecto. El Valencia nos meti\u00f3 un 0-1 y mis t\u00edos, ante mi cara de decepci\u00f3n me dijeron: \u00ab<em>es que esto es Osasuna\u00bb<\/em>. A partir de ah\u00ed me enganch\u00e9 al f\u00fatbol en general y los rojos en particular, y viv\u00eda las derrotas y victorias como algo sin comparaci\u00f3n. Osasunismo creo que lo llaman. No lo s\u00e9, lo \u00fanico que puedo decir es que este Club me llenaba, y que a pesar de nunca tener un duro y no meter un gol al Arco Iris la garra y pundonor nos salvaban. La rasmia, ese concepto tan navarro, era el santo y se\u00f1a y bajo \u00e9ste se ciment\u00f3 mi afici\u00f3n futbolera. Nunca grit\u00e9 tan alto como con el gol de Aloisi en aquella infausta tarde en el Calder\u00f3n, y nunca disfrut\u00e9\/sufr\u00ed tanto con aquel gol del divino Trzeciak al Recre. Sentimientos encontrados ante las pocas alegr\u00edas que nos han dado pero que cuando han llegado han tapado todos los sin sabores deportivos.<\/p>\n<p style=\"text-align: justify\">Hoy me han arrancado esa parte de cuajo. Dos presidentes y parte de sus juntas directivas, junto con el gerente desde hace 24 a\u00f1os est\u00e1n detenidos\u00a0por ama\u00f1ar partidos, y saqueos varios. \u00bfAma\u00f1ar partidos? \u00bfOsasuna? \u00bfTodo era mentira entonces? Me pinchan ahora y no me sale la sangre, porque una cosa es tener la sospecha, y otra verlo en directo con toda su podredumbre al aire.<\/p>\n<p style=\"text-align: justify\">Desde hace ya un tiempo el f\u00fatbol me estaba desencantando por estas sospechas, y por todos esos chanchullos de los clubes con las deudas a Hacienda, y casi me obligaba a no ver res\u00famenes ni nada de eso. No obstante siempre echaba un ojo a ver qu\u00e9 hac\u00edan los m\u00edos, cosas del virus que comentaba antes. Pero lo de hoy creo que marca un antes y un despu\u00e9s. Un crudo despertar para muchos que ten\u00edan\/ten\u00edamos una venda en los ojos. Podemos echar la culpa a otros, o podemos decir que la liga est\u00e1 podrida, que lo est\u00e1, y que otros lo hacen, y no dejar\u00e1n de tener raz\u00f3n. Pero que Osasuna sea el chivo expiatorio de todo este asunto no quita un \u00e1pice de culpa a lo hecho. Y para mi no sirve excusa.<\/p>\n<p style=\"text-align: justify\">No llevar\u00e9 a mi hija al Sadar despu\u00e9s de esto. No puedo decirle que lo que est\u00e1 viendo es mentira, que es como el pressing catch y que no juegan de verdad. Esto es lo que hab\u00e9is conseguido todos los que con vuestras acciones y omisiones hab\u00e9is llevado a un Club como \u00e9ste al abismo. Para todos vosotros, mi desprecio m\u00e1s absoluto.<\/p>\n<p style=\"text-align: justify\">Jos\u00e9 Antonio Beloqui<\/p>\n","protected":false},"excerpt":{"rendered":"<p>Nunca olvidar\u00e9 la primera vez que fui al Sadar. Ten\u00eda nueve a\u00f1os y me llevaron mis t\u00edos Eugenio y Paco, a los cuales agradezco que me ense\u00f1aran todo aquello, y que me llevaran al f\u00fatbol por primera vez. Guardo como un tesoro el recuerdo cuando fui ascendiendo por las escaleras de Preferente y c\u00f3mo el &hellip; <a href=\"https:\/\/blogs.noticiasdenavarra.com\/prolibertatepatria\/2015\/03\/06\/osasuna-cronica-de-un-forofo\/\" class=\"more-link\">Sigue leyendo <span class=\"screen-reader-text\">Osasuna, cr\u00f3nica de un forofo<\/span><\/a><\/p>\n","protected":false},"author":80,"featured_media":0,"comment_status":"open","ping_status":"open","sticky":false,"template":"","format":"standard","meta":{"footnotes":""},"categories":[4],"tags":[],"class_list":["post-210","post","type-post","status-publish","format-standard","hentry","category-sin-categoria"],"_links":{"self":[{"href":"https:\/\/blogs.noticiasdenavarra.com\/prolibertatepatria\/wp-json\/wp\/v2\/posts\/210","targetHints":{"allow":["GET"]}}],"collection":[{"href":"https:\/\/blogs.noticiasdenavarra.com\/prolibertatepatria\/wp-json\/wp\/v2\/posts"}],"about":[{"href":"https:\/\/blogs.noticiasdenavarra.com\/prolibertatepatria\/wp-json\/wp\/v2\/types\/post"}],"author":[{"embeddable":true,"href":"https:\/\/blogs.noticiasdenavarra.com\/prolibertatepatria\/wp-json\/wp\/v2\/users\/80"}],"replies":[{"embeddable":true,"href":"https:\/\/blogs.noticiasdenavarra.com\/prolibertatepatria\/wp-json\/wp\/v2\/comments?post=210"}],"version-history":[{"count":6,"href":"https:\/\/blogs.noticiasdenavarra.com\/prolibertatepatria\/wp-json\/wp\/v2\/posts\/210\/revisions"}],"predecessor-version":[{"id":217,"href":"https:\/\/blogs.noticiasdenavarra.com\/prolibertatepatria\/wp-json\/wp\/v2\/posts\/210\/revisions\/217"}],"wp:attachment":[{"href":"https:\/\/blogs.noticiasdenavarra.com\/prolibertatepatria\/wp-json\/wp\/v2\/media?parent=210"}],"wp:term":[{"taxonomy":"category","embeddable":true,"href":"https:\/\/blogs.noticiasdenavarra.com\/prolibertatepatria\/wp-json\/wp\/v2\/categories?post=210"},{"taxonomy":"post_tag","embeddable":true,"href":"https:\/\/blogs.noticiasdenavarra.com\/prolibertatepatria\/wp-json\/wp\/v2\/tags?post=210"}],"curies":[{"name":"wp","href":"https:\/\/api.w.org\/{rel}","templated":true}]}}