{"id":21,"date":"2013-08-28T14:38:41","date_gmt":"2013-08-28T14:38:41","guid":{"rendered":"http:\/\/blogs.noticiasdenavarra.com\/prolibertatepatria\/?p=21"},"modified":"2013-08-28T14:40:51","modified_gmt":"2013-08-28T14:40:51","slug":"la-necesaria-constitucion-foral-para-navarra","status":"publish","type":"post","link":"https:\/\/blogs.noticiasdenavarra.com\/prolibertatepatria\/2013\/08\/28\/la-necesaria-constitucion-foral-para-navarra\/","title":{"rendered":"La necesaria Constituci\u00f3n Foral para Navarra"},"content":{"rendered":"<p><i>\u201cLa\u00a0democracia\u00a0no es m\u00e1s que el gobierno de las masas, donde un 51% de la gente puede lanzar por la borda los derechos del otro 49%\u201d&#8211;Thomas Jefferson III Presidente de los EEUU.<\/i><\/p>\n<p><img loading=\"lazy\" decoding=\"async\" class=\"alignleft\" alt=\"\" src=\"http:\/\/blogs.noticiasdenavarra.com\/nafarherria\/files\/2012\/07\/Pase-foral2.jpg\" width=\"214\" height=\"226\" \/>Cualquier ciudadano de Navarra habr\u00e1 o\u00eddo hablar alguna vez acerca del Fuero, y nuestra forma de autogobierno cuyos or\u00edgenes se remonta siglos atr\u00e1s. Este sistema ha ido reduci\u00e9ndose a lo largo de la historia en contra de nuestra voluntad hasta el punto que casi todos los asuntos vitales que nos conciernen se toman lejos de nuestro \u00e1mbito. Los autores de este art\u00edculo creemos que los centros de decisi\u00f3n deben estar cerca de d\u00f3nde se aplican puesto que eso mejora su efectividad. Y por otro lado defendemos que si las competencias se delegan en una instancia superior, debe ser por voluntad propia, y no por imposici\u00f3n.<\/p>\n<p>Todo esto trasladado a nuestra comunidad nos lleva a pedir una revisi\u00f3n muy profunda del estatuto con el que nos regimos y dotarlo de las suficientes herramientas para tratar de ser menos dependientes y adaptarnos as\u00ed al mundo globalizado en el que vivimos. Por eso nuestra propuesta es reformar nuestro actual Amejoramiento y transformarlo en una Constituci\u00f3n que est\u00e9 asentada en el respeto a los derechos individuales de las personas, es decir, basado en el Fuero.<\/p>\n<p>No hay ning\u00fan derecho colectivo, destino universal o concepto parecido que configure un marco jur\u00eddico que est\u00e9 por encima de la voluntad de cada ciudadano de manera individual. Las naciones, los \u00e1mbitos de decisi\u00f3n, los estados o cualquier otro tipo de organizaci\u00f3n no tienen ninguna otra base jur\u00eddica que la suma de voluntades individuales. Es evidente que hay voluntades colectivas m\u00e1s propensas a creerse por encima de las individuales, el caso espa\u00f1ol es paradigm\u00e1tico al imponer la decisi\u00f3n de una supuesta colectividad nacional a la decisi\u00f3n de la suma mayoritaria de ciudadanos que componen la naci\u00f3n o una parte de ella. Similar postura a la de una determinada formaci\u00f3n pol\u00edtica vasca que se abroga para si la representaci\u00f3n de la totalidad del colectivo nacional vasco o a veces de su clase trabajadora.<\/p>\n<p>Los derechos colectivos, como tal, son una mentira que llevan directamente a la tiran\u00eda. No se trata de situar al individuo por encima de la colectividad, se trata de reconocer que la colectividad est\u00e1 al servicio del individuo y que \u00e9ste es libre de modificarla, cambiarla y adaptarla a sus propias necesidades. Las leyes son colectivas pero lo son en tanto en cuanto son fruto de las voluntades individuales, en el momento que dejan de serlo dejan de ser leg\u00edtimas. La Colectividad no tiene ni opini\u00f3n ni derechos. Es esta noci\u00f3n de libertad individual, y una radical concepci\u00f3n de la separaci\u00f3n de poderes la que tomaremos como base sobre la que construir nuestra propuesta de reforma de la actual LORAFNA, para convertirla en lo que era hasta 1841; la Constituci\u00f3n de un Estado.<\/p>\n<p>Somos conscientes que desde 1841 la sociedad ha avanzado mucho y por tanto no debemos caer en el purismo de los partidarios de la reintegraci\u00f3n foral plena quienes pretend\u00edan la reinstauraci\u00f3n de las instituciones del Reyno sin adaptarlas a la realidad social de su \u00e9poca, lo que provoc\u00f3 perder partidarios y que las tesis cuarentaiunistas, hoy incardinadas en UPN, saliesen triunfadoras. Por esta raz\u00f3n creemos que podemos usar ejemplos de pa\u00edses con una amplia tradici\u00f3n democr\u00e1tica, como EEUU, Francia, o Reino Unido, y fortalecer nuestras instituciones usando de cada sistema aquello que m\u00e1s nos pueda interesar adapt\u00e1ndolo a nuestros propios problemas, y necesidades.<\/p>\n<p>Problemas que est\u00e1n ahogando al ciudadano que ve c\u00f3mo en medio de una grav\u00edsima crisis econ\u00f3mico-pol\u00edtica quienes debieran llevar las riendas de la situaci\u00f3n est\u00e1n incapacitados para hacerlo. Podemos hacer lo de siempre, echar la culpa al de enfrente, en un cargante y est\u00e9ril \u201cy t\u00fa m\u00e1s\u201d o ir al meollo de la cuesti\u00f3n, y saber que esto ocurre porque el sistema Parlamentario y de Gobierno montado es la causa directa del desaguisado pol\u00edtico en el que nos encontramos. Dicho r\u00e9gimen, s\u00f3lo estable para sistemas bipartidistas, no sirve en una realidad pol\u00edtica como la de Navarra, donde como prueba m\u00e1s reciente tenemos los resultados de las \u00faltimas elecciones generales donde cada uno de los cinco parlamentarios elegidos fueron de partidos diferentes. Nuestra tierra es como es, plural e ideol\u00f3gicamente muy heterog\u00e9nea, y no como nos gustar\u00eda que fuese, por eso debemos dotarnos de unas reglas propias acordes a nuestras propias circunstancias.<\/p>\n<p>Necesitamos un cambio que haga gobernable nuestra comunidad, y a su vez refleje su pluralidad. En ese sentido consideramos que los tres poderes en los que toda democracia se asienta, legislativo, ejecutivo, y judicial, deben ser elegidos por separado en elecciones diferentes donde cada uno tenga perfectamente definido cuales son sus funciones, y que a su vez cumplan su misi\u00f3n de ejercer de contrapoder.<\/p>\n<p>En el Parlamento, o poder Legislativo, tienen que estar presentes de manera proporcional las ideolog\u00edas que actualmente hay en Navarra, debiendo, adem\u00e1s, compaginarlo con un sistema de listas abiertas. Una opci\u00f3n puede ser un m\u00e9todo mixto de circunscripciones peque\u00f1as con un candidato \u00fanico, m\u00e1s el voto en toda la comunidad al partido que se quiera y as\u00ed evitar que un \u00fanico partido obtenga toda la representaci\u00f3n. Otra opci\u00f3n es tener en cuenta a la merindad como distrito electoral, con una elecci\u00f3n similar a la del Senado. Consideramos tambi\u00e9n que la ciudadan\u00eda debe tener la posibilidad de participar activamente, y por eso consideramos razonable que las Iniciativas Legislativas Populares deban de ser reforzadas. Las ILP normalmente son sobre cuestiones muy concretas por lo que si se alcanza el tanto por ciento necesario para llevarlas adelante, el organismo correspondiente tendr\u00eda la obligaci\u00f3n de someterla a refer\u00e9ndum.<\/p>\n<p>Para el Gobierno, o poder Ejecutivo, proponemos dos opciones para elegir Presidente, y Vicepresidente. Una elecci\u00f3n a doble vuelta a circunscripci\u00f3n \u00fanica donde pasar\u00edan a esa segunda ronda los dos primeros candidatos en el caso de que no haya superado nadie el 50% de los votos (Francia), o una elecci\u00f3n \u00fanica por votos electorales por merindad (su n\u00famero depender\u00eda de la poblaci\u00f3n) en el que el vencedor se llevar\u00eda todos los votos de dicha circunscripci\u00f3n. De esta forma el candidato elegido tendr\u00eda que tener una pol\u00edtica territorial equilibrada, y se evitar\u00edan desigualdades (EEUU).<\/p>\n<p>Para el Poder Judicial, s\u00f3lo existir\u00e1n tribunales ordinarios, siendo el Tribunal Superior de Navarra la \u00faltima instancia a la que se podr\u00e1 apelar, lo que garantizar\u00e1 que cualquier ciudadano navarro ser\u00e1 juzgado en base a las leyes del pa\u00eds. Adem\u00e1s tendr\u00eda la voz \u00faltima de interpretar la Constituci\u00f3n, sin necesidad de crear un tribunal espec\u00edfico para ello. Para su gobierno proponemos que sean los propios jueces quienes elijan entre ellos quienes deben llevar esa tarea as\u00ed como seleccionar a quienes van formar parte del Tribunal Superior. Tambi\u00e9n nos parece interesante que la elecci\u00f3n del Fiscal General de Navarra fuera por elecci\u00f3n popular, tal y como ocurre con los fiscales generales estatales en EEUU, garantizando de esa manera que la iniciativa de la justicia no va a depender de un cargo elegido por el gobierno como en la actualidad.<\/p>\n<p>Como se ve con estos peque\u00f1os retazos hay alternativas a la actual m\u00e1s efectivas. S\u00f3lo hace falta voluntad pol\u00edtica para llevarlas a cabo. Urge hacerlo.<\/p>\n<p><em>Jos\u00e9 Antonio Beloqui Colomo<\/em><\/p>\n<p><em>I\u00f1aki M\u00e9ndez<\/em><\/p>\n","protected":false},"excerpt":{"rendered":"<p>\u201cLa\u00a0democracia\u00a0no es m\u00e1s que el gobierno de las masas, donde un 51% de la gente puede lanzar por la borda los derechos del otro 49%\u201d&#8211;Thomas Jefferson III Presidente de los EEUU. Cualquier ciudadano de Navarra habr\u00e1 o\u00eddo hablar alguna vez acerca del Fuero, y nuestra forma de autogobierno cuyos or\u00edgenes se remonta siglos atr\u00e1s. Este &hellip; <a href=\"https:\/\/blogs.noticiasdenavarra.com\/prolibertatepatria\/2013\/08\/28\/la-necesaria-constitucion-foral-para-navarra\/\" class=\"more-link\">Sigue leyendo <span class=\"screen-reader-text\">La necesaria Constituci\u00f3n Foral para Navarra<\/span><\/a><\/p>\n","protected":false},"author":80,"featured_media":0,"comment_status":"open","ping_status":"open","sticky":false,"template":"","format":"standard","meta":{"footnotes":""},"categories":[4],"tags":[],"class_list":["post-21","post","type-post","status-publish","format-standard","hentry","category-sin-categoria"],"_links":{"self":[{"href":"https:\/\/blogs.noticiasdenavarra.com\/prolibertatepatria\/wp-json\/wp\/v2\/posts\/21","targetHints":{"allow":["GET"]}}],"collection":[{"href":"https:\/\/blogs.noticiasdenavarra.com\/prolibertatepatria\/wp-json\/wp\/v2\/posts"}],"about":[{"href":"https:\/\/blogs.noticiasdenavarra.com\/prolibertatepatria\/wp-json\/wp\/v2\/types\/post"}],"author":[{"embeddable":true,"href":"https:\/\/blogs.noticiasdenavarra.com\/prolibertatepatria\/wp-json\/wp\/v2\/users\/80"}],"replies":[{"embeddable":true,"href":"https:\/\/blogs.noticiasdenavarra.com\/prolibertatepatria\/wp-json\/wp\/v2\/comments?post=21"}],"version-history":[{"count":10,"href":"https:\/\/blogs.noticiasdenavarra.com\/prolibertatepatria\/wp-json\/wp\/v2\/posts\/21\/revisions"}],"predecessor-version":[{"id":30,"href":"https:\/\/blogs.noticiasdenavarra.com\/prolibertatepatria\/wp-json\/wp\/v2\/posts\/21\/revisions\/30"}],"wp:attachment":[{"href":"https:\/\/blogs.noticiasdenavarra.com\/prolibertatepatria\/wp-json\/wp\/v2\/media?parent=21"}],"wp:term":[{"taxonomy":"category","embeddable":true,"href":"https:\/\/blogs.noticiasdenavarra.com\/prolibertatepatria\/wp-json\/wp\/v2\/categories?post=21"},{"taxonomy":"post_tag","embeddable":true,"href":"https:\/\/blogs.noticiasdenavarra.com\/prolibertatepatria\/wp-json\/wp\/v2\/tags?post=21"}],"curies":[{"name":"wp","href":"https:\/\/api.w.org\/{rel}","templated":true}]}}