{"id":201,"date":"2015-01-28T16:09:22","date_gmt":"2015-01-28T16:09:22","guid":{"rendered":"http:\/\/blogs.noticiasdenavarra.com\/prolibertatepatria\/?p=201"},"modified":"2015-01-28T16:09:22","modified_gmt":"2015-01-28T16:09:22","slug":"reflexion-acerca-del-manifiesto-foral","status":"publish","type":"post","link":"https:\/\/blogs.noticiasdenavarra.com\/prolibertatepatria\/2015\/01\/28\/reflexion-acerca-del-manifiesto-foral\/","title":{"rendered":"Reflexi\u00f3n acerca del Manifiesto Foral"},"content":{"rendered":"<p style=\"text-align: justify\"><a href=\"http:\/\/blogs.noticiasdenavarra.com\/prolibertatepatria\/files\/2015\/01\/Fuero-JM.jpg\"><img loading=\"lazy\" decoding=\"async\" class=\"alignleft wp-image-203\" style=\"margin-right: 20px\" src=\"http:\/\/blogs.noticiasdenavarra.com\/prolibertatepatria\/files\/2015\/01\/Fuero-JM.jpg\" alt=\"Fuero JM\" width=\"250\" height=\"387\" \/><\/a>Un mail llega a la bandeja de entrada: tengo un MD en twitter. Entro a twitter mientras me preparo un caf\u00e9 ma\u00f1anero. Asoma un \u201c1\u201d en el buz\u00f3n. Es un mensaje escueto (140 caracteres no da para mucho) que dice as\u00ed: \u201cEstamos preparando un Manifiesto en defensa del Fuero. \u00bfTe apuntas?\u201d<\/p>\n<p style=\"text-align: justify\">No necesitaba mucho m\u00e1s: Montoro, el PP madrile\u00f1o, el Tribunal Constitucional, UPyD\u2026 estaban criticando, incluso atacando, el sistema Foral que durante tantos a\u00f1os ha caracterizado a Navarra. D\u00edas y d\u00edas escuchando y leyendo barbaridades sobre lo que estimaban que es el Fuero demostraban un preocupante desconocimiento de qu\u00e9 es y en qu\u00e9 consiste. D\u00edas protestando en las redes sociales de la actitud de quienes lo acusan de injusto, de privilegio, de tantas y tantas cosas tan falsas como retorcidas intencionadamente y por fin alguien me dec\u00eda que un grupo de personas se estaban moviendo para emitir un Manifiesto en el cual se defender\u00eda nuestro sistema Foral de dichos ataques, ataques que si bien pod\u00edan ser verbales (caso del PP madrile\u00f1o o UPyD) ya comenzaban a arreciar por parte del propio Tribunal Constitucional (sentencia del 26\/06\/2014 dice \u201c\u2026el sistema tributario que establezca la Comunidad Foral de Navarra deber\u00e1 ser reflejo del estatal\u2026\u201d donde se anula todo rastro de autogobierno y de pacto entre las partes del que est\u00e1 regala la LORAFNA y el Fuero Navarro; o la sentencia de 26\/04\/2014 que dice que \u201cno constituye un t\u00edtulo competencial aut\u00f3nomo del que puedan deducirse especiales competencias\u2026y que dee entenderse e interpretarse conjuntamente con el art\u00edculo 133 CE\u201d donde degrada la Disposici\u00f3n primera de la propia Constituci\u00f3n y deval\u00faa el Convenio Econ\u00f3mico pactado entre Estado y Navarra, en la que el Tribunal Constitucional sentencia contra la propia Constituci\u00f3n que ha de defender)<\/p>\n<p style=\"text-align: justify\">Durante los d\u00edas que fueron desde que recib\u00ed el MD hasta que por fin vio la luz el Manifiesto pensaba que por fin l@s navarr@s \u00edbamos a tener algo en com\u00fan que defender, algo que nos hiciera ver m\u00e1s all\u00e1 de posicionamientos pol\u00edticos, de siglas interesadas, de manifestaciones cargadas de desprop\u00f3sitos, de una lucha constante entre partidos. Algo que iba a hacer que todos tuvi\u00e9ramos un punto com\u00fan que defender, que situara nuestra condici\u00f3n de navarr@s por encima de intereses personales y partidistas. Por fin \u00edbamos a ir todos a una en defensa de algo que nos une a todos.<\/p>\n<p style=\"text-align: justify\">En momentos puntuales so\u00f1aba con una forma de Gamazada del siglo XXI, en la cual ni Yolanda Barcina iba a hablar como UPN, ni Bakartxo Ruiz como E.H.Bildu, ni Jos\u00e9 Miguel Nuin como I-E\u2026ning\u00fan representante pol\u00edtico iba a hablar desde sus siglas, sino como ciudadanos de Navarra. Era el momento, Navarra necesitaba de una uni\u00f3n como hac\u00eda m\u00e1s de un siglo que no se ve\u00eda en nuestra Comunidad Foral.<\/p>\n<p style=\"text-align: justify\">Pasaron los d\u00edas y por fin el Manifiesto Foral vio la luz. Era un folio. Nada m\u00e1s. No hab\u00eda florituras, ni posicionamientos pol\u00edticos, no hab\u00eda intereses partidistas: tan s\u00f3lo hab\u00eda Navarra. Hab\u00eda tardado pero los redactores del Manifiesto (Jos\u00e9 Antonio Beloqui, Eneko Abal y Carlos Aitor Yuste) lo hab\u00edan conseguido.<\/p>\n<p style=\"text-align: justify\">Entusiasmado, vi como aparec\u00eda en la red. Y no s\u00f3lo iba a aparecer en la red sino que tambi\u00e9n iban a salir a la calle para informar sobre qu\u00e9 dec\u00eda el Manifiesto y recoger firmas. Lo mismo \u00edbamos a pedir a familiares y amigos: firmas. Twitter se levantar\u00eda en apoyo del Manifiesto Foral.<\/p>\n<p style=\"text-align: justify\">Pero a medida que pasaban los d\u00edas en vez de recibir apoyos masivos se recibieron apoyos y cr\u00edticas feroces bajo unas mismas excusas:\u00a0 \u201ces un Manifiesto nacionalista\u201d, \u201cJos\u00e9 Antonio Beloqui es del PNV\u201d, \u201clo firma Pernando Barrena\u201d. Esos eran los motivos que esgrimen aquellas personas contrarias al Manifiesto, cr\u00edticas a personas que lo firman y apoyan pero no al propio texto del cual nunca han dicho nada ni de forma positiva ni negativa, ni diciendo qu\u00e9 modificar\u00edan para apoyarlo ni qu\u00e9 p\u00e1rrafo o frase les parece mal. Nada.<\/p>\n<p style=\"text-align: justify\">En ese mismo momento comenzaba una cruzada dif\u00edcil pero necesaria: hab\u00eda que demostrar que todo lo anterior no era cierto. El Manifiesto no lo hab\u00eda creado ning\u00fan partido, no lo firmaba ning\u00fan partido, las firmas eran de navarr@s que defienden al nacionalismo y tambi\u00e9n defensores a ultranza de una Navarra no nacionalista que no quieren una anexi\u00f3n al Pa\u00eds Vasco, gente perteneciente a partidos pol\u00edticos y votantes de todas las fuerzas del arco parlamentario. No se ve\u00eda ning\u00fan tipo de intencionalidad pol\u00edtica m\u00e1s all\u00e1 de la defensa de los Fueros. Los creadores lo ten\u00edan tan claro como lo tienen ahora: es un Manifiesto al que adherirse pero del que ning\u00fan partido se iba a apropiar.<\/p>\n<p style=\"text-align: justify\">A medida que pasaba el tiempo han sido ayuntamientos los que se han adherido, ayuntamientos en donde todos los partidos han sabido ver m\u00e1s all\u00e1 de las siglas a las que representan. Poco a poco ha ido obteniendo el reconocimiento de Manifiesto que nos une a tod@s y como tal lo han apoyado en sus plenos. No se han parado a ver firmantes, sino el contenido del mismo. Lo realmente importante y por lo que el Manifiesto vio la luz.<\/p>\n<p style=\"text-align: justify\">Obviamente no comparto la ideolog\u00eda de las siglas de alguno de los firmantes. Pero esta vez no hay siglas, sino apoyos de ciudadanos. Ciudadanos que luego pertenecer\u00e1n a uno u otro partido. Solo que esta vez no existen grupos pol\u00edticos: tan solo ciudadanos firmantes que aspiran a defender el Fuero. Y como tal yo soy uno de esos firmantes.<\/p>\n<p style=\"text-align: justify\">@Jose_Miguel_78<\/p>\n","protected":false},"excerpt":{"rendered":"<p>Un mail llega a la bandeja de entrada: tengo un MD en twitter. Entro a twitter mientras me preparo un caf\u00e9 ma\u00f1anero. Asoma un \u201c1\u201d en el buz\u00f3n. Es un mensaje escueto (140 caracteres no da para mucho) que dice as\u00ed: \u201cEstamos preparando un Manifiesto en defensa del Fuero. \u00bfTe apuntas?\u201d No necesitaba mucho m\u00e1s: &hellip; <a href=\"https:\/\/blogs.noticiasdenavarra.com\/prolibertatepatria\/2015\/01\/28\/reflexion-acerca-del-manifiesto-foral\/\" class=\"more-link\">Sigue leyendo <span class=\"screen-reader-text\">Reflexi\u00f3n acerca del Manifiesto Foral<\/span><\/a><\/p>\n","protected":false},"author":80,"featured_media":0,"comment_status":"open","ping_status":"open","sticky":false,"template":"","format":"standard","meta":{"footnotes":""},"categories":[4],"tags":[],"class_list":["post-201","post","type-post","status-publish","format-standard","hentry","category-sin-categoria"],"_links":{"self":[{"href":"https:\/\/blogs.noticiasdenavarra.com\/prolibertatepatria\/wp-json\/wp\/v2\/posts\/201","targetHints":{"allow":["GET"]}}],"collection":[{"href":"https:\/\/blogs.noticiasdenavarra.com\/prolibertatepatria\/wp-json\/wp\/v2\/posts"}],"about":[{"href":"https:\/\/blogs.noticiasdenavarra.com\/prolibertatepatria\/wp-json\/wp\/v2\/types\/post"}],"author":[{"embeddable":true,"href":"https:\/\/blogs.noticiasdenavarra.com\/prolibertatepatria\/wp-json\/wp\/v2\/users\/80"}],"replies":[{"embeddable":true,"href":"https:\/\/blogs.noticiasdenavarra.com\/prolibertatepatria\/wp-json\/wp\/v2\/comments?post=201"}],"version-history":[{"count":4,"href":"https:\/\/blogs.noticiasdenavarra.com\/prolibertatepatria\/wp-json\/wp\/v2\/posts\/201\/revisions"}],"predecessor-version":[{"id":206,"href":"https:\/\/blogs.noticiasdenavarra.com\/prolibertatepatria\/wp-json\/wp\/v2\/posts\/201\/revisions\/206"}],"wp:attachment":[{"href":"https:\/\/blogs.noticiasdenavarra.com\/prolibertatepatria\/wp-json\/wp\/v2\/media?parent=201"}],"wp:term":[{"taxonomy":"category","embeddable":true,"href":"https:\/\/blogs.noticiasdenavarra.com\/prolibertatepatria\/wp-json\/wp\/v2\/categories?post=201"},{"taxonomy":"post_tag","embeddable":true,"href":"https:\/\/blogs.noticiasdenavarra.com\/prolibertatepatria\/wp-json\/wp\/v2\/tags?post=201"}],"curies":[{"name":"wp","href":"https:\/\/api.w.org\/{rel}","templated":true}]}}