{"id":191,"date":"2015-01-28T15:50:58","date_gmt":"2015-01-28T15:50:58","guid":{"rendered":"http:\/\/blogs.noticiasdenavarra.com\/prolibertatepatria\/?p=191"},"modified":"2015-01-28T15:50:58","modified_gmt":"2015-01-28T15:50:58","slug":"la-ikurrina-en-navarra","status":"publish","type":"post","link":"https:\/\/blogs.noticiasdenavarra.com\/prolibertatepatria\/2015\/01\/28\/la-ikurrina-en-navarra\/","title":{"rendered":"La Ikurri\u00f1a en Navarra"},"content":{"rendered":"<p style=\"text-align: justify\"><a href=\"http:\/\/blogs.noticiasdenavarra.com\/prolibertatepatria\/files\/2015\/01\/ikurrina.jpg\"><img loading=\"lazy\" decoding=\"async\" class=\"alignleft wp-image-194\" style=\"margin-right: 20px\" src=\"http:\/\/blogs.noticiasdenavarra.com\/prolibertatepatria\/files\/2015\/01\/ikurrina.jpg\" alt=\"Ikurri\u00f1a en Atarrabia\" width=\"250\" height=\"181\" srcset=\"https:\/\/blogs.noticiasdenavarra.com\/prolibertatepatria\/files\/2015\/01\/ikurrina.jpg 700w, https:\/\/blogs.noticiasdenavarra.com\/prolibertatepatria\/files\/2015\/01\/ikurrina-580x420.jpg 580w\" sizes=\"auto, (max-width: 250px) 100vw, 250px\" \/><\/a>El otro d\u00eda el Parlamento Foral neg\u00f3 que se admitiera a tr\u00e1mite una ILP avalada con 9.000 firmas que pretend\u00eda cambiar la actual Ley de S\u00edmbolos que rige la Comunidad Foral. Como ya viene siendo habitual en un tema tan sensible enseguida se polariz\u00f3 el discurso bas\u00e1ndose casi siempre en los ya tradicionales mantras de <em>imposici\u00f3n, bandera ajena a Navarra, quer\u00e9is cambiar la bandera roja por la Ikurri\u00f1a, etc&#8230;<\/em><\/p>\n<p style=\"text-align: justify\">Me gustar\u00eda aportar mi visi\u00f3n como parte que soy de esa minor\u00eda que ve relegado su s\u00edmbolo que le identifica. Este tema yo lo encuadro en dos planos:<\/p>\n<p style=\"text-align: justify\"><em>\u00bfSe debe permitir poner la Ikurri\u00f1a en los ayuntamientos que quieran hacerlo? <\/em><\/p>\n<p style=\"text-align: justify\">En mi opini\u00f3n s\u00ed, y es que cuando se pretende cambiar la Ley de S\u00edmbolos de lo que se trata es de admitir la pluralidad de esta tierra permitiendo izar la Ikurri\u00f1a en el ayuntamiento que voluntariamente haya querido. Con esto nadie est\u00e1 cuestionando qui\u00e9n ostenta la mayor\u00eda social en Navarra, ni tratando de imponer nada, pero aunque los que pensamos diferente somos minor\u00eda tambi\u00e9n estamos en las Instituciones (que son de todos), y somos una parte importante de la sociedad. Ser\u00eda positivo que nuestro s\u00edmbolo ondeara junto con el resto de banderas oficiales en aquellas localidades donde el pueblo de turno s\u00ed quiera que est\u00e9. Y lo ser\u00eda porque para m\u00ed las leyes son normas de convivencia que pueden tener ese fin o bien pueden actuar como algo que tensione a la sociedad. Legislar para que una minor\u00eda se vea continuamente relegada en su simbolog\u00eda no me parece que sea ir en favor de la convivencia.<\/p>\n<p style=\"text-align: justify\">Se puede argumentar contra esto que si ponemos la Ikurri\u00f1a, \u00bfpor qu\u00e9 no poner la de cualquier otra minor\u00eda que haya en Navarra?, y podemos reducir al absurdo ese discurso hasta comparar con querer poner la bandera de los Iron Maiden si hay algunos que lo quieran. Bien ante esto yo contesto con que debe de ser por lo menos una minor\u00eda cualificada. \u00bfD\u00f3nde ponemos el l\u00edmite a esa minor\u00eda? La respuesta podr\u00eda ser larga, y el debate interesante pero yo entiendo que un bloque social que tiene, a d\u00eda de hoy, 15 parlamentarios de 50 en el Parlamento Foral supera con creces cualquier m\u00ednimo que se quiera establecer.<\/p>\n<p style=\"text-align: justify\">Finalmente, la Ikurri\u00f1a no es una bandera ajena a Navarra por la simple raz\u00f3n que pr\u00e1cticamente una tercera parte de su poblaci\u00f3n, tan navarra como cualquier otra, la sienten como propia.<\/p>\n<p style=\"text-align: justify\"><em>\u00bfDebe la Ikurri\u00f1a sustituir a la actual como bandera oficial de Navarra?<\/em><\/p>\n<p style=\"text-align: justify\">Rotundamente no, pero es que nadie ha propuesto sustituir una por otra. La bandera oficial de Navarra, hecha entre otros por el jeltzale Arturo Campi\u00f3n, es la que es, y es la que actualmente representa a todos los navarros y navarras. \u00bfQue dicha bandera puede cambiar su dise\u00f1o? Pues por supuesto que s\u00ed, y la prueba est\u00e1 en que a lo largo de la historia de Navarra su bandera ha sido interpretada con corona, sin corona, con carbunclo, con bandas de oro, pomelado, con cadenas, etc.<\/p>\n<p style=\"text-align: justify\"><em>Conclusi\u00f3n<\/em><\/p>\n<p style=\"text-align: justify\">El debate de las banderas es muy viejo, y tambi\u00e9n muy oportuno, porque si se focaliza, como se ha hecho hasta ahora, nadie saldr\u00e1 de sus respectivas trincheras identitarias, y el problema seguir\u00e1 enquistado. Porque aqu\u00ed nadie va a renunciar a su identidad, y sus s\u00edmbolos, y es absolutamente l\u00f3gico que as\u00ed sea. Pero es nuestra responsabilidad elegir qu\u00e9 tipo de sociedad queremos. Una que est\u00e9 continuamente enfrentada, o tratar de mejorar la convivencia en una comunidad de personas tan peque\u00f1a como la nuestra. No es f\u00e1cil esta tarea despu\u00e9s de la inmensa sima social que cincuenta a\u00f1os de terrorismo han abierto, pero creo que no debemos cejar de buscar el camino para resta\u00f1arla.<\/p>\n<p style=\"text-align: justify\">Un punto de partida puede ser buscar aquello que s\u00ed nos une como sociedad, y es nuestra ancestral tradici\u00f3n jur\u00eddico-pol\u00edtica propia, es decir, nuestro Fuero, nuestra manera de autogobernarnos. Est\u00e1 claro que no todos tenemos la misma visi\u00f3n, ni proyecto para Navarra, como es l\u00f3gico en una democracia, pero debemos buscar un punto com\u00fan para defender lo que tenemos hoy, y que supone la base para construir nuestro futuro en libertad y desde nuestra propias instituciones.<\/p>\n<p style=\"text-align: justify\">Porque mientras permanezcamos distra\u00eddos con esta est\u00e9ril guerra de banderas somos fr\u00e1giles como sociedad. Y estamos muy d\u00e9biles en una situaci\u00f3n cr\u00edtica para Navarra en la que desde las Instituciones Centrales del Estado se siega por los pies el Sistema Foral de Navarra.<\/p>\n<p style=\"text-align: justify\">Jos\u00e9 Antonio Beloqui<\/p>\n","protected":false},"excerpt":{"rendered":"<p>El otro d\u00eda el Parlamento Foral neg\u00f3 que se admitiera a tr\u00e1mite una ILP avalada con 9.000 firmas que pretend\u00eda cambiar la actual Ley de S\u00edmbolos que rige la Comunidad Foral. Como ya viene siendo habitual en un tema tan sensible enseguida se polariz\u00f3 el discurso bas\u00e1ndose casi siempre en los ya tradicionales mantras de &hellip; <a href=\"https:\/\/blogs.noticiasdenavarra.com\/prolibertatepatria\/2015\/01\/28\/la-ikurrina-en-navarra\/\" class=\"more-link\">Sigue leyendo <span class=\"screen-reader-text\">La Ikurri\u00f1a en Navarra<\/span><\/a><\/p>\n","protected":false},"author":80,"featured_media":0,"comment_status":"open","ping_status":"open","sticky":false,"template":"","format":"standard","meta":{"footnotes":""},"categories":[4],"tags":[],"class_list":["post-191","post","type-post","status-publish","format-standard","hentry","category-sin-categoria"],"_links":{"self":[{"href":"https:\/\/blogs.noticiasdenavarra.com\/prolibertatepatria\/wp-json\/wp\/v2\/posts\/191","targetHints":{"allow":["GET"]}}],"collection":[{"href":"https:\/\/blogs.noticiasdenavarra.com\/prolibertatepatria\/wp-json\/wp\/v2\/posts"}],"about":[{"href":"https:\/\/blogs.noticiasdenavarra.com\/prolibertatepatria\/wp-json\/wp\/v2\/types\/post"}],"author":[{"embeddable":true,"href":"https:\/\/blogs.noticiasdenavarra.com\/prolibertatepatria\/wp-json\/wp\/v2\/users\/80"}],"replies":[{"embeddable":true,"href":"https:\/\/blogs.noticiasdenavarra.com\/prolibertatepatria\/wp-json\/wp\/v2\/comments?post=191"}],"version-history":[{"count":8,"href":"https:\/\/blogs.noticiasdenavarra.com\/prolibertatepatria\/wp-json\/wp\/v2\/posts\/191\/revisions"}],"predecessor-version":[{"id":200,"href":"https:\/\/blogs.noticiasdenavarra.com\/prolibertatepatria\/wp-json\/wp\/v2\/posts\/191\/revisions\/200"}],"wp:attachment":[{"href":"https:\/\/blogs.noticiasdenavarra.com\/prolibertatepatria\/wp-json\/wp\/v2\/media?parent=191"}],"wp:term":[{"taxonomy":"category","embeddable":true,"href":"https:\/\/blogs.noticiasdenavarra.com\/prolibertatepatria\/wp-json\/wp\/v2\/categories?post=191"},{"taxonomy":"post_tag","embeddable":true,"href":"https:\/\/blogs.noticiasdenavarra.com\/prolibertatepatria\/wp-json\/wp\/v2\/tags?post=191"}],"curies":[{"name":"wp","href":"https:\/\/api.w.org\/{rel}","templated":true}]}}