{"id":168,"date":"2014-11-24T09:45:28","date_gmt":"2014-11-24T09:45:28","guid":{"rendered":"http:\/\/blogs.noticiasdenavarra.com\/prolibertatepatria\/?p=168"},"modified":"2014-11-24T09:53:22","modified_gmt":"2014-11-24T09:53:22","slug":"la-crisis-de-libia-en-el-contexto-regional","status":"publish","type":"post","link":"https:\/\/blogs.noticiasdenavarra.com\/prolibertatepatria\/2014\/11\/24\/la-crisis-de-libia-en-el-contexto-regional\/","title":{"rendered":"LA CRISIS DE LIBIA EN EL CONTEXTO REGIONAL"},"content":{"rendered":"<p style=\"text-align: justify\">Desde Febrero a Noviembre de 2011 tuvo lugar en Libia un conflicto enmarcado en las Primaveras \u00c1rabes que ha tenido y sigue teniendo repercusiones en todo el norte de \u00c1frica y Oriente Medio. Dicho esto no me extender\u00e9 mucho hablando de la Guerra Civil Libia porque es un tema conocido, sino que me centrar\u00e9 en las consecuencias que est\u00e1 teniendo dicho conflicto armado.<\/p>\n<p style=\"text-align: justify\">Ya durante, y sobre todo despu\u00e9s, de la ca\u00edda de Tr\u00edpoli y los \u00faltimos reductos gadafistas en el interior de Libia, las milicias afines al Consejo Nacional de Transici\u00f3n (CNT) se prodigaron en una caza humana de minor\u00edas \u00e9tnicas. Acusaban a \u00e9stas de componer milicias y grupos mercenarios que apoyaban a Gadafi, y bas\u00e1ndose en eso la poblaci\u00f3n, mayoritariamente negra, de la ciudad de Tawergha (situada cerca de Misrata) as\u00ed como miles de inmigrantes, tambi\u00e9n negros, de pa\u00edses vecinos que viv\u00edan en Libia fueron escarnecidos, torturados y en bastantes casos asesinados y lanzados a fosas comunes ante la pasividad de los gobiernos que hab\u00edan apoyado a la CNT y de las organizaciones de derechos humanos.<\/p>\n<p style=\"text-align: justify\"><a href=\"http:\/\/blogs.noticiasdenavarra.com\/prolibertatepatria\/files\/2014\/11\/Libia01.jpg\"><img loading=\"lazy\" decoding=\"async\" class=\"alignleft size-full wp-image-173\" src=\"http:\/\/blogs.noticiasdenavarra.com\/prolibertatepatria\/files\/2014\/11\/Libia01.jpg\" alt=\"Libia01\" width=\"600\" height=\"520\" \/><\/a><\/p>\n<p style=\"text-align: justify\">La minor\u00eda Tuareg que habita en la regi\u00f3n de Fezzan, ante la ca\u00edda de Gadafi cogi\u00f3 los pertrechos militares de las bases militares libias a las que tuvo acceso y atravesando el desierto por N\u00edger y\/o Argelia llegaron a la regi\u00f3n de Azawad en el norte de Mali donde el movimiento independentista nucleado en torno al MLNA agitaba pol\u00edticamente la zona tras los reiterados incumplimientos por parte de los gobiernos de Mali y N\u00edger de los acuerdos que pon\u00edan fin a las sublevaciones tuareg de los a\u00f1os 60, 90 y de la primera d\u00e9cada de este siglo. As\u00ed pues el MLNA, a mediados de enero de 2012, lanz\u00f3 una ofensiva militar que en el plazo de tres meses conquist\u00f3 la totalidad de Azawad ante el desmoronamiento del ejercito maliense. Esto caus\u00f3 la destituci\u00f3n de su presidente por parte de los militares semanas antes de celebrarse unas elecciones a las que \u00e9ste no iba a concurrir.<\/p>\n<p>Mientras el caos pol\u00edtico se extend\u00eda por Mali, una milicia islamista Tuareg llamada \u00c1nsar Dine, que junto con AQMI y el Mujao hab\u00eda ayudado al MNLA a tomar la pr\u00e1ctica totalidad de Azawad, se opuso a la declaraci\u00f3n de independencia de la misma que tuvo lugar a mediados de Abril a instancias del MLNA y exigi\u00f3 que continuase la campa\u00f1a militar tuareg para tomar la totalidad de Mali e instaurar un estado isl\u00e1mico regido por la Sharia. Las disensiones entre el MLNA y \u00c1nsar Dine no tardaron a llegar y los segundos junto a AQMI y Mujao lanzaron una ofensiva militar contra las posiciones del MLNA a la que derrotaron r\u00e1pidamente.<\/p>\n<p style=\"text-align: justify\">Una vez derrotado y arrinconado en sus bastiones el MLNA, las milicias de AnsarDine-AQMI-Mujao se repartieron el control de Azawad, impusieron la Sharia, destrozaron patrimonio hist\u00f3rico-art\u00edstico de un valor incalculable y se lanzaron a la toma del resto de Mali. Esto provoc\u00f3, a petici\u00f3n del gobierno de Mali, una movilizaci\u00f3n de los pa\u00edses vecinos agrupados en el CEDEAO y, la ex potencia colonial (Francia) que acordaron formar una fuerza de intervenci\u00f3n que ayudase al gobierno maliense a derrotar la amenaza islamista y que Azawad tornase al control de Mali.<\/p>\n<p style=\"text-align: justify\"><a href=\"http:\/\/blogs.noticiasdenavarra.com\/prolibertatepatria\/files\/2014\/11\/Libia02.jpg\"><img loading=\"lazy\" decoding=\"async\" class=\"alignleft size-full wp-image-174\" src=\"http:\/\/blogs.noticiasdenavarra.com\/prolibertatepatria\/files\/2014\/11\/Libia02.jpg\" alt=\"Libia02\" width=\"600\" height=\"415\" \/><\/a><\/p>\n<p style=\"text-align: justify\">Una vez la ONU autoriz\u00f3 la Operaci\u00f3n Serval, tropas de francesas, malienses y de la CEDEAO lanzaron una operaci\u00f3n militar en Enero de 2013 que en cuesti\u00f3n de semanas recuperaron la pr\u00e1ctica totalidad de Azawad y obligaron a la retirada de los islamistas a las monta\u00f1as de la zona fronteriza entre Argelia y Mali. Desde all\u00ed siguen combatiendo en la actualidad pese a un alto el fuego firmado en Mayo de este a\u00f1o entre las diferentes formaciones tuaregs y el gobierno maliense.<\/p>\n<p style=\"text-align: justify\">El conflicto abierto en Mali-Azawad, que acab\u00f3 con la retirada islamista, no puede ser considerado un rotundo fracaso para el yihadismo. Estos combates han servido como un M\u00e1ster en la universidad del terrorismo en combate militar tradicional por parte de diferentes facciones del integrismo isl\u00e1mico. Adem\u00e1s han aprovechado para estrechar lazos, intercambiar t\u00e1cticas y repartirse el armamento libio entre los diferentes grupos que acudieron a la yihad en Mali, como son Boko Haram, AQMI, Mujao, Ansar Sharia T\u00fanez, Ansar Sharia Libia, y otras. Dichos v\u00ednculos personales y de organizaciones han motivado escisiones y fusiones entre los diferentes grupos, tendencia que se ha acelerado tras la proclamaci\u00f3n del Califato por parte del Estado Isl\u00e1mico. Y si una parte del arsenal libio cay\u00f3 en manos islamistas tras la guerra de Azawad, la otra parte la saquearon las propias milicias que derrocaron a Gadafi que con el tiempo o se transformaron en los Cuerpos de Seguridad Libios o emigraron a Siria con toneladas de armas de \u00faltima generaci\u00f3n para integrarse en el FSA o milicias islamistas parar luchar en su guerra civil.<\/p>\n<p style=\"text-align: justify\">Tras unos meses de gobierno interino del Consejo Nacional de Transici\u00f3n (CNT) en el que se sucedieron incidentes violentos entre diferentes milicias que hab\u00edan derrocado a Gadafi, diferentes grupos \u00e9tnicos o relativos a la orientaci\u00f3n que deb\u00eda tener la Constituci\u00f3n Libia, en el verano de 2012 tuvieron lugar una Elecciones Generales. En ellas venci\u00f3 el partido Alianza de Fuerzas Nacionales, seguido por la rama libia de los Hermanos Musulmanes agrupados en Justicia y Construcci\u00f3n (o Justicia y Desarrollo dependiendo de la traducci\u00f3n) y diputados independientes.<\/p>\n<p style=\"text-align: justify\">As\u00ed pues, una vez elegido democr\u00e1ticamente un Parlamento, Primer Ministro y un gobierno compuesto por miembros de la Alianza de Fuerzas Nacionales, de Justicia y Desarrollo e independientes, \u00e9stos vieron como comenzaban su mandato con el asalto por parte de los islamistas de Ansar Sharia al Consulado estadounidense en Bengasi. En ese ataque murieron el c\u00f3nsul y parte de su servicio de seguridad y se justific\u00f3 como respuesta al estreno de una pel\u00edcula en EEUU considerada blasfema por parte de sectores radicales del Islam. Si el asalto islamista al consulado norteamericano no auguraba nada bueno para la legislatura que comenzaba, pronto se confirmaron los augurios al comenzar las disputas dentro del partido vencedor de las elecciones debido a divergencias ideol\u00f3gicas entre el sector m\u00e1s liberal y el sector con influencias islamistas. Esto dej\u00f3 al pa\u00eds sin un gobierno estable e incapaz de controlar a unas milicias que campaban a sus anchas a lo largo del pa\u00eds y que incluso llegaron a secuestrar al Primer Ministro Ali Zeidan en Octubre de 2013 en un intento de golpe de estado. Los secuestradores le acusaban de facilitar la captura por parte de EEUU del l\u00edder del comando que asalt\u00f3 el Consulado de Bengasi a instancias del reci\u00e9n nombrado presidente del Parlamento Libio.<\/p>\n<p style=\"text-align: justify\">Si la legislatura empez\u00f3 mal dif\u00edcilmente pod\u00eda acabar bien y as\u00ed pues el presidente del Parlamento, el bereber Nouri Abusahmain, con el apoyo de los Hermanos Musulmanes empez\u00f3 a ejercer de forma poco democr\u00e1tica su cargo anulando debates, creando y financiando milicias islamistas con dinero p\u00fablico. Adem\u00e1s en diciembre intent\u00f3 que se votase la introducci\u00f3n de la Sharia como legislaci\u00f3n del pa\u00eds y en enero de 2014 intent\u00f3 prolongar unilateralmente el mandato del Parlamento.<\/p>\n<p style=\"text-align: justify\">Para frenar esta deriva autoritaria, el general Haftar intent\u00f3 dar un golpe de estado que fue ignorado por el Parlamento. Un mes m\u00e1s tarde los federalistas del auto-proclamado gobierno de la Cirenaica pretendieron vender petr\u00f3leo sin el permiso del Gobierno. La consecuencia fue el apresamiento de un petrolero norcoreano lo que desemboc\u00f3 en una crisis de gobierno y la presentaci\u00f3n de una moci\u00f3n de censura contra el Primer Ministro. Este proceso acab\u00f3 en su destituci\u00f3n y marcha a Europa y la creaci\u00f3n de un gobierno interino presidido por el independiente Al Thani, que ser\u00eda el encargado de dirigir el pa\u00eds hasta la celebraci\u00f3n de unas elecciones parlamentarias en el mes de Junio.<\/p>\n<p style=\"text-align: justify\">Antes de la fecha de las elecciones, Libia estaba sumida en el caos despu\u00e9s de que el General Haftar lanzase la Operaci\u00f3n Dignidad sobre posiciones yihadistas en el este de Libia en el mes de Mayo y a esa llamada se sumasen el ex presidente Ali Zeidan, parte de la c\u00fapula militar libia y las milicias de Zintan. \u00c9stas \u00faltimas asaltaron el aeropuerto internacional y el Consejo General Libio para proceder a decretar la disoluci\u00f3n de la c\u00e1mara (aunque esta sigui\u00f3 vigente en un hotel pr\u00f3ximo) y las milicias armadas (que actuaban como ej\u00e9rcito privado de Abusahmain). Para m\u00e1s Inri, y a resultas de la violencia ocasionada por la Operaci\u00f3n Dignidad, el Consejo General decidi\u00f3 destituir al Primer Ministro Al Thani (al que acusaban de la violencia en el este de Libia) y su sustituci\u00f3n por el islamista Ahmed Maiteeq semanas antes de las elecciones, nombramiento que fue anulado por la Corte Suprema a inicios de Junio, procediendo a restituir a Al Thani.<\/p>\n<p style=\"text-align: justify\">Las elecciones de Junio se celebraron con un r\u00e9gimen electoral nuevo y la intenci\u00f3n de que el \u00f3rgano legislativo libio, conocido como Consejo General, diese paso a una C\u00e1mara de Representantes en la que s\u00f3lo se pudiesen presentar candidatos independientes (aunque pod\u00edan estar vinculados a partidos pol\u00edticos). No obstante para esas alturas el pa\u00eds estaba ya sumido en una guerra civil en el que las diferente milicias se iban sumando a uno u otro bloque (Operaci\u00f3n Dignidad o Amanecer de Libia) lo que se tradujo en una participaci\u00f3n de un 18%. En esas circunstancias los candidatos secularistas coparon la nueva C\u00e1mara de Representantes (que sustitu\u00eda al Consejo General) y eligieron de nuevo a Al Thani como Primer Ministro.<\/p>\n<p style=\"text-align: justify\">En la fecha de constituci\u00f3n de la C\u00e1mara de Representantes, Tr\u00edpoli y Bengasi estaban en manos de milicias islamistas m\u00e1s o menos radicales, as\u00ed que decidieron trasladar la C\u00e1mara de Representantes a Tobruk, junto a la frontera egipcia. Ampar\u00e1ndose en este hecho y vali\u00e9ndose de la Constituci\u00f3n libia que dice que la sede del legislativo ha de estar radicada en\u00a0 Tr\u00edpoli o Bengasi, los islamistas restituyeron el Consejo General en el mes de Julio con Abusahmanin como presidente de la misma a la vez que nombraban a Primer Ministro a Omar al Hasi. A su vez presentaron una demanda de inconstitucionalidad sobre la c\u00e1mara que legislaba en Tobruk que fue resuelta en noviembre dando la raz\u00f3n a los islamistas y declarando inconstitucional el parlamento de Tobruk. Dicho parlamento, que es el reconocido mayoritariamente por la comunidad internacional, aleg\u00f3 que el Tribunal estaba condicionado por los islamistas al estar radicado en Tr\u00edpoli, por lo que ha hecho caso omiso a la sentencia y sigue ejerciendo su labor a la espera de poder retornar a la capital del pa\u00eds.<\/p>\n<p style=\"text-align: justify\">En el campo militar, los diferentes bandos ya estaban m\u00e1s o menos definidos y la ayuda llegaba a ambos desde los mismos financiadores de otros conflictos, a saber, al bloque islamista de Amanecer libio por parte de Qatar, Turqu\u00eda y Sud\u00e1n, y a la Operaci\u00f3n Dignidad de Haftar y el gobierno libio la ayuda proven\u00eda de Egipto, Emiratos \u00c1rabes Unidos y Arabia Saudita. As\u00ed pues, comenz\u00f3 una nueva fase de la guerra en la que los combates por la toma de Tr\u00edpoli y su aeropuerto por parte de Amanecer de Libia se prolongaron durante meses. Otro tanto ocurri\u00f3 en el este del pa\u00eds en el que las tropas de Haftar, apoyadas por parte del ejercito Libio y las aviaciones libia, egipcia y de Emiratos \u00c1rabes han intentado tomar en repetidas ocasiones la ciudad de Bengasi.<\/p>\n<p style=\"text-align: justify\">Y como todo lo que va mal tienen tendencia a empeorar, a mediados del verano la coalici\u00f3n de Amanecer Libia sufri\u00f3 una fractura en su seno por parte de sectores abiertamente yihadistas que acusaban al sector islamista, nucleado en torno a los Hermanos Musulmanes, de aprovecharse del esfuerzo militar yihadi y utilizarlo para tomar el poder de las instituciones pol\u00edticas en vez de instaurar un Estado Isl\u00e1mico regido por la Sharia. Con el paso de las semanas dicha fractura desemboc\u00f3 en enfrentamientos armados callejeros entre Amanecer de Libia y los sectores yihadistas en torno a Ansar Sharia Libia y el Consejo de la Shura de la Juventud Isl\u00e1mica de Derna se hicieron con el control de Derna, Bengasi y la franja costera desde Ajdamiya hasta Sirte erigiendo en dichos territorios emiratos isl\u00e1micos. Y si bien Ansar Sharia procura mantener precariamente su independencia como organizaci\u00f3n armada, el Consejo de la Shura de la Juventud Isl\u00e1mica jur\u00f3 fidelidad al ISIS en Octubre de 2014, pasando el emirato de Derna a ser el primer territorio del Califato en el Magreb.<\/p>\n<p style=\"text-align: justify\"><strong>Contexto regional<\/strong><\/p>\n<p style=\"text-align: justify\">En el contexto regional, y tal como expuse anteriormente, la Operaci\u00f3n Serval y la supresi\u00f3n del Estado Isl\u00e1mico del norte de Mali no supuso un desastre en la estrategia yihadista, ya que si bien perdieron un territorio que controlaban, la experiencia en combate y el reparto del expolio del arsenal libio les ha servido para aumentar su peligrosidad a lo largo de 2013 y dar un salto cualitativo a partir de 2014 y en especial tras la proclamaci\u00f3n del Califato en Iraq y Siria a finales de Junio.<\/p>\n<p style=\"text-align: justify\">En 2013 AQMI (y brigadas sat\u00e9lites suyas en T\u00fanez, Libia y Egipto), Boko Haram y Mujao (que pas\u00f3 a denominarse Al Morabitum al fusionarse con una escisi\u00f3n del AQMI comandada por Belmoktar) eran las predominantes en la zona del Magreb-Sahel. Sus actuaciones se limitaban a ataques terroristas a instalaciones industriales de capital europeo, cuarteles militares de diferentes pa\u00edses de la zona y el secuestro de occidentales para financiarse mediante el cobro de rescates. Pero en 2014 con el retorno de miles de antiguos combatientes en Siria englobados en el ISIS u otras brigadas aut\u00f3nomas de orientaci\u00f3n salafista yihadista se provoc\u00f3 una revoluci\u00f3n tanto en el espectro yihadista como en el escenario pol\u00edtico de los diferentes pa\u00edses de la zona.<\/p>\n<p style=\"text-align: justify\">En Marruecos los aparatos de seguridad del Estado (en muchos casos con la colaboraci\u00f3n de la seguridad espa\u00f1ola) han desarticulado decenas de c\u00e9lulas (muchas de ellas mixtas hispano-marroqu\u00edes originarias del norte de Marruecos y Ceuta y Melilla) dispuestas a unirse al combate en Siria o crear organizaciones cuyo \u00e1mbito de actuaci\u00f3n es el mismo territorio marroqu\u00ed. A ese grave problema de seguridad se ha sumado la desmovilizaci\u00f3n de Harakat Sham al Islam y el deseo de vuelta a casa de varios miles de sus componentes cansados de los conflictos internos dentro de los rebeldes sirios. Si bien la autorizaci\u00f3n de retorno ha sido denegada por el gobierno marroqu\u00ed desde hace tiempo se vienen detectando infiltraciones de los mismos en territorio alauita.<\/p>\n<p style=\"text-align: justify\"><a href=\"http:\/\/blogs.noticiasdenavarra.com\/prolibertatepatria\/files\/2014\/11\/Libia03.jpg\"><img loading=\"lazy\" decoding=\"async\" class=\"alignleft size-full wp-image-175\" src=\"http:\/\/blogs.noticiasdenavarra.com\/prolibertatepatria\/files\/2014\/11\/Libia03.jpg\" alt=\"Libia03\" width=\"646\" height=\"394\" srcset=\"https:\/\/blogs.noticiasdenavarra.com\/prolibertatepatria\/files\/2014\/11\/Libia03.jpg 646w, https:\/\/blogs.noticiasdenavarra.com\/prolibertatepatria\/files\/2014\/11\/Libia03-580x353.jpg 580w\" sizes=\"auto, (max-width: 646px) 100vw, 646px\" \/><\/a><\/p>\n<p style=\"text-align: justify\">Mientras en Argelia las actuaciones de militantes de AQMI han sido pr\u00e1cticamente marginales durante 2013 y parte de 2014, en la zona monta\u00f1osa entre Argelia y T\u00fanez una brigada aut\u00f3noma de AQMI llamada Uqba ibn Nafaa mantiene en jaque a los ej\u00e9rcitos de ambos pa\u00edses y los combates son recurrentes. En T\u00fanez, a su vez, las fuerzas de seguridad han de enfrentarse a otra organizaci\u00f3n, llamada Ansar Sharia T\u00fanez, que se dedica actualmente a labores de proselitismo y a reclutar militantes para el combate en Siria.<\/p>\n<p style=\"text-align: justify\">Mientras, en Egipto y tras el derrocamiento de Mursi, el gobierno de Al Sisi se ha enfrentado a las protestas callejeras por la ilegalizaci\u00f3n y encarcelamiento de la c\u00fapula y centenares de militantes de los Hermanos Musulmanes y la actuaci\u00f3n de diferente grupos terroristas que act\u00faan esencialmente en el Sina\u00ed y en el que destacan las organizaciones Ajnad Misr y Ansar Beit al Maqdis. En Mali y N\u00edger, los yihadistas que se replegaron a la zona monta\u00f1osa en la frontera entre Mali y Argelia bajaron de ella para atacar a las fuerza militares de ambos pa\u00edses y a los componentes de la sucesora de la Operaci\u00f3n Serval. En Nigeria, Boko Haram ha incrementado la violencia y la crueldad de sus ataques a pueblos, escuelas, edificios religiosos e instalaciones militares causando centenares de civiles muertos e incluso a extendido su \u00e1mbito de actuaci\u00f3n al territorio fronterizo camerun\u00e9s.<\/p>\n<p style=\"text-align: justify\">Es con la proclamaci\u00f3n del Califato en junio de 2014 cuando al situaci\u00f3n evoluciona radicalmente y ya a las pocas semanas todas las organizaciones yihadistas se re\u00fanen en el sur de Libia para debatir la postura adoptar ante la exigencia de Abu Bakr Al Bagdadi de que todas las organizaciones yihadistas se disuelvan y que todos sus componentes se unan al Estado Isl\u00e1mico. Si bien la postura de la fusi\u00f3n de todos los grupos en una organizaci\u00f3n llamada Estado Isl\u00e1mico del Magreb fue derrotada en dicha reuni\u00f3n, las fracturas que han provocado dicha decisi\u00f3n entre\u00a0 los cuadros de algunas organizaciones asistentes han mandado a dichas organizaciones a la pr\u00e1ctica marginalidad como es el caso de AQMI.<\/p>\n<p style=\"text-align: justify\">Despu\u00e9s de dicha reuni\u00f3n Boko Haram dio uno un giro en su estrategia y tras mostrar su apoyo al Estado Isl\u00e1mico proclam\u00f3 su propio califato en Nigeria y a ocupar y gobernar territorios (cuando hasta entonces solo se hab\u00eda dedicado a golpear y retirarse a sus bases). En Argelia, tras meses de disensiones entre la c\u00fapula de la organizaci\u00f3n y los responsables de los frentes central y oriental, estos se escindieron formando una nueva organizaci\u00f3n llamada Jund al Kilaphah fi Ard al Jazayer (Ejercito del Califato en Argelia) que poco m\u00e1s tarde jur\u00f3 fidelidad a Abu Bakr Al Bagdadi pasando a ser la rama argelina del Estado Isl\u00e1mico (ISIS). Tanto Ansar Sharia Libia como Ansar Sharia T\u00fanez han mantenido a duras penas su autonom\u00eda aunque las ofertas provenientes desde Oriente Medio hacen prever que dicha autonom\u00eda tendr\u00e1 corta duraci\u00f3n.<\/p>\n<p style=\"text-align: justify\">A mediados de verano se observ\u00f3 que Ansar Beit al Maqdis empezaba a tener una osad\u00eda mayor en los ataques a fuerzas de seguridad y que sus m\u00e9todos eran m\u00e1s violentos (incluyendo atentados suicidas y decapitaci\u00f3n de sospechosos de colaborar con Egipto o Israel), lo que hac\u00eda sospechar de una relaci\u00f3n cada vez m\u00e1s estrecha con el Estado Isl\u00e1mico (ISIS) consistente en env\u00edo de armamento y entrenamiento de sus miembros en Iraq o Siria. Con el tiempo se han ido confirmando las suposiciones y tras un par de amagos en noviembre Ansar Beit Al Maqdis jur\u00f3 fidelidad a Al Bagdadi pasando a ser la\u00a0 rama del Estado Isl\u00e1mico en Egipto.<\/p>\n<p style=\"text-align: justify\">Y si la constituci\u00f3n de las ramas en Egipto y Libia son preocupantes por lo que supone de expansi\u00f3n por el norte de \u00c1frica, la noticia m\u00e1s preocupante se da en Libia, en la que el Consejo de la Shura de la Juventud Isl\u00e1mica de Derna jur\u00f3 fidelidad a Al Bagdadi, convirti\u00e9ndose el emirato que controlan en Derna y alrededores en el primer territorio gobernado por el Estado Isl\u00e1mico (ISIS) fuera de Iraq y Siria.<\/p>\n<p style=\"text-align: justify\"><strong>Conclusi\u00f3n<\/strong><\/p>\n<p style=\"text-align: justify\">Pese a que la reuni\u00f3n celebrada en el desierto libio no lleg\u00f3 a buen puerto y no se pudo formar una organizaci\u00f3n unificada yihadista para toda la zona del Magreb-Sahel, la fama del Estado Isl\u00e1mico (ISIS), y la cantidad de dinero y armas de la que disponen est\u00e1n causando escisiones y deserciones masivas en las organizaciones que se opusieron para formar nuevos grupos que se constituyen en ramas regionales del Estado Isl\u00e1mico (ISIS). Esta din\u00e1mica hace prever una desaparici\u00f3n o marginalidad de organizaciones como AQMI o Morabitum (que pr\u00e1cticamente no registran una actividad terrorista relevante), y la absorci\u00f3n de las peque\u00f1as organizaciones yihadistas que o bien apoyaron la fusi\u00f3n o decidieron declararse neutrales. Tan pronto como estas organizaciones consideren necesaria pedir ayuda econ\u00f3mica, de hombres o armas, los veremos integrarse en el Estado Isl\u00e1mico (ISIS) tal como le ocurri\u00f3 a Ansar Beit al Maqdis o al Consejo de la Shura de la Juventud Isl\u00e1mica de Derna. Y probablemente a medio plazo veamos el juramento de fidelidad al Estado Isl\u00e1mico (ISIS) de los Ansar Sharia en T\u00fanez y Libia y la Brigada Uqba ibn Nafaa de T\u00fanez.<\/p>\n<p style=\"text-align: justify\">Mientras, en Libia existen dos gobiernos que se auto consideran leg\u00edtimos legislando para los territorios que controlan y al menos dos emiratos regidos por la Sharia en su versi\u00f3n m\u00e1s rigorista. Todos ellos est\u00e1n secundados por diferentes milicias que se encuadran en tres bandos enfrentados entre s\u00ed y apoyados respectivamente por Qatar, Turqu\u00eda y Sud\u00e1n, en el caso de Amanecer de Libia, Egipto, Arabia Saud\u00ed y Emiratos \u00c1rabes, en el caso de Operaci\u00f3n Dignidad, y el Estado Isl\u00e1mico o ISIS, en el caso del Consejo de la Shura de la Juventud Isl\u00e1mica de Derna.<\/p>\n<p style=\"text-align: justify\">El inicio de una campa\u00f1a de atentados contra embajadas de pa\u00edses que apoyan la Operaci\u00f3n Dignidad y la ciudad de Tobruk (en donde radica la sede del Parlamento del bando secularista), y los bombardeos, como respuesta a estos atentados por parte de las aviaciones libia, egipcia y de Emiratos \u00c1rabes sobre posiciones yihadistas en Derna y de Amanecer Libia en Tr\u00edpoli no hacen m\u00e1s que radicalizar una situaci\u00f3n sobre la que el enviado de la ONU, Bernardino Le\u00f3n, advierte que Libia se ve abocada a una guerra civil o a caer en manos del Estado Isl\u00e1mico.<\/p>\n<p style=\"text-align: justify\">El peligro de que Libia entera caiga en la anarqu\u00eda o que una parte m\u00e1s o menos considerable de ella caiga en manos del Estado Isl\u00e1mico (ISIS) radica en su posici\u00f3n estrat\u00e9gica ya que aparte de tener un considerable tramo de costa en el mar Mediterr\u00e1neo, tambi\u00e9n se encuentra en la retaguardia egipcia donde los egipcios ya se enfrentan en el Sina\u00ed contra otra rama regional del Estado Isl\u00e1mico (ISIS). Adem\u00e1s, Libia hace frontera con otros dos pa\u00edses que combaten al yihadismo como son T\u00fanez contra Ansar Sharia, y la Brigada Uqba Ibn Nafaa, y Argelia que combate contra otra rama del Estado Isl\u00e1mico (ISIS) como es Jund al Kilaphah. Por no hablar de que Libia se convertir\u00eda en polo de atracci\u00f3n y campo de entrenamiento de los yihadistas de pa\u00edses del entorno mediterr\u00e1neo tanto europeos como norteafricanos.<\/p>\n<p style=\"text-align: justify\"><em>Por Cierzo Bardenero<\/em><\/p>\n<p style=\"text-align: justify\"><strong>Fuentes<\/strong><\/p>\n<p style=\"text-align: justify\"><strong>Limpieza \u00c9tnica<\/strong><\/p>\n<p style=\"text-align: justify\"><a href=\"http:\/\/gara.naiz.eus\/paperezkoa\/20110902\/288443\/es\/Son-negros-no-libios-Muamar-Gadafi-les-otorgo-nacionalidad\">http:\/\/gara.naiz.eus\/paperezkoa\/20110902\/288443\/es\/Son-negros-no-libios-Muamar-Gadafi-les-otorgo-nacionalidad<\/a><\/p>\n<p style=\"text-align: justify\"><a href=\"http:\/\/www.democracynow.org\/2011\/8\/30\/headlines#6\">http:\/\/www.democracynow.org\/2011\/8\/30\/headlines#6<\/a><\/p>\n<p style=\"text-align: justify\"><a href=\"http:\/\/internacional.elpais.com\/internacional\/2012\/02\/19\/actualidad\/1329669169_069858.html\">http:\/\/internacional.elpais.com\/internacional\/2012\/02\/19\/actualidad\/1329669169_069858.html<\/a><\/p>\n<p style=\"text-align: justify\"><strong>Rebeli\u00f3n Tuareg 2012<\/strong><\/p>\n<p style=\"text-align: justify\"><a href=\"http:\/\/www.guinguinbali.com\/index.php?lang=es&amp;mod=news&amp;cat=3&amp;id=2694\">http:\/\/www.guinguinbali.com\/index.php?lang=es&amp;mod=news&amp;cat=3&amp;id=2694<\/a><\/p>\n<p style=\"text-align: justify\"><a href=\"http:\/\/www.radical.es\/info\/1707\/la-rebelion-tuareg-pone-encima-de-la-mesa-azawad-su-propio-estado\">http:\/\/www.radical.es\/info\/1707\/la-rebelion-tuareg-pone-encima-de-la-mesa-azawad-su-<\/a><a href=\"http:\/\/www.radical.es\/info\/1707\/la-rebelion-tuareg-pone-encima-de-la-mesa-azawad-su-propio-estado\">propio-estado<\/a><\/p>\n<p style=\"text-align: justify\"><a href=\"http:\/\/internacional.elpais.com\/internacional\/2014\/07\/24\/actualidad\/1406224544_407789.html\">http:\/\/internacional.elpais.com\/internacional\/2014\/07\/24\/actualidad\/1406224544_407789.html<\/a><\/p>\n<p style=\"text-align: justify\"><a href=\"http:\/\/www.realinstitutoelcano.org\/wps\/portal\/rielcano\/contenido?WCM_GLOBAL_CONTEXT=\/elcano\/elcano_es\/zonas_es\/comentario_arteaga_spain_mali_operacion_serval\">http:\/\/www.realinstitutoelcano.org\/wps\/portal\/rielcano\/contenido?WCM_GLOBAL_CONTEXT=\/elcano\/elcano_es\/zonas_es\/comentario_arteaga_spain_mali_operacion_serval<\/a><\/p>\n<p style=\"text-align: justify\"><strong>Trafico armas<\/strong><\/p>\n<p style=\"text-align: justify\"><a href=\"http:\/\/www.europapress.es\/internacional\/noticia-alarmante-proliferacion-armas-libia-aviva-conflictos-siria-mali-onu-20130410121027.html\">http:\/\/www.europapress.es\/internacional\/noticia-alarmante-proliferacion-armas-libia-aviva-conflictos-siria-mali-onu-20130410121027.html<\/a><\/p>\n<p style=\"text-align: justify\"><a href=\"http:\/\/sp.ria.ru\/international\/20130410\/156820765.html\">http:\/\/sp.ria.ru\/international\/20130410\/156820765.html<\/a><\/p>\n<p style=\"text-align: justify\"><strong>Guerra Civil 2014<\/strong><\/p>\n<p style=\"text-align: justify\"><a href=\"http:\/\/www.economist.com\/news\/middle-east-and-africa\/21620285-and-none-control-too-many-chiefs\">http:\/\/www.economist.com\/news\/middle-east-and-africa\/21620285-and-none-control-too-<\/a><a href=\"http:\/\/www.economist.com\/news\/middle-east-and-africa\/21620285-and-none-control-too-many-chiefs\">many-chiefs<\/a><\/p>\n<p style=\"text-align: justify\"><a href=\"http:\/\/www.theguardian.com\/world\/2014\/aug\/29\/-sp-briefing-war-in-libya\">http:\/\/www.theguardian.com\/world\/2014\/aug\/29\/-sp-briefing-war-in-libya<\/a><\/p>\n<p style=\"text-align: justify\"><a href=\"http:\/\/www.nytimes.com\/2014\/08\/25\/world\/africa\/libyan-unrest.html?_r=0\">http:\/\/www.nytimes.com\/2014\/08\/25\/world\/africa\/libyan-unrest.html?_r=0<\/a><\/p>\n<p style=\"text-align: justify\"><a href=\"http:\/\/english.alarabiya.net\/en\/News\/africa\/2014\/10\/06\/Video-Libya-s-Islamist-militants-parade-with-ISIS-flags.html\">http:\/\/english.alarabiya.net\/en\/News\/africa\/2014\/10\/06\/Video-Libya-s-Islamist-militants-parade-with-ISIS-flags.html<\/a><\/p>\n<p style=\"text-align: justify\"><a href=\"http:\/\/www.ibtimes.com\/isis-establishes-stronghold-derna-libya-1721425\">http:\/\/www.ibtimes.com\/isis-establishes-stronghold-derna-libya-1721425<\/a><\/p>\n<p style=\"text-align: justify\"><a href=\"http:\/\/internacional.elpais.com\/internacional\/2014\/11\/10\/actualidad\/1415640228_934396.html\">http:\/\/internacional.elpais.com\/internacional\/2014\/11\/10\/actualidad\/1415640228_934396.html<\/a><\/p>\n<p style=\"text-align: justify\"><a href=\"http:\/\/cadenaser.com\/ser\/2014\/11\/10\/internacional\/1415618915_734627.html\">http:\/\/cadenaser.com\/ser\/2014\/11\/10\/internacional\/1415618915_734627.html<\/a><\/p>\n<p style=\"text-align: justify\"><a href=\"http:\/\/www.reuters.com\/article\/2014\/11\/13\/us-libya-turkey-idUSKCN0IX0UT20141113\">http:\/\/www.reuters.com\/article\/2014\/11\/13\/us-libya-turkey-idUSKCN0IX0UT20141113<\/a><\/p>\n<p style=\"text-align: justify\"><strong>Suspensi\u00f3n elecciones<\/strong><strong>\u00a0<\/strong><\/p>\n<p style=\"text-align: justify\"><a href=\"http:\/\/magharebia.com\/fr\/articles\/awi\/features\/2014\/11\/12\/feature-01\">http:\/\/magharebia.com\/fr\/articles\/awi\/features\/2014\/11\/12\/feature-01<\/a><\/p>\n<p style=\"text-align: justify\"><a href=\"http:\/\/internacional.elpais.com\/internacional\/2014\/11\/06\/actualidad\/1415265119_529140.html\">http:\/\/internacional.elpais.com\/internacional\/2014\/11\/06\/actualidad\/1415265119_529140.html<\/a><\/p>\n<p style=\"text-align: justify\"><strong>Magreb<\/strong><\/p>\n<p style=\"text-align: justify\"><a href=\"http:\/\/magharebia.com\/fr\/articles\/awi\/reportage\/2014\/11\/07\/reportage-01?change_locale=true\">http:\/\/magharebia.com\/fr\/articles\/awi\/reportage\/2014\/11\/07\/reportage-01?change_locale=true<\/a><\/p>\n","protected":false},"excerpt":{"rendered":"<p>Desde Febrero a Noviembre de 2011 tuvo lugar en Libia un conflicto enmarcado en las Primaveras \u00c1rabes que ha tenido y sigue teniendo repercusiones en todo el norte de \u00c1frica y Oriente Medio. Dicho esto no me extender\u00e9 mucho hablando de la Guerra Civil Libia porque es un tema conocido, sino que me centrar\u00e9 en &hellip; <a href=\"https:\/\/blogs.noticiasdenavarra.com\/prolibertatepatria\/2014\/11\/24\/la-crisis-de-libia-en-el-contexto-regional\/\" class=\"more-link\">Sigue leyendo <span class=\"screen-reader-text\">LA CRISIS DE LIBIA EN EL CONTEXTO REGIONAL<\/span><\/a><\/p>\n","protected":false},"author":80,"featured_media":0,"comment_status":"open","ping_status":"open","sticky":false,"template":"","format":"standard","meta":{"footnotes":""},"categories":[4],"tags":[],"class_list":["post-168","post","type-post","status-publish","format-standard","hentry","category-sin-categoria"],"_links":{"self":[{"href":"https:\/\/blogs.noticiasdenavarra.com\/prolibertatepatria\/wp-json\/wp\/v2\/posts\/168","targetHints":{"allow":["GET"]}}],"collection":[{"href":"https:\/\/blogs.noticiasdenavarra.com\/prolibertatepatria\/wp-json\/wp\/v2\/posts"}],"about":[{"href":"https:\/\/blogs.noticiasdenavarra.com\/prolibertatepatria\/wp-json\/wp\/v2\/types\/post"}],"author":[{"embeddable":true,"href":"https:\/\/blogs.noticiasdenavarra.com\/prolibertatepatria\/wp-json\/wp\/v2\/users\/80"}],"replies":[{"embeddable":true,"href":"https:\/\/blogs.noticiasdenavarra.com\/prolibertatepatria\/wp-json\/wp\/v2\/comments?post=168"}],"version-history":[{"count":15,"href":"https:\/\/blogs.noticiasdenavarra.com\/prolibertatepatria\/wp-json\/wp\/v2\/posts\/168\/revisions"}],"predecessor-version":[{"id":186,"href":"https:\/\/blogs.noticiasdenavarra.com\/prolibertatepatria\/wp-json\/wp\/v2\/posts\/168\/revisions\/186"}],"wp:attachment":[{"href":"https:\/\/blogs.noticiasdenavarra.com\/prolibertatepatria\/wp-json\/wp\/v2\/media?parent=168"}],"wp:term":[{"taxonomy":"category","embeddable":true,"href":"https:\/\/blogs.noticiasdenavarra.com\/prolibertatepatria\/wp-json\/wp\/v2\/categories?post=168"},{"taxonomy":"post_tag","embeddable":true,"href":"https:\/\/blogs.noticiasdenavarra.com\/prolibertatepatria\/wp-json\/wp\/v2\/tags?post=168"}],"curies":[{"name":"wp","href":"https:\/\/api.w.org\/{rel}","templated":true}]}}