{"id":150,"date":"2014-11-10T10:08:55","date_gmt":"2014-11-10T10:08:55","guid":{"rendered":"http:\/\/blogs.noticiasdenavarra.com\/prolibertatepatria\/?p=150"},"modified":"2014-11-10T10:08:56","modified_gmt":"2014-11-10T10:08:56","slug":"10n-y-ahora-que","status":"publish","type":"post","link":"https:\/\/blogs.noticiasdenavarra.com\/prolibertatepatria\/2014\/11\/10\/10n-y-ahora-que\/","title":{"rendered":"10N \u00bfy ahora qu\u00e9?"},"content":{"rendered":"<p style=\"text-align: justify\"><em>En Espa\u00f1a hay un proceso que cada d\u00eda es m\u00e1s fuerte de demanda inmediata de regeneraci\u00f3n. En Catalunya tenemos un elemento colectivo de cohesi\u00f3n de tener una personalidad propia y desarrollarla. Los de Podemos y nosotros (el movimiento independentista catal\u00e1n) somos dos respuestas distintas a un estado ca\u00f3tico de perversi\u00f3n de la democracia. La lucha del Poder contra la Ciudadan\u00eda. Lluis Llach, 07\/11\/14<\/em><\/p>\n<p style=\"text-align: left\"><a href=\"http:\/\/blogs.noticiasdenavarra.com\/prolibertatepatria\/files\/2014\/11\/mas_fernandez.jpg\"><img loading=\"lazy\" decoding=\"async\" class=\"alignleft wp-image-153 size-full\" style=\"margin-right: 20px\" src=\"http:\/\/blogs.noticiasdenavarra.com\/prolibertatepatria\/files\/2014\/11\/mas_fernandez-e1415612863381.jpg\" alt=\"mas_fernandez\" width=\"250\" height=\"234\" \/><\/a><\/p>\n<p style=\"text-align: justify\">Ya ha pasado el 9N que desde el pasado diciembre ha marcado en buena parte la actualidad pol\u00edtica espa\u00f1ola y catalana. Y aunque algunos dan por finiquitado el proceso, m\u00e1s por un deseo que por una realidad, el soufl\u00e9 catal\u00e1n no s\u00f3lo no ha bajado sino que es ahora cuando va a alcanzar su mayor grado de madurez.<\/p>\n<p style=\"text-align: justify\">Los fr\u00edos datos nos pueden arrojar m\u00faltiples conclusiones, y el tiempo dar\u00e1 la raz\u00f3n a quienes argumentaron en uno u otro sentido. En mi opini\u00f3n la movilizaci\u00f3n de ayer demostr\u00f3 una cosa principalmente, y es que en Catalunya hay una masa cr\u00edtica para lograr la independencia. Conseguir movilizar a dos millones doscientos cincuenta mil personas en un \u201cbutifarrendum\u201d, \u201celecci\u00f3n in\u00fatil\u201d, \u201cacto de propaganda\u201d, etc, y que de \u00e9stos cerca de dos millones apuesten por un Estado independiente es un hecho muy notable de movilizaci\u00f3n ciudadana que se une a los actos de protesta de Diadas anteriores.<\/p>\n<p style=\"text-align: justify\">El porcentaje de participaci\u00f3n, un 35% sobre un censo de 6,2 millones de personas puede parecer muy poco, y es sin duda a lo que se agarrar\u00e1n la parte espa\u00f1olista que prefiere seguir poni\u00e9ndose una venda en este asunto. Dir\u00e9 un dato que si bien reconozco que est\u00e1 cogido con pinzas nos puede orientar sobre la magnitud de lo acontecido ayer en Catalunya. La mayor\u00eda absoluta de Mariano Rajoy con la que gobierna c\u00f3modamente Espa\u00f1a se asienta en un 31,57% de votos sobre el censo. Y eso en unas elecciones con la totalidad de garant\u00edas democr\u00e1ticas, con una campa\u00f1a electoral, con debates pol\u00edticos donde confrontar programas, con el doble de colegios abiertos, etc.<\/p>\n<p style=\"text-align: justify\">Otro argumento es el de que no ten\u00eda seguridad jur\u00eddica al no disponer de censo, funcionarios, etc. Resulta realmente c\u00ednico achacar ese defecto cuando se ha prohibido que la consulta tuviera esas garant\u00edas democr\u00e1ticas. Dicho todo esto cuando digo que hay una masa cr\u00edtica favorable a la independencia me refiero a que cuando haya unas elecciones de verdad la opci\u00f3n para que Catalunya sea un Estado independiente tiene opciones reales\u00a0de salir adelante.<\/p>\n<p style=\"text-align: justify\">Otro detalle, y no menor, es que 2.250.000 de catalanes y catalanas han ido a votar a pesar de estar prohibido, y a pesar de que ciertos partidos residuales en Catalunya, y en v\u00edas de desaparici\u00f3n en el resto del Estado, quisieron ayer tener su cuota de protagonismo al presentar una denuncia para detener incluso a los voluntarios que estaban en las mesas. A esas m\u00e1s de dos millones de personas tampoco les import\u00f3 que doce jueces de parte dijeran que no ten\u00edan derecho a expresar su opini\u00f3n. Esto es sin duda un salto cualitativo en la mentalidad de los catalanes y catalanas en el sentido de que para toda esa gente la soberan\u00eda reside en ellos mismos. Y cuando se da ese paso es irreversible, y para m\u00ed la foto que jalona este art\u00edculo es la que mejor representa ese cambio de mentalidad.<\/p>\n<p style=\"text-align: justify\">Si tuviera que elegir entre un ganador pol\u00edtico ayer me decantar\u00eda sin duda por la ciudadan\u00eda catalana, que en un acto de civismo ense\u00f1\u00f3 ayer el dedo coraz\u00f3n a quien con una ceguera pol\u00edtica, digna heredera de quien por eso mismo perdi\u00f3 un imperio, se niega a dar una respuesta pol\u00edtica a un problema pol\u00edtico. Pero si tuviera que elegir a una figura pol\u00edtica me quedar\u00eda con el <em>president<\/em> Artur Mas. Dado por muerto, y dimitido, en tantas ocasiones que ya no recuerdo el h\u00e1bil pol\u00edtico catal\u00e1n consigui\u00f3 ayer varias cosas:<\/p>\n<p style=\"margin-left: 40px\">Primero, que 2.250.000 de personas avalaran su nuevo 9N con el respaldo social que eso conlleva a lo que ha de venir. El resto de partidos van a ir a rebufo de la muy inteligente maniobra que desemboc\u00f3 ayer en la masiva votaci\u00f3n-protesta.<\/p>\n<p style=\"margin-left: 40px\">Segundo, se ha asegurado una lista \u00fanica soberanista en unas eventuales elecciones auton\u00f3micas en clave plebiscitaria con la declaraci\u00f3n unilateral de independencia (DUI) como punto primordial de su programa. Ning\u00fan partido pol\u00edtico, visto lo de ayer, que apueste por la independencia puede apartarse ya de este mandato ciudadano si no quiere desaparecer cuando el proceso haya terminado. No se va a perdonar que nadie use este proceso en clave partidista.<\/p>\n<p style=\"margin-left: 40px\">Tercero, se ha asegurado liderar esa lista \u00fanica, a pesar de que ayer a Jordi \u00c9vole le dijera que no era una condici\u00f3n <em>sine qua non<\/em> para pactar dicha lista con ERC o las CUP.<\/p>\n<p style=\"margin-left: 40px\">Cuarto, como conclusi\u00f3n de las anteriores y de manera tangencial salva a su partido del <em>sorpasso<\/em> de ERC que las encuestas vaticinaban fruto del enorme desgaste que su acci\u00f3n de gobierno ha provocado, y que en un escenario normalizado a medio plazo podr\u00e1 recuperar. Habr\u00e1 sin duda gente que crea que este cuarto punto es el principal, y la raz\u00f3n de ser de todo este proceso. Pero pienso que para salvar a su partido, que recordemos ten\u00eda 62 esca\u00f1os, y el respaldo del PP, no se hubiese metido en semejante berenjenal soberanista.<\/p>\n<p style=\"text-align: justify\">Por lo tanto la respuesta al t\u00edtulo de este art\u00edculo, y bas\u00e1ndome en las argumentaciones expuestas, es que tendremos muy en breve unas elecciones en clave plebiscitaria. En ellas habr\u00e1 una lista \u00fanica con el punto de la DUI como principal reclamo, y que \u00e9sta tendr\u00e1 muchas posibilidades de conseguir la mayor\u00eda absoluta en el nuevo Parlament Catal\u00e1n. Mi apuesta es que el Parlament proclamar\u00e1 la independencia, pero no tengo ni idea qu\u00e9 pasar\u00e1 a continuaci\u00f3n. Mirando mi bolita de cristal (y en el cambio de mentalidad que se ha instalado ya en los catalanes y catalanas), yo dir\u00eda que Espa\u00f1a va a pasar a tener 16 autonom\u00edas en un plazo relativamente corto de tiempo.<\/p>\n","protected":false},"excerpt":{"rendered":"<p>En Espa\u00f1a hay un proceso que cada d\u00eda es m\u00e1s fuerte de demanda inmediata de regeneraci\u00f3n. En Catalunya tenemos un elemento colectivo de cohesi\u00f3n de tener una personalidad propia y desarrollarla. Los de Podemos y nosotros (el movimiento independentista catal\u00e1n) somos dos respuestas distintas a un estado ca\u00f3tico de perversi\u00f3n de la democracia. La lucha &hellip; <a href=\"https:\/\/blogs.noticiasdenavarra.com\/prolibertatepatria\/2014\/11\/10\/10n-y-ahora-que\/\" class=\"more-link\">Sigue leyendo <span class=\"screen-reader-text\">10N \u00bfy ahora qu\u00e9?<\/span><\/a><\/p>\n","protected":false},"author":80,"featured_media":0,"comment_status":"open","ping_status":"open","sticky":false,"template":"","format":"standard","meta":{"footnotes":""},"categories":[4],"tags":[],"class_list":["post-150","post","type-post","status-publish","format-standard","hentry","category-sin-categoria"],"_links":{"self":[{"href":"https:\/\/blogs.noticiasdenavarra.com\/prolibertatepatria\/wp-json\/wp\/v2\/posts\/150","targetHints":{"allow":["GET"]}}],"collection":[{"href":"https:\/\/blogs.noticiasdenavarra.com\/prolibertatepatria\/wp-json\/wp\/v2\/posts"}],"about":[{"href":"https:\/\/blogs.noticiasdenavarra.com\/prolibertatepatria\/wp-json\/wp\/v2\/types\/post"}],"author":[{"embeddable":true,"href":"https:\/\/blogs.noticiasdenavarra.com\/prolibertatepatria\/wp-json\/wp\/v2\/users\/80"}],"replies":[{"embeddable":true,"href":"https:\/\/blogs.noticiasdenavarra.com\/prolibertatepatria\/wp-json\/wp\/v2\/comments?post=150"}],"version-history":[{"count":15,"href":"https:\/\/blogs.noticiasdenavarra.com\/prolibertatepatria\/wp-json\/wp\/v2\/posts\/150\/revisions"}],"predecessor-version":[{"id":166,"href":"https:\/\/blogs.noticiasdenavarra.com\/prolibertatepatria\/wp-json\/wp\/v2\/posts\/150\/revisions\/166"}],"wp:attachment":[{"href":"https:\/\/blogs.noticiasdenavarra.com\/prolibertatepatria\/wp-json\/wp\/v2\/media?parent=150"}],"wp:term":[{"taxonomy":"category","embeddable":true,"href":"https:\/\/blogs.noticiasdenavarra.com\/prolibertatepatria\/wp-json\/wp\/v2\/categories?post=150"},{"taxonomy":"post_tag","embeddable":true,"href":"https:\/\/blogs.noticiasdenavarra.com\/prolibertatepatria\/wp-json\/wp\/v2\/tags?post=150"}],"curies":[{"name":"wp","href":"https:\/\/api.w.org\/{rel}","templated":true}]}}