{"id":140,"date":"2014-09-19T08:50:39","date_gmt":"2014-09-19T08:50:39","guid":{"rendered":"http:\/\/blogs.noticiasdenavarra.com\/prolibertatepatria\/?p=140"},"modified":"2014-09-19T08:50:39","modified_gmt":"2014-09-19T08:50:39","slug":"escocia-fin-del-trayecto","status":"publish","type":"post","link":"https:\/\/blogs.noticiasdenavarra.com\/prolibertatepatria\/2014\/09\/19\/escocia-fin-del-trayecto\/","title":{"rendered":"Escocia, \u00bffin del trayecto?"},"content":{"rendered":"<p style=\"text-align: justify\"><em><a href=\"http:\/\/blogs.noticiasdenavarra.com\/prolibertatepatria\/files\/2014\/09\/Yes-No-e1411116302157.jpg\"><img loading=\"lazy\" decoding=\"async\" class=\"alignleft size-full wp-image-143\" style=\"margin-right: 20px\" src=\"http:\/\/blogs.noticiasdenavarra.com\/prolibertatepatria\/files\/2014\/09\/Yes-No-e1411116302157.jpg\" alt=\"Yes and no thanks signs scotland\" width=\"250\" height=\"243\" \/><\/a>I&#8217;ve just spoken to Alex Salmond, congratulating him on a hard-fought campaign. I&#8217;m delighted the SNP will join talks on further devolution. David Cameron, 19\/09\/14<\/em><\/p>\n<p style=\"text-align: justify\">Los escoceses han deshojado la margarita y han dicho que no, con un margen de aproximadamente 11 puntos. Nada desde\u00f1able por supuesto. Hasta el d\u00eda de hoy siempre se hablaba que el independentismo escoc\u00e9s rondaba el 30%, hoy, por fin tenemos una foto fija, y \u00e9sta nos dice que pr\u00e1cticamente la mitad del pa\u00eds quiere ser un nuevo estado. Tampoco para ser desde\u00f1ado.<\/p>\n<p style=\"text-align: justify\">Durante la campa\u00f1a del NO, los partidos unionistas ofrecieron m\u00e1s poderes para Escocia, y al ver que se iba de las manos el refer\u00e9ndum, apretaron el acelerador en cuanto a transferencia de poderes. Los escoceses tomaron nota, y a partir de hoy esperar\u00e1n que cumplan porque si no lo hacen se pueden encontrar con un nuevo refer\u00e9ndum en 10-15 a\u00f1os que esta vez no ganar\u00e1n. Es obvio que el SNP ha perdido, pero su derrota no ha sido tan mala. Al fin y al cabo Alex Salmond, Ministro Principal escoc\u00e9s, quiso que la opci\u00f3n del DEVO MAX estuviera en el refer\u00e9ndum, y ahora es lo que ofrecen.<\/p>\n<p style=\"text-align: justify\">David Cameron, Primer Ministro brit\u00e1nico, sabe muy bien que si ha tenido ese resultado ha sido por lo prometido, y por eso acaba de activar un cambio que probablemente revolucione Gran Breta\u00f1a. Porque no s\u00f3lo Escocia se va a ver afectada, sino que la devoluci\u00f3n de poderes va a ser para sus cuatro naciones, esto es la consabida Escocia, Gales, Irlanda del Norte, e Inglaterra. Este cambio le puede ocasionar graves problemas dentro de su propio partido pero es el precio a pagar. El centralismo de los estados unitarios se vuelve cada vez menos viable.<\/p>\n<p style=\"text-align: justify\">Quiero recordar tambi\u00e9n c\u00f3mo llegaron a este refer\u00e9ndum. El SNP consigui\u00f3 mayor\u00eda absoluta en 2011 con el refer\u00e9ndum en su programa electoral, y David Cameron acept\u00f3 negociar a la vista de dicho resultado. El Reino Unido no tiene una constituci\u00f3n escrita como tal, pero en el art\u00edculo primero del Union Act de 1707, en el que Escocia e Inglaterra se unen, dice claramente que \u201cser\u00e1n uno para siempre\u201d. Es obvio que nadie se ha escudado en eso para no dar voz a la ciudadan\u00eda escocesa, y atender sus necesidades actuales. Un aut\u00e9ntico ejercicio de democracia.<\/p>\n<p style=\"text-align: justify\">Este refer\u00e9ndum tendr\u00e1 consecuencias en Europa, a pesar de que hoy muchos respiren aliviados por no tener que tocar tratados mientras se mantienen de perfil que es lo mejor que saben hacer. Una de ellas es el propio refer\u00e9ndum que los brit\u00e1nicos celebrar\u00e1n para salirse de la Uni\u00f3n Europea si los conservadores ganan, tal y como prometi\u00f3 David Cameron. Escocia siempre se ha declarado europe\u00edsta, todo lo contrario que la muy euroesc\u00e9ptica Inglaterra. Cuento esto porque ayer se daba la paradoja de ver a pol\u00edticos espa\u00f1oles deseando que ganara el No, y uno de sus argumentos era por mantener unida Europa.<\/p>\n<p style=\"text-align: justify\">Y es que aqu\u00ed se presenta otra de las grandes inc\u00f3gnitas a corto plazo\u2026 \u00bfQu\u00e9 har\u00e1 la Escocia europe\u00edsta si el Reino Unido decide marcharse de la Uni\u00f3n Europea? Estas cuestiones se ir\u00e1n resolviendo poco a poco, pero desde luego no es el fin del trayecto del independentismo escoc\u00e9s, cuyo gran logro ha sido el reconocimiento de su derecho a decidir. Y no es balad\u00ed, en otras plazas cuesta asumir este derecho fundamental.<\/p>\n","protected":false},"excerpt":{"rendered":"<p>I&#8217;ve just spoken to Alex Salmond, congratulating him on a hard-fought campaign. I&#8217;m delighted the SNP will join talks on further devolution. David Cameron, 19\/09\/14 Los escoceses han deshojado la margarita y han dicho que no, con un margen de aproximadamente 11 puntos. Nada desde\u00f1able por supuesto. Hasta el d\u00eda de hoy siempre se hablaba &hellip; <a href=\"https:\/\/blogs.noticiasdenavarra.com\/prolibertatepatria\/2014\/09\/19\/escocia-fin-del-trayecto\/\" class=\"more-link\">Sigue leyendo <span class=\"screen-reader-text\">Escocia, \u00bffin del trayecto?<\/span><\/a><\/p>\n","protected":false},"author":80,"featured_media":0,"comment_status":"open","ping_status":"open","sticky":false,"template":"","format":"standard","meta":{"footnotes":""},"categories":[4],"tags":[],"class_list":["post-140","post","type-post","status-publish","format-standard","hentry","category-sin-categoria"],"_links":{"self":[{"href":"https:\/\/blogs.noticiasdenavarra.com\/prolibertatepatria\/wp-json\/wp\/v2\/posts\/140","targetHints":{"allow":["GET"]}}],"collection":[{"href":"https:\/\/blogs.noticiasdenavarra.com\/prolibertatepatria\/wp-json\/wp\/v2\/posts"}],"about":[{"href":"https:\/\/blogs.noticiasdenavarra.com\/prolibertatepatria\/wp-json\/wp\/v2\/types\/post"}],"author":[{"embeddable":true,"href":"https:\/\/blogs.noticiasdenavarra.com\/prolibertatepatria\/wp-json\/wp\/v2\/users\/80"}],"replies":[{"embeddable":true,"href":"https:\/\/blogs.noticiasdenavarra.com\/prolibertatepatria\/wp-json\/wp\/v2\/comments?post=140"}],"version-history":[{"count":3,"href":"https:\/\/blogs.noticiasdenavarra.com\/prolibertatepatria\/wp-json\/wp\/v2\/posts\/140\/revisions"}],"predecessor-version":[{"id":146,"href":"https:\/\/blogs.noticiasdenavarra.com\/prolibertatepatria\/wp-json\/wp\/v2\/posts\/140\/revisions\/146"}],"wp:attachment":[{"href":"https:\/\/blogs.noticiasdenavarra.com\/prolibertatepatria\/wp-json\/wp\/v2\/media?parent=140"}],"wp:term":[{"taxonomy":"category","embeddable":true,"href":"https:\/\/blogs.noticiasdenavarra.com\/prolibertatepatria\/wp-json\/wp\/v2\/categories?post=140"},{"taxonomy":"post_tag","embeddable":true,"href":"https:\/\/blogs.noticiasdenavarra.com\/prolibertatepatria\/wp-json\/wp\/v2\/tags?post=140"}],"curies":[{"name":"wp","href":"https:\/\/api.w.org\/{rel}","templated":true}]}}