{"id":132,"date":"2014-09-17T08:12:19","date_gmt":"2014-09-17T08:12:19","guid":{"rendered":"http:\/\/blogs.noticiasdenavarra.com\/prolibertatepatria\/?p=132"},"modified":"2014-09-17T08:15:36","modified_gmt":"2014-09-17T08:15:36","slug":"el-iva-de-la-volkswagen-y-osasuna","status":"publish","type":"post","link":"https:\/\/blogs.noticiasdenavarra.com\/prolibertatepatria\/2014\/09\/17\/el-iva-de-la-volkswagen-y-osasuna\/","title":{"rendered":"El IVA de la Volkswagen y Osasuna"},"content":{"rendered":"<p style=\"text-align: justify\"><em><a href=\"http:\/\/blogs.noticiasdenavarra.com\/prolibertatepatria\/files\/2014\/09\/11-El-Fuero-Navarro-derogado-de-Facto.jpg\"><img loading=\"lazy\" decoding=\"async\" class=\"alignleft wp-image-133\" style=\"margin-right: 20px\" src=\"http:\/\/blogs.noticiasdenavarra.com\/prolibertatepatria\/files\/2014\/09\/11-El-Fuero-Navarro-derogado-de-Facto.jpg\" alt=\"El Fuero en la actualidad\" width=\"200\" height=\"150\" srcset=\"https:\/\/blogs.noticiasdenavarra.com\/prolibertatepatria\/files\/2014\/09\/11-El-Fuero-Navarro-derogado-de-Facto.jpg 800w, https:\/\/blogs.noticiasdenavarra.com\/prolibertatepatria\/files\/2014\/09\/11-El-Fuero-Navarro-derogado-de-Facto-580x435.jpg 580w\" sizes=\"auto, (max-width: 200px) 100vw, 200px\" \/><\/a>La situaci\u00f3n es tan ins\u00f3lita que los presupuestos de Navarra -pese a su r\u00e9gimen foral- dependen en realidad de Madrid, que es quien acaba de firmar un acuerdo con el Gobierno navarro dando <strong>cobertura legal<\/strong> a este desaguisado. Sin este acuerdo, firmado tras el encuentro entre <strong>Rajoy<\/strong> y la presidenta de Navarra, <strong>Yolanda Barcina,<\/strong> la comunidad foral estar\u00eda pr\u00e1cticamente intervenida debido al enorme peso del IVA de Volkswagen respecto de su recaudaci\u00f3n.<\/em> El Confidencial.com Mayo 2012<em><br \/>\n<\/em><\/p>\n<p style=\"text-align: justify\">Han pasado dos a\u00f1os y medio desde que Aritz Intxusta levantara la perdiz en Gara con el tema del IVA de la Volkswagen, y desde entonces ha pasado relativamente desapercibido en Navarra. Resumiendo, seis meses antes de que saliera en prensa, la Agencia Tributaria abri\u00f3 un expediente de inspecci\u00f3n por dicha pr\u00e1ctica, pero Montoro lleg\u00f3 un acuerdo con el ex consejero Miranda para pagar 25 millones durante los siguientes 4 a\u00f1os. Se acord\u00f3 tambi\u00e9n solventar el problema en la Junta Arbitral, pero est\u00e1 claro que el acta de inspecci\u00f3n no se anul\u00f3, simplemente durmi\u00f3 el sue\u00f1o de los justos. Hasta hoy.<br \/>\nY estamos hablando de much\u00edsimo dinero, m\u00e1s de 1.500 millones de \u20ac, que suponen el presupuesto de Educaci\u00f3n y Sanidad tal y como se\u00f1alaba el periodista de Gara. Si a eso le a\u00f1adimos la actual deuda tenemos un problema que pr\u00e1cticamente nos aboca a la quiebra de la Comunidad Foral, y las terribles consecuencias que tiene eso, en el caso de que el Tribunal Supremo de la raz\u00f3n al Estado. Una de ellas es que el Convenio se quedar\u00eda en papel mojado, y con ella nuestra capacidad fiscal. Es decir, una hermosa fachada, pero sin nada detr\u00e1s.<\/p>\n<p style=\"text-align: justify\">Hasta aqu\u00ed los hechos, a partir de aqu\u00ed habr\u00eda que preguntarse el porqu\u00e9 se permiti\u00f3 durante 17 a\u00f1os este apa\u00f1o contable. \u00bfQu\u00e9 han hecho en el Gobierno de Navarra en todo este asunto? Porque si ese dinero no nos correspond\u00eda ahora mismo estamos en una situaci\u00f3n sin salida para Navarra. \u00bfQu\u00e9 ha hecho el Gobierno Foral para evitar esta situaci\u00f3n?, \u00bfPor qu\u00e9 este asunto estalla ahora a escasos meses de las elecciones?, \u00bfEs un aviso a navegantes para que los navarros y las navarras voten <em>como es debido<\/em>?, \u00bfIntentan asustar para luego quedar como salvadores?<\/p>\n<p style=\"text-align: justify\">Las respuestas a estas preguntas pueden ser muy variadas, y dejar volar la imaginaci\u00f3n de cada cual es muy sencillo, pero para m\u00ed tiene toda la pinta de ser un Caso Osasuna Bis a lo grande. Dec\u00eda Hanlon que \u201c<em>Nunca atribuyas a la maldad lo que puede ser explicado por la estupidez<\/em>\u201d, y aqu\u00ed podemos tener un poco de eso en los gobernantes navarros que engordaron la bola hasta que ya no ha podido ir m\u00e1s adelante. Es decir que lo que la Hacienda Foral hizo con Osasuna, lo hizo el Estado con la Hacienda Foral. Pero de la misma manera que Navarra no puede pasar la deuda rojilla, el Estado tampoco puede permitirse perdonar una deuda de 1.500 millones de \u20ac por el coste pol\u00edtico que puede tener para ellos. La cuesti\u00f3n, como he dicho antes, es por qu\u00e9 lo permiti\u00f3 antes. Para m\u00ed la clave est\u00e1 en el famoso \u201c<em>Navarra, cuesti\u00f3n de Estado<\/em>\u201d.<\/p>\n<p style=\"text-align: justify\">El panorama se presenta muy negro puesto que es casi imposible que Navarra devuelva todo ese dinero, sin contar las consecuencias que para el Estado del Bienestar puedan tener. Tambi\u00e9n me resulta muy dif\u00edcil, dando por hecho que el Supremo falle a favor del Estado cosa muy probable, que nos vayan a perdonar dicha deuda. Ya se encargar\u00e1n aquellos que quieren derogar el Convenio, que no est\u00e1n \u00fanicamente en UPyD, de meter la suficiente presi\u00f3n para que eso no ocurra.<br \/>\nPara finalizar una reflexi\u00f3n pol\u00edtica, al Estado no le hace falta cambiar la Constituci\u00f3n para cargarse el Fuero. Le basta con vaciarlo de contenido. Y en esas estamos.<\/p>\n","protected":false},"excerpt":{"rendered":"<p>La situaci\u00f3n es tan ins\u00f3lita que los presupuestos de Navarra -pese a su r\u00e9gimen foral- dependen en realidad de Madrid, que es quien acaba de firmar un acuerdo con el Gobierno navarro dando cobertura legal a este desaguisado. Sin este acuerdo, firmado tras el encuentro entre Rajoy y la presidenta de Navarra, Yolanda Barcina, la &hellip; <a href=\"https:\/\/blogs.noticiasdenavarra.com\/prolibertatepatria\/2014\/09\/17\/el-iva-de-la-volkswagen-y-osasuna\/\" class=\"more-link\">Sigue leyendo <span class=\"screen-reader-text\">El IVA de la Volkswagen y Osasuna<\/span><\/a><\/p>\n","protected":false},"author":80,"featured_media":0,"comment_status":"open","ping_status":"open","sticky":false,"template":"","format":"standard","meta":{"footnotes":""},"categories":[4],"tags":[],"class_list":["post-132","post","type-post","status-publish","format-standard","hentry","category-sin-categoria"],"_links":{"self":[{"href":"https:\/\/blogs.noticiasdenavarra.com\/prolibertatepatria\/wp-json\/wp\/v2\/posts\/132","targetHints":{"allow":["GET"]}}],"collection":[{"href":"https:\/\/blogs.noticiasdenavarra.com\/prolibertatepatria\/wp-json\/wp\/v2\/posts"}],"about":[{"href":"https:\/\/blogs.noticiasdenavarra.com\/prolibertatepatria\/wp-json\/wp\/v2\/types\/post"}],"author":[{"embeddable":true,"href":"https:\/\/blogs.noticiasdenavarra.com\/prolibertatepatria\/wp-json\/wp\/v2\/users\/80"}],"replies":[{"embeddable":true,"href":"https:\/\/blogs.noticiasdenavarra.com\/prolibertatepatria\/wp-json\/wp\/v2\/comments?post=132"}],"version-history":[{"count":5,"href":"https:\/\/blogs.noticiasdenavarra.com\/prolibertatepatria\/wp-json\/wp\/v2\/posts\/132\/revisions"}],"predecessor-version":[{"id":138,"href":"https:\/\/blogs.noticiasdenavarra.com\/prolibertatepatria\/wp-json\/wp\/v2\/posts\/132\/revisions\/138"}],"wp:attachment":[{"href":"https:\/\/blogs.noticiasdenavarra.com\/prolibertatepatria\/wp-json\/wp\/v2\/media?parent=132"}],"wp:term":[{"taxonomy":"category","embeddable":true,"href":"https:\/\/blogs.noticiasdenavarra.com\/prolibertatepatria\/wp-json\/wp\/v2\/categories?post=132"},{"taxonomy":"post_tag","embeddable":true,"href":"https:\/\/blogs.noticiasdenavarra.com\/prolibertatepatria\/wp-json\/wp\/v2\/tags?post=132"}],"curies":[{"name":"wp","href":"https:\/\/api.w.org\/{rel}","templated":true}]}}