{"id":103,"date":"2014-07-17T09:12:14","date_gmt":"2014-07-17T09:12:14","guid":{"rendered":"http:\/\/blogs.noticiasdenavarra.com\/prolibertatepatria\/?p=103"},"modified":"2014-07-17T09:12:14","modified_gmt":"2014-07-17T09:12:14","slug":"las-dos-caras-de-la-misma-moneda","status":"publish","type":"post","link":"https:\/\/blogs.noticiasdenavarra.com\/prolibertatepatria\/2014\/07\/17\/las-dos-caras-de-la-misma-moneda\/","title":{"rendered":"Las dos caras de la misma moneda"},"content":{"rendered":"<p style=\"text-align: justify\"><em>\u00abSi la mayor\u00eda de vascos quisiera la independencia la democracia se adaptar\u00eda\u00bb<\/em><em>. Rosa D\u00edez en 1999.<\/em><\/p>\n<p style=\"text-align: justify\"><a href=\"http:\/\/blogs.noticiasdenavarra.com\/prolibertatepatria\/files\/2014\/07\/Monedas.jpg\"><img loading=\"lazy\" decoding=\"async\" class=\"alignleft wp-image-109\" style=\"margin-right: 20px\" src=\"http:\/\/blogs.noticiasdenavarra.com\/prolibertatepatria\/files\/2014\/07\/Monedas.jpg\" alt=\"Monedas\" width=\"200\" height=\"181\" \/><\/a>La cosa va de manifiestos, espa\u00f1oles por supuesto. Hoy nos hemos levantado con la publicaci\u00f3n de dos documentos, aparentemente contrarios, pero que en el fondo son la misma cosa. En uno de ellos se pide mano dura, y todas las actuaciones posibles dentro de la ley espa\u00f1ola para evitar algo tan antidemocr\u00e1tico como una consulta popular. Entre los intelectuales que abanderan esta propuesta est\u00e1 Mario Vargas Llosa que como todos sabemos es un espa\u00f1ol vecino de la Comunidad Aut\u00f3noma del Per\u00fa, y que fue aspirante a presidir la decimoctava regi\u00f3n espa\u00f1ola, ya que el Per\u00fa no se independiz\u00f3 de Espa\u00f1a de manera ilegal e inconstitucional en 1821. El otro manifiesto, con Zarzalejos y el ex juez Garz\u00f3n como primeros espadas y reconocidos federalistas ambos, enarbola el renacido federalismo socialista, y nos cuenta una de indios en la que se reconoce las diferentes identidades, que no naciones, que pueblan Espa\u00f1a. Por supuesto ni menci\u00f3n al Derecho a Decidir que actualmente ocupa el debate pol\u00edtico territorial.<\/p>\n<p style=\"text-align: justify\">Un manifiesto, el duro, que se parece mucho a la postura inmovilista del Partido Popular, y el otro, al acuerdo que se lleg\u00f3 en Granada entre el PSC, y su matriz, el PSOE. Se dir\u00eda que ambos son irreconciliables, y en mi opini\u00f3n a lo que estamos asistiendo es al viejo juego del poli bueno, poli malo, o mientras uno saca el pu\u00f1o de hierro, el otro ofrece el guante de seda. No s\u00e9 si esta forma de actuar estar\u00e1 coordinada o no, pero para el resultado final lo mismo da. Eso es debido a que son necesarias ambas partes\u00a0para que la consulta tire para adelante legalmente, as\u00ed que aunque realmente la postura posibilista sea totalmente sincera, no deja de ser papel mojado.<\/p>\n<p style=\"text-align: justify\">Volviendo al texto federalista, opino que a estas alturas del partido se obvie la discusi\u00f3n sobre la posibilidad de que una Comunidad pueda secesionarse de Espa\u00f1a es no abordar el n\u00facleo del problema territorial. Problema que podr\u00edamos situarlo en toda la actuaci\u00f3n con respecto al Estatut, y el llamado Plan Ibarretxe pero cuyas ra\u00edces son mucho m\u00e1s profundas y lejanas en el tiempo. Hace tiempo, un amigo m\u00edo me presagi\u00f3 que tras un enconamiento pol\u00edtico se ofrecer\u00eda desde Madrid una oferta de tercera v\u00eda que llegar\u00eda tarde. Ahora mismo estamos en ese punto. La cuesti\u00f3n es si llega tarde porque creo que su momento era en 2006, y si tiene posibilidades reales de cuajar. Echo de menos en ese manifiesto una propuesta clara para solucionar la territorialidad del estado, y no una referencia a que hay que modificar la Constituci\u00f3n. Si se hubiese reconocido la plurinacionalidad del estado, y que se puede abordar, por ejemplo, incluyendo a Catalu\u00f1a en la Disposici\u00f3n Adicional Primera tendr\u00edamos una oferta tangible y concreta.<\/p>\n<p style=\"text-align: justify\">No obstante, y rebajando un poco el tono agrio de mi cr\u00edtica anterior, se agradece, y es positivo que por lo menos se trate de rebajar el tono, y civilizar un debate, el territorial, que tantas pasiones desata.<\/p>\n<p style=\"text-align: justify\">Jos\u00e9 Antonio Beloqui Colomo.<\/p>\n<p style=\"text-align: justify\"><em>Imagen cogida de www.mprende.es<\/em><\/p>\n","protected":false},"excerpt":{"rendered":"<p>\u00abSi la mayor\u00eda de vascos quisiera la independencia la democracia se adaptar\u00eda\u00bb. Rosa D\u00edez en 1999. La cosa va de manifiestos, espa\u00f1oles por supuesto. Hoy nos hemos levantado con la publicaci\u00f3n de dos documentos, aparentemente contrarios, pero que en el fondo son la misma cosa. En uno de ellos se pide mano dura, y todas &hellip; <a href=\"https:\/\/blogs.noticiasdenavarra.com\/prolibertatepatria\/2014\/07\/17\/las-dos-caras-de-la-misma-moneda\/\" class=\"more-link\">Sigue leyendo <span class=\"screen-reader-text\">Las dos caras de la misma moneda<\/span><\/a><\/p>\n","protected":false},"author":80,"featured_media":0,"comment_status":"open","ping_status":"open","sticky":false,"template":"","format":"standard","meta":{"footnotes":""},"categories":[4],"tags":[],"class_list":["post-103","post","type-post","status-publish","format-standard","hentry","category-sin-categoria"],"_links":{"self":[{"href":"https:\/\/blogs.noticiasdenavarra.com\/prolibertatepatria\/wp-json\/wp\/v2\/posts\/103","targetHints":{"allow":["GET"]}}],"collection":[{"href":"https:\/\/blogs.noticiasdenavarra.com\/prolibertatepatria\/wp-json\/wp\/v2\/posts"}],"about":[{"href":"https:\/\/blogs.noticiasdenavarra.com\/prolibertatepatria\/wp-json\/wp\/v2\/types\/post"}],"author":[{"embeddable":true,"href":"https:\/\/blogs.noticiasdenavarra.com\/prolibertatepatria\/wp-json\/wp\/v2\/users\/80"}],"replies":[{"embeddable":true,"href":"https:\/\/blogs.noticiasdenavarra.com\/prolibertatepatria\/wp-json\/wp\/v2\/comments?post=103"}],"version-history":[{"count":11,"href":"https:\/\/blogs.noticiasdenavarra.com\/prolibertatepatria\/wp-json\/wp\/v2\/posts\/103\/revisions"}],"predecessor-version":[{"id":115,"href":"https:\/\/blogs.noticiasdenavarra.com\/prolibertatepatria\/wp-json\/wp\/v2\/posts\/103\/revisions\/115"}],"wp:attachment":[{"href":"https:\/\/blogs.noticiasdenavarra.com\/prolibertatepatria\/wp-json\/wp\/v2\/media?parent=103"}],"wp:term":[{"taxonomy":"category","embeddable":true,"href":"https:\/\/blogs.noticiasdenavarra.com\/prolibertatepatria\/wp-json\/wp\/v2\/categories?post=103"},{"taxonomy":"post_tag","embeddable":true,"href":"https:\/\/blogs.noticiasdenavarra.com\/prolibertatepatria\/wp-json\/wp\/v2\/tags?post=103"}],"curies":[{"name":"wp","href":"https:\/\/api.w.org\/{rel}","templated":true}]}}