{"id":85,"date":"2009-09-26T09:35:14","date_gmt":"2009-09-26T09:35:14","guid":{"rendered":"http:\/\/nafarherria.wordpress.com\/?p=85"},"modified":"2009-09-26T09:35:14","modified_gmt":"2009-09-26T09:35:14","slug":"se-equivoca-aralar","status":"publish","type":"post","link":"https:\/\/blogs.noticiasdenavarra.com\/nafarherria\/2009\/09\/26\/se-equivoca-aralar\/","title":{"rendered":"Se equivoca Aralar\u2026."},"content":{"rendered":"<p style=\"text-align:justify\"><a href=\"http:\/\/blogs.noticiasdenavarra.com\/nafarherria\/files\/2011\/03\/equivocar.jpg\"><img loading=\"lazy\" decoding=\"async\" class=\"alignleft size-full wp-image-86\" src=\"http:\/\/blogs.noticiasdenavarra.com\/nafarherria\/files\/2011\/03\/equivocar.jpg\" alt=\"\" width=\"265\" height=\"190\" \/><\/a>La polvareda que ha levantado la Ponencia Pol\u00edtica del IV Congreso de Aralar en lo que se refiere a Na Bai, en este mismo Blog tenemos un buen ejemplo de ello, no debe hacernos perder de vista el fondo pol\u00edtico que subyace en ella, fondo pol\u00edtico que se ve m\u00e1s claramente cuando se leen comentarios de aralarkides en diversos foros de Internet, menos sujetos a la cortes\u00eda a que obligan los documentos congresuales de un partido aunque quiz\u00e1s no sea la Ponencia Pol\u00edtica de Aralar el mejor ejemplo de tal cortes\u00eda, o en las declaraciones p\u00fablicas de alguno de sus dirigentes m\u00e1s aficionados a la rueda de prensa y la declaraci\u00f3n estridente.<\/p>\n<p style=\"text-align:justify\"><!--more-->Y es ese trasfondo pol\u00edtico el que nos debe preocupar, porque denota una importante incapacidad para el an\u00e1lisis pol\u00edtico y la autocr\u00edtica, y comete dos errores de bulto que no solo pueden pagar ellos sino hacernoslo pagar a todos los nacionalistas vascos de Navarra, que despu\u00e9s de treinta a\u00f1os de traves\u00eda del desierto, por fin, hab\u00edamos encontrado una herramienta eficaz para avanzar en la estructuraci\u00f3n social e identitaria de Navarra.<\/p>\n<p style=\"text-align:justify\">A mi entender, Aralar incurre en dos errores de bulto en su an\u00e1lisis de la situaci\u00f3n de Na Bai y la problem\u00e1tica de su propia imbricaci\u00f3n en ella:<\/p>\n<p style=\"text-align:justify\">A pesar de que su documento congresual reconoce la existencia de \u00e1mbitos de decisi\u00f3n diferentes en Euskalerria que responden a estad\u00edos de construcci\u00f3n nacional distintos, su crecimiento y asentamiento electoral en la CAPV, el an\u00e1lisis de las causas de esto dar\u00eda para otro art\u00edculo, producido en las \u00faltimas elecciones al Parlamento vasco, obviando curiosamente los resultados de las Europeas, le ha llevado a asumir un protagonismo creciente en Nafarroa Bai, las declaraciones de Jim\u00e9nez al respecto son clarificadoras, e incluso reclamar para si el liderazgo ideol\u00f3gico de la coalici\u00f3n. Y esto es un error porque se est\u00e1 actuando en Nafarroa con una perspectiva nacional y se corre el riesgo, de repetir errores del pasado, de ahondar la grieta navarra. Nafarroa Bai, en el momento actual debe operar desde una perspectiva exclusivamente navarra y en funci\u00f3n de las necesidades de Navarra, que en este momento, evidentemente, no son ni la Soberan\u00eda ni el Socialismo, sino m\u00e1s bien el cambio pol\u00edtico, la cohesi\u00f3n social y el reconocimiento identitario.<\/p>\n<p style=\"text-align:justify\">En Navarra no existe un referente electoral que sustente las tesis predominantes de Aralar, m\u00e1s al contrario, los \u00fanicos resultados analizables, si es que el escasisimo nivel de participaci\u00f3n nos lo permite, son las Europeas, donde el experimento Nafarroa Ez, coleccion\u00f3 una sonora bofetada por parte del electorado navarro.<\/p>\n<p style=\"text-align:justify\">Y se equivoca Aralar al pensar que una buena soluci\u00f3n ser\u00eda que la Coalici\u00f3n asumiese su propio ideario y tesis pol\u00edticas:<\/p>\n<p style=\"text-align:justify\"><em>\u201cUna coalici\u00f3n, como <\/em><em>la actual NABAI<\/em><em>, limita el trabajo de Aralar como partido y nos obliga a renunciar a partes importantes de nuestro ideario o propuestas pol\u00edticas, algo poco conveniente. Con qui\u00e9n y para qu\u00e9, este ha de ser el debate y la reflexi\u00f3n que hemos de realizar para decidir sobre la forma de continuidad en NABAI\u201d.<\/em><\/p>\n<p style=\"text-align:justify\"><em>\u00a0<\/em><\/p>\n<p style=\"text-align:justify\">Y se equivoca porque es precisamente esa renuncia, la suya y la de todos los dem\u00e1s socios de la coalici\u00f3n, la que constituye el mayor activo electoral de Nafarroa Bai. La unidad de acci\u00f3n desde la diversidad ideol\u00f3gica constity\u00f3 uno de los pilares fundamentales del \u00e9xito nabaizale. Resulta evidente para cualquier analista informado, e incluso para alg\u00fan nost\u00e1lgico, que el mayor \u00e9xito electoral de una opci\u00f3n \u201cnacionalista\u201d en Navarra fue Euskal Herritarrok, donde hallaron cobijo HB, con Aralar dentro todav\u00eda, Batzarre y un numeroso grupo de independientes y en pleno auge de Lizarra-Garazi y con una tregua etarra en vigor\u2026 48.000 votos, a un mundo de los 80.000 que recaudo Nafarroa Bai en el 2007, y m\u00e1s teniendo en cuenta los veinte mil nulos que arrastraron en esas mismas elecciones las consignas de ANV.<\/p>\n<p style=\"text-align:justify\">As\u00ed pues, \u00bfCual es la verdadera fuerza de Aralar Navarra? \u00bfLe da esa fuerza real capacidad para reclamar el liderazgo, no solo organizativo que ya lo tiene sino el ideol\u00f3gico? Y la respuesta es no. Nafarroa Bai ser\u00e1 desde la diversidad y el consenso o no ser\u00e1. Tanto la eventual salida de Aralar de la coalici\u00f3n, las siglas Na Bai no son de su propiedad para que alguno se sienta m\u00e1s tranquilo, como su imposici\u00f3n ideol\u00f3gica solo llevar\u00edan a Aralar en un caso o Na Bai en otro al gheto electoral en que nos encontr\u00e1bamos hasta el 2004.<\/p>\n<p style=\"text-align:justify\">Pero hay otro elemento en la Ponencia de Aralar que me preocupa m\u00e1s, si cabe\u2026<\/p>\n<p style=\"text-align:justify\"><em>\u201cVarios caminos aparecen en <\/em><em>la encrucijada. Seguir<\/em><em> tal cual con NABAI. Apostar por seguir s\u00f3lo como <\/em><em>Aralar<\/em><em>. Consolidar NA-BAI adapt\u00e1ndola a una nueva realidad y corrigiendo los problemas. O, buscar otras alianzas\u201d.<\/em><\/p>\n<p style=\"text-align:justify\">\u00bfQu\u00e9 \u201cotras\u201d alianzas puede buscar, y sobre todo encontrar, Aralar? \u00bfEstamos asistiendo al inicio de otra operaci\u00f3n Euskadiko Eskerra alentada por Ferraz y los medios del estado? \u00bfSer\u00e1 el final de los gobiernos PSE-PP y UPN-PSN un Pacto a la catalana con Jim\u00e9nez y L\u00f3pez en las respectivas Lehendakaritzas? \u00bfEs la ruptura de Na Bai el precio del Poder?<\/p>\n<p style=\"text-align:justify\"><em><strong>Ander Muruzabal<\/strong><\/em><\/p>\n","protected":false},"excerpt":{"rendered":"<p>La polvareda que ha levantado la Ponencia Pol\u00edtica del IV Congreso de Aralar en lo que se refiere a Na Bai, en este mismo Blog tenemos un buen ejemplo de ello, no debe hacernos perder de vista el fondo pol\u00edtico que subyace en ella, fondo pol\u00edtico que se ve m\u00e1s claramente cuando se leen comentarios &hellip; <a href=\"https:\/\/blogs.noticiasdenavarra.com\/nafarherria\/2009\/09\/26\/se-equivoca-aralar\/\" class=\"more-link\">Sigue leyendo <span class=\"screen-reader-text\">Se equivoca Aralar\u2026.<\/span><\/a><\/p>\n","protected":false},"author":71,"featured_media":0,"comment_status":"open","ping_status":"open","sticky":false,"template":"","format":"standard","meta":{"footnotes":""},"categories":[188,192],"tags":[197,209,3009,3017,3018],"class_list":["post-85","post","type-post","status-publish","format-standard","hentry","category-nafarroa-bai","category-politica-navarra","tag-aralar","tag-equivocacion","tag-nafarroa-bai","tag-navarra","tag-psoe"],"_links":{"self":[{"href":"https:\/\/blogs.noticiasdenavarra.com\/nafarherria\/wp-json\/wp\/v2\/posts\/85","targetHints":{"allow":["GET"]}}],"collection":[{"href":"https:\/\/blogs.noticiasdenavarra.com\/nafarherria\/wp-json\/wp\/v2\/posts"}],"about":[{"href":"https:\/\/blogs.noticiasdenavarra.com\/nafarherria\/wp-json\/wp\/v2\/types\/post"}],"author":[{"embeddable":true,"href":"https:\/\/blogs.noticiasdenavarra.com\/nafarherria\/wp-json\/wp\/v2\/users\/71"}],"replies":[{"embeddable":true,"href":"https:\/\/blogs.noticiasdenavarra.com\/nafarherria\/wp-json\/wp\/v2\/comments?post=85"}],"version-history":[{"count":0,"href":"https:\/\/blogs.noticiasdenavarra.com\/nafarherria\/wp-json\/wp\/v2\/posts\/85\/revisions"}],"wp:attachment":[{"href":"https:\/\/blogs.noticiasdenavarra.com\/nafarherria\/wp-json\/wp\/v2\/media?parent=85"}],"wp:term":[{"taxonomy":"category","embeddable":true,"href":"https:\/\/blogs.noticiasdenavarra.com\/nafarherria\/wp-json\/wp\/v2\/categories?post=85"},{"taxonomy":"post_tag","embeddable":true,"href":"https:\/\/blogs.noticiasdenavarra.com\/nafarherria\/wp-json\/wp\/v2\/tags?post=85"}],"curies":[{"name":"wp","href":"https:\/\/api.w.org\/{rel}","templated":true}]}}