{"id":818,"date":"2017-06-26T10:43:47","date_gmt":"2017-06-26T10:43:47","guid":{"rendered":"http:\/\/blogs.noticiasdenavarra.com\/nafarherria\/?p=818"},"modified":"2017-06-26T10:43:47","modified_gmt":"2017-06-26T10:43:47","slug":"la-espana-inconclusa-seran-las-espanas-o-no-sera","status":"publish","type":"post","link":"https:\/\/blogs.noticiasdenavarra.com\/nafarherria\/2017\/06\/26\/la-espana-inconclusa-seran-las-espanas-o-no-sera\/","title":{"rendered":"La Espa\u00f1a inconclusa, ser\u00e1n las Espa\u00f1as o no ser\u00e1."},"content":{"rendered":"<p style=\"text-align: center\"><a href=\"http:\/\/blogs.noticiasdenavarra.com\/nafarherria\/files\/2017\/06\/1850espanya.jpg\"><img loading=\"lazy\" decoding=\"async\" class=\"aligncenter size-large wp-image-819\" src=\"http:\/\/blogs.noticiasdenavarra.com\/nafarherria\/files\/2017\/06\/1850espanya-940x690.jpg\" alt=\"\" width=\"660\" height=\"484\" srcset=\"https:\/\/blogs.noticiasdenavarra.com\/nafarherria\/files\/2017\/06\/1850espanya-940x690.jpg 940w, https:\/\/blogs.noticiasdenavarra.com\/nafarherria\/files\/2017\/06\/1850espanya-580x426.jpg 580w, https:\/\/blogs.noticiasdenavarra.com\/nafarherria\/files\/2017\/06\/1850espanya-768x564.jpg 768w, https:\/\/blogs.noticiasdenavarra.com\/nafarherria\/files\/2017\/06\/1850espanya.jpg 1280w\" sizes=\"auto, (max-width: 660px) 100vw, 660px\" \/><\/a><em>Mapa de Espa\u00f1a en que se presenta la divisi\u00f3n territorial con la clasificaci\u00f3n de todas las Provincias de la Monarqu\u00eda seg\u00fan el r\u00e9gimen legal especial com\u00fan en ellos. <strong>Jorge Torres Villegas, Madrid 1852<\/strong><\/em><\/p>\n<p>Mientras el reloj independentista catal\u00e1n sigue inexorable su marcha hacia el refer\u00e9ndum del 1 de Octubre, mientras los primeros calores caniculares asoman por la capital del Reino y el Presidente tartufo se prepara para su jogging estival en alg\u00fan pazo gallego a la espera que el problema se resuelva solo, mientras el jacobinismo constitucional de los nuevos falangistas campa a sus anchas por las redes sociales clamando por la aplicaci\u00f3n del art\u00edculo 155 o el 8, que a algunos les va la marcha, mientras el nuevo socialismo prepara su asalto al poder, acerc\u00e1ndose a quienes lo que quieren asaltar es el cielo, y se desentiende del tema con una apelaci\u00f3n al federalismo y a la plurinacionalidad del estado que llega 40 a\u00f1os tarde, mientras el Pa\u00eds Vasco-Navarro, la Espa\u00f1a Foral, mira expectante a la vecina del este&#8230; A nadie parece preocuparle lo que va a suceder a partir del d\u00eda 2.<\/p>\n<p>Y es que a partir de ese d\u00eda puede suceder casi cualquier cosa\u2026<\/p>\n<p>Puede suceder que el President convoque el refer\u00e9ndum y se aplique el 155, o el 8 aunque esto sea m\u00e1s improbable, puede suceder Puigdemont d\u00e9 marcha atr\u00e1s y convoque elecciones antes de que el cielo se derrumbe sobre su cabeza, puede suceder que no se impida el refer\u00e9ndum y se le d\u00e9 la misma validez que al anterior intento, incluso puede suceder que Catalunya logre la ansiada independencia\u2026<\/p>\n<p>No ser\u00e9 yo el apriete el gatillo en la ruleta rusa catalana\u2026<\/p>\n<p>Pero en cualquiera de sus m\u00faltiples variables Espa\u00f1a seguir\u00e1 teniendo un problema, el mismo problema que ten\u00eda el 30 de septiembre, un problema que describi\u00f3 como nadie la novela cumbre de las letras castellanas, la costumbre inveterada de ver gigantes donde hay molinos, castillos donde hay posadas y princesas donde hay fregonas, con todos mis respetos a los molinos, las posadas y las fregonas normalmente mucho m\u00e1s merecedoras de \u00e9l que sus espejos literarios.<\/p>\n<p><!--more-->Es el problema de confundir una denominaci\u00f3n geogr\u00e1fica con un \u00e1mbito pol\u00edtico, es el problema de confundir un concepto jur\u00eddico, como es el estado, con un concepto identitario, cultural, como es la naci\u00f3n, y es el problema de confundir tu propio origen con uno idealizado ajeno.<\/p>\n<p>Y en eso estamos desde los decretos de Nueva Planta de 1716, la infausta Pepa de 1812, la traici\u00f3n vergonzosa que supuso la Paccionada en 1841 o la abolici\u00f3n de los Fueros vascos en 1876\u2026 160 a\u00f1os en que las Espa\u00f1as dejaron de serlo y se convirtieron, o mejor intentaron convertirse en un estado nacional jacobino y afrancesado, un estado uniforme y homog\u00e9neo donde las culturas, las lenguas o las identidades nacionales desaparecieran en una sola cultura hegem\u00f3nica com\u00fan de imposible digesti\u00f3n para todos aquellos a los que se quiso imponer.<\/p>\n<p>Y en eso estaremos el d\u00eda 2 se independice o no Catalunya, s\u00ed es no porque la actual tensi\u00f3n ira en aumento y si es s\u00ed porque la Espa\u00f1a Foral es la siguiente de la lista\u2026<\/p>\n<p>La Una-Grande-Libre, por mucho que resuene en las criptomisas en honor a la momia del Dictador en Cuelgamuros o se reivindique en nombre de la ciudadan\u00eda, la ciudadan\u00eda no se impone, se elige, no existe ni ha existido nunca si no se ha impuesto a golpe de ca\u00f1\u00f3n y dictadura, en cuanto se acaban estos infaustos per\u00edodos resurgen con m\u00e1s fuerza las naciones reales que ha habido en eso que los romanos dieron en llamar Hispania, una denominaci\u00f3n geogr\u00e1fica que en absoluto pol\u00edtica, que con unos u otros nombre son la propia Espa\u00f1a, Catalunya y Euskal Herria; la Espa\u00f1a uniforme, la Espa\u00f1a incorporada y la Espa\u00f1a Foral; Los reinos de Castilla, Arag\u00f3n y Navarra.<\/p>\n<p>Dec\u00eda el Presidente Suarez en 1976 en aquel famoso discurso que dio origen a la Transici\u00f3n \u201cElevar a la categor\u00eda pol\u00edtica de normal, lo que a nivel de calle es plenamente normal\u201d y ese es probablemente el reto. Asumir la realidad, ver los molinos, las posadas y las fregonas donde hay molinos, posadas y fregonas\u2026<\/p>\n<p>Y esa normalidad pol\u00edtica solo tiene una vertebraci\u00f3n territorial posible, el reconocimiento de que no existe la soberan\u00eda nacional y la asunci\u00f3n del derecho a decidir.<\/p>\n<p>De esa base podr\u00e1 salir un conjunto de estados nacionales cooperando\u00a0 confederalmente en un ente supranacional con soberan\u00edas compartidas, con v\u00edas de entrada y de salida; las Espa\u00f1as o un conjunto de estados nacionales que solo se vean las caras en Europa\u2026<\/p>\n<p>O eso o el conflicto permanente de la Espa\u00f1a inconclusa.<\/p>\n<p><strong><em>Ander Muruzabal<\/em><\/strong><\/p>\n","protected":false},"excerpt":{"rendered":"<p>Mapa de Espa\u00f1a en que se presenta la divisi\u00f3n territorial con la clasificaci\u00f3n de todas las Provincias de la Monarqu\u00eda seg\u00fan el r\u00e9gimen legal especial com\u00fan en ellos. Jorge Torres Villegas, Madrid 1852 Mientras el reloj independentista catal\u00e1n sigue inexorable su marcha hacia el refer\u00e9ndum del 1 de Octubre, mientras los primeros calores caniculares asoman &hellip; <a href=\"https:\/\/blogs.noticiasdenavarra.com\/nafarherria\/2017\/06\/26\/la-espana-inconclusa-seran-las-espanas-o-no-sera\/\" class=\"more-link\">Sigue leyendo <span class=\"screen-reader-text\">La Espa\u00f1a inconclusa, ser\u00e1n las Espa\u00f1as o no ser\u00e1.<\/span><\/a><\/p>\n","protected":false},"author":71,"featured_media":0,"comment_status":"closed","ping_status":"closed","sticky":false,"template":"","format":"standard","meta":{"footnotes":""},"categories":[508,203,475,516,215,220,187,232,248],"tags":[3026,202,3013,204,205,212,3015,3016,231,240,3018,426,3019],"class_list":["post-818","post","type-post","status-publish","format-standard","hentry","category-catalunya","category-constitucion","category-espana","category-europa","category-fuero","category-independencia","category-nacionalismo-vasco","category-navarra","category-soberania","tag-catalunya","tag-confederalismo","tag-constitucion","tag-cuestion-de-estado","tag-democracia","tag-euskadi","tag-fuero","tag-independencia","tag-nacionalismo","tag-pnv","tag-psoe","tag-rajoy","tag-soberania"],"_links":{"self":[{"href":"https:\/\/blogs.noticiasdenavarra.com\/nafarherria\/wp-json\/wp\/v2\/posts\/818","targetHints":{"allow":["GET"]}}],"collection":[{"href":"https:\/\/blogs.noticiasdenavarra.com\/nafarherria\/wp-json\/wp\/v2\/posts"}],"about":[{"href":"https:\/\/blogs.noticiasdenavarra.com\/nafarherria\/wp-json\/wp\/v2\/types\/post"}],"author":[{"embeddable":true,"href":"https:\/\/blogs.noticiasdenavarra.com\/nafarherria\/wp-json\/wp\/v2\/users\/71"}],"replies":[{"embeddable":true,"href":"https:\/\/blogs.noticiasdenavarra.com\/nafarherria\/wp-json\/wp\/v2\/comments?post=818"}],"version-history":[{"count":1,"href":"https:\/\/blogs.noticiasdenavarra.com\/nafarherria\/wp-json\/wp\/v2\/posts\/818\/revisions"}],"predecessor-version":[{"id":820,"href":"https:\/\/blogs.noticiasdenavarra.com\/nafarherria\/wp-json\/wp\/v2\/posts\/818\/revisions\/820"}],"wp:attachment":[{"href":"https:\/\/blogs.noticiasdenavarra.com\/nafarherria\/wp-json\/wp\/v2\/media?parent=818"}],"wp:term":[{"taxonomy":"category","embeddable":true,"href":"https:\/\/blogs.noticiasdenavarra.com\/nafarherria\/wp-json\/wp\/v2\/categories?post=818"},{"taxonomy":"post_tag","embeddable":true,"href":"https:\/\/blogs.noticiasdenavarra.com\/nafarherria\/wp-json\/wp\/v2\/tags?post=818"}],"curies":[{"name":"wp","href":"https:\/\/api.w.org\/{rel}","templated":true}]}}