{"id":814,"date":"2017-06-06T10:29:57","date_gmt":"2017-06-06T10:29:57","guid":{"rendered":"http:\/\/blogs.noticiasdenavarra.com\/nafarherria\/?p=814"},"modified":"2017-06-06T10:29:57","modified_gmt":"2017-06-06T10:29:57","slug":"la-navarra-de-carton-piedra","status":"publish","type":"post","link":"https:\/\/blogs.noticiasdenavarra.com\/nafarherria\/2017\/06\/06\/la-navarra-de-carton-piedra\/","title":{"rendered":"La Navarra de cart\u00f3n piedra."},"content":{"rendered":"<p><a href=\"http:\/\/blogs.noticiasdenavarra.com\/nafarherria\/files\/2017\/06\/Txistorra.jpg\"><img loading=\"lazy\" decoding=\"async\" class=\"aligncenter size-large wp-image-815\" src=\"http:\/\/blogs.noticiasdenavarra.com\/nafarherria\/files\/2017\/06\/Txistorra-940x576.jpg\" alt=\"Txistorra\" width=\"660\" height=\"404\" srcset=\"https:\/\/blogs.noticiasdenavarra.com\/nafarherria\/files\/2017\/06\/Txistorra-940x576.jpg 940w, https:\/\/blogs.noticiasdenavarra.com\/nafarherria\/files\/2017\/06\/Txistorra-580x356.jpg 580w, https:\/\/blogs.noticiasdenavarra.com\/nafarherria\/files\/2017\/06\/Txistorra.jpg 1600w\" sizes=\"auto, (max-width: 660px) 100vw, 660px\" \/><\/a><\/p>\n<p><em>\u201cNavarra cada d\u00eda va siendo menos vasca&#8230; y cada d\u00eda menos Navarra tambi\u00e9n. La Ley de degeneraci\u00f3n es doble: la una vac\u00eda el contenido vasco. La otra, el contenido navarro. Esta segunda ley opera con mayor lentitud que la otra\u201d.<\/em><\/p>\n<p><em>\u201cA la sombra de tan funesta Ley (se refiere a la \u201cPaccionada\u201d de 1841) se desliza Navarra por la pendiente de la asimilaci\u00f3n\u201d<\/em><\/p>\n<p style=\"text-align: right\"><strong>Arturo Campi\u00f3n.<\/strong><\/p>\n<p style=\"text-align: justify\">Si un investigador social, ajeno a la realidad pol\u00edtica de Navarra, hubiera paseado por las calles de Iru\u00f1a el pasado s\u00e1bado a eso de las 6 de la tarde lo m\u00e1s f\u00e1cil es que hubiera llegado a la conclusi\u00f3n de que la navarra es una sociedad esquizofr\u00e9nica.<\/p>\n<p style=\"text-align: justify\">Entre 15 y 25.000 personas, no soy yo quien va a discutir los datos variados que suelen dar sobre este tipo de convocatorias las partes interesadas, se manifestaron entre el \u00a0Parlamento de Navarra y la sede del Gobierno en defensa de la bandera de Navarra, bandera que, por supuesto, ondeaba pl\u00e1cidamente en ambas instituciones y en contra de la imposici\u00f3n, curiosa palabra para definir un acuerdo democr\u00e1tico de un Pleno Municipal, de la bandera vasca, bandera que como es l\u00f3gico no aparec\u00eda ni por asomo en las dos sedes del autogobierno navarro.<\/p>\n<p style=\"text-align: justify\">Son cosas que pasan cuando se convoca una movilizaci\u00f3n popular y no existe la gallard\u00eda suficiente para llamar a las cosas por su nombre y de lo que se trata es tirar de tripas y sentimientos para intentar llenar las calles con gente que probablemente no se hubiera movido de casa si la manifestaci\u00f3n se hubiera convocado con los verdaderos motivos y convocantes por delante.<\/p>\n<p style=\"text-align: justify\">Pero no es ese el motivo de este art\u00edculo\u2026<\/p>\n<p style=\"text-align: justify\"><!--more-->Me parece mucho m\u00e1s interesante analizar c\u00f3mo se ha llegado a construir esa identidad \u00a0navarra excluyente con gran parte de los navarros, esa Navarra de cart\u00f3n piedra, en un ejercicio de impostura digno de mejor causa.<\/p>\n<p style=\"text-align: justify\">Bastar\u00eda dar una vuelta por esas mismas calles que recorri\u00f3 la manifestaci\u00f3n para fijarse en el monumento m\u00e1s emblem\u00e1tico de Navarra, el de sus Fueros, y leer las inscripciones de su base<\/p>\n<p style=\"text-align: center\"><strong><em>\u00abGU GAURKO EUSKALDUNOK GURE AITASOEN ILLEZKORREN OROIPENEAN, BILDU GERA EMEN GURE LEGEA GORDE NAI DEGULA ERAKUSTEKO\u201d<\/em><\/strong><\/p>\n<p style=\"text-align: justify\"><em>\u00abNosotros, los vascos de hoy, nos hemos reunido aqu\u00ed en inmortal recuerdo de nuestros antepasados, para demostrar que queremos seguir manteniendo nuestra ley\u00bb.<\/em><\/p>\n<p style=\"text-align: justify\">Para darse cuenta de que hay algo que cuadra malamente con la, hasta hace dos escasos a\u00f1os, Navarra Oficial.<\/p>\n<p style=\"text-align: justify\">Y la pregunta es\u2026<\/p>\n<p style=\"text-align: justify\">\u00bfQu\u00e9 ha pasado en Navarra desde la aprobaci\u00f3n mayoritaria del Estatuto de Estella en 1931 para que Navarra, parafraseando a Campi\u00f3n, haya dejado de ser vasca y a la vez haya dejado de ser Navarra?<\/p>\n<p style=\"text-align: justify\">El 10 de agosto de 1931 la Asamblea de Municipios de Navarra aprobaba, con un 89,83 % de la poblaci\u00f3n all\u00ed representada por sus Ayuntamientos, el Estatuto Vasco-Navarro con este primer art\u00edculo:<\/p>\n<p style=\"text-align: justify\"><em>\u201cSe declara que el Pa\u00eds Vasco, integrado por las actuales provincias de \u00c1lava, Guip\u00fazcoa, Navarra y Vizcaya, constituye una entidad natural y jur\u00eddica con personalidad pol\u00edtica propia y se le reconoce como tal el derecho a constituirse y regirse por s\u00ed mismo, como Estado aut\u00f3nomo dentro de la totalidad del Estado Espa\u00f1ol\u201d<\/em><\/p>\n<p style=\"text-align: justify\">Se podr\u00eda pensar que nuestros abuelos en aquella fecha \u201cse hab\u00edan vuelto locos\u201d como sol\u00eda decir el \u00ednclito Miguel Sanz, probablemente el mejor ejemplo de esa Navarra de cart\u00f3n piedra, puesto que no parec\u00eda que los sentimientos abertzales en la sociedad navarra del primer tercio del siglo pasado fuesen algo muy extendido\u2026<\/p>\n<p style=\"text-align: justify\">Pero no hay m\u00e1s que mirar a la mayor\u00eda sociol\u00f3gica de aquella Navarra, todav\u00eda profundamente carlista, en palabras de la propia Comuni\u00f3n Tradicionalista, para entender la realidad sociopol\u00edtica de la misma\u2026<\/p>\n<p style=\"text-align: justify\"><em>\u201cRazones de hermandad y de conveniencia pol\u00edtica exigen que, en esta reconquista de nuestra personalidad, navarros, vizca\u00ednos, alaveses y guipuzcoanos seamos un solo y \u00fanico pueblo que reclama su libertad, sin que esta unidad de aspiraci\u00f3n y de raza implique uniformidad de legislaci\u00f3n y de \u00f3rganos de gobierno, sino recabando para cada uno de los componentes del Pa\u00eds Euzkaro lo que sea peculiar de su organizaci\u00f3n foral\u201d.<\/em><\/p>\n<p style=\"text-align: justify\">Efectivamente, Navarra era lo que hab\u00eda sido siempre; vasca\u2026<\/p>\n<p style=\"text-align: justify\">Solo un a\u00f1o m\u00e1s tarde, la Constituci\u00f3n de la Rep\u00fablica y la cuesti\u00f3n religiosa dieron al traste con el segundo proyecto de Estatuto Vasco Navarro. El sector olig\u00e1rquico de la sociedad navarra, el principal beneficiario del cambalache que supuso la Ley Paccionada, la libertad de Navarra por el control de su Hacienda, vio en peligro sus privilegios y se lanz\u00f3, apoyado en el Diario de Navarra de Garcilaso y en las teor\u00edas espa\u00f1olistas de V\u00edctor Pradera, a la desnaturalizaci\u00f3n de Navarra, la asonada militar del 36, el terror posterior y 40 a\u00f1os de Dictadura nacional-cat\u00f3lica hicieron el resto, cumpliendo a pies juntillas las prof\u00e9ticas palabras de Campi\u00f3n que encabezan este art\u00edculo\u2026 Navarra ha dejado de ser vasca y de ser Navarra tambi\u00e9n, y esta vez el mecanismo ha funcionado a la misma velocidad.<\/p>\n<p style=\"text-align: justify\">Quiz\u00e1s, nos olvidamos de leer lo que dejaron escrito nuestros antepasados o no fuimos capaces de o\u00eddles\u2026<\/p>\n<p style=\"text-align: center\"><strong><em>\u00abGU EUSKALDUNOK BESTE JAUN EZTEGU JAUNGOIKOA BAIZIK, ATZEKOARI OSTATUA EMATEN DEGU ONIRIZKERO BAINO EZTEGU NAI AIEN UZTARRIA JAZAN. ADITU EZAZUE ONDO, GURE SEMEAK\u00bb.<\/em><\/strong><\/p>\n<p style=\"text-align: justify\"><em>\u00abNosotros los vascos, no tenemos m\u00e1s se\u00f1or que Dios. Al extranjero le damos acogedora hospitalidad, pero no queremos soportar su yugo. O\u00eddlo bien, hijos nuestros\u00bb.<\/em><\/p>\n<p style=\"text-align: justify\">El resultado da como para mucho m\u00e1s que para flagelarse con una txistorra\u2026<\/p>\n<p style=\"text-align: justify\"><em><strong>Ander Muruzabal<\/strong><\/em><\/p>\n","protected":false},"excerpt":{"rendered":"<p>\u201cNavarra cada d\u00eda va siendo menos vasca&#8230; y cada d\u00eda menos Navarra tambi\u00e9n. La Ley de degeneraci\u00f3n es doble: la una vac\u00eda el contenido vasco. La otra, el contenido navarro. Esta segunda ley opera con mayor lentitud que la otra\u201d. \u201cA la sombra de tan funesta Ley (se refiere a la \u201cPaccionada\u201d de 1841) se &hellip; <a href=\"https:\/\/blogs.noticiasdenavarra.com\/nafarherria\/2017\/06\/06\/la-navarra-de-carton-piedra\/\" class=\"more-link\">Sigue leyendo <span class=\"screen-reader-text\">La Navarra de cart\u00f3n piedra.<\/span><\/a><\/p>\n","protected":false},"author":71,"featured_media":0,"comment_status":"closed","ping_status":"closed","sticky":false,"template":"","format":"standard","meta":{"footnotes":""},"categories":[215,274,232,192,245,258],"tags":[3003,3015,3024,287,229,3017,244,3004,3020,260],"class_list":["post-814","post","type-post","status-publish","format-standard","hentry","category-fuero","category-gobierno-de-navarra","category-navarra","category-politica-navarra","category-psoe","category-upn","tag-bandera-de-navarra","tag-fuero","tag-gobierno-de-navarra","tag-maria-chivite","tag-miguel-sanz","tag-navarra","tag-psn","tag-txistorra","tag-upn","tag-uxue-barkos"],"_links":{"self":[{"href":"https:\/\/blogs.noticiasdenavarra.com\/nafarherria\/wp-json\/wp\/v2\/posts\/814","targetHints":{"allow":["GET"]}}],"collection":[{"href":"https:\/\/blogs.noticiasdenavarra.com\/nafarherria\/wp-json\/wp\/v2\/posts"}],"about":[{"href":"https:\/\/blogs.noticiasdenavarra.com\/nafarherria\/wp-json\/wp\/v2\/types\/post"}],"author":[{"embeddable":true,"href":"https:\/\/blogs.noticiasdenavarra.com\/nafarherria\/wp-json\/wp\/v2\/users\/71"}],"replies":[{"embeddable":true,"href":"https:\/\/blogs.noticiasdenavarra.com\/nafarherria\/wp-json\/wp\/v2\/comments?post=814"}],"version-history":[{"count":1,"href":"https:\/\/blogs.noticiasdenavarra.com\/nafarherria\/wp-json\/wp\/v2\/posts\/814\/revisions"}],"predecessor-version":[{"id":816,"href":"https:\/\/blogs.noticiasdenavarra.com\/nafarherria\/wp-json\/wp\/v2\/posts\/814\/revisions\/816"}],"wp:attachment":[{"href":"https:\/\/blogs.noticiasdenavarra.com\/nafarherria\/wp-json\/wp\/v2\/media?parent=814"}],"wp:term":[{"taxonomy":"category","embeddable":true,"href":"https:\/\/blogs.noticiasdenavarra.com\/nafarherria\/wp-json\/wp\/v2\/categories?post=814"},{"taxonomy":"post_tag","embeddable":true,"href":"https:\/\/blogs.noticiasdenavarra.com\/nafarherria\/wp-json\/wp\/v2\/tags?post=814"}],"curies":[{"name":"wp","href":"https:\/\/api.w.org\/{rel}","templated":true}]}}