{"id":80,"date":"2009-09-11T09:25:57","date_gmt":"2009-09-11T09:25:57","guid":{"rendered":"http:\/\/nafarherria.wordpress.com\/?p=80"},"modified":"2009-09-11T09:25:57","modified_gmt":"2009-09-11T09:25:57","slug":"desde-la-torre-de-san-cernin-no-se-ve-maltzaga","status":"publish","type":"post","link":"https:\/\/blogs.noticiasdenavarra.com\/nafarherria\/2009\/09\/11\/desde-la-torre-de-san-cernin-no-se-ve-maltzaga\/","title":{"rendered":"Desde la torre de San Cernin no se ve Maltzaga"},"content":{"rendered":"<p style=\"text-align:justify\"><a href=\"http:\/\/blogs.noticiasdenavarra.com\/nafarherria\/files\/2011\/03\/san-cernin.jpg\"><img loading=\"lazy\" decoding=\"async\" class=\"alignright size-full wp-image-81\" src=\"http:\/\/blogs.noticiasdenavarra.com\/nafarherria\/files\/2011\/03\/san-cernin.jpg\" alt=\"\" width=\"182\" height=\"277\" \/><\/a>Dado que el tema del polo est\u00e1 dando que hablar y que entiendo que puede ser peor el remedio que la enfermedad, y aprovechando la defensa que hace Txema Landa de la Mesa de Maltzaga he querido dar aqu\u00ed mi opini\u00f3n sobre el polo, y m\u00e1s que sobre el polo sobre el propio concepto de soberanismo y sobre su precedente anterior; Lizarra Garazi. Dice Landa:<\/p>\n<p style=\"text-align:justify\"><em>\u201cA lo largo del a\u00f1o, especialmente estos \u00faltimos meses, unos y otros, as\u00ed en neutro, pues las entidades a las que me refiero no tienen ni g\u00e9nero ni sexo, no son humanas, han dedicado sus tiempos y espacios period\u00edsticos a la fabulaci\u00f3n de un instrumento del mal llamado polo soberanista.<\/em><em><\/em><\/p>\n<p style=\"text-align:justify\"><em><!--more-->En esa trampa han y hemos ca\u00eddo los y las que s\u00ed tenemos sexo y g\u00e9nero, y hemos iniciado una vor\u00e1gine de calificaciones y descalificaciones de pros y contras, pero a lo largo de todo este tiempo nadie ha dicho, con fundament\u00f3, qu\u00e9 es, qu\u00e9 debe ser, de d\u00f3nde procede y a d\u00f3nde se dirige el tan tra\u00eddo y llevado polo soberanista. Como mucho he llegado a leer, o\u00edr o ver contra qui\u00e9n est\u00e1 dirigido, seg\u00fan ellas y ellos claro est\u00e1\u201d. <\/em><\/p>\n<p style=\"text-align:justify\">Se confunde Txema Landa al decir que nadie ha dicho con fundamento que es, que debe ser, de donde procede y a donde se dirige el tan tra\u00eddo y llevado polo soberanista algunos lo han hecho, alto y claro, el polo soberanista, bien o mal llamado as\u00ed, o la mesa de Maltzaga no es m\u00e1s que un intento de rescatar el fracaso de Lizarra, como bien reconoce el autor unas l\u00edneas m\u00e1s abajo en su escrito, lo que debe ser seg\u00fan los impulsores de Maltzaga y la propia organizaci\u00f3n terrorista ETA es una nueva agrupaci\u00f3n de fuerzas nacionalistas vascas donde el protagonismo de las personas se traslade a las <em>\u201celites\u201d<\/em> dirigentes y si es posible a la <em>\u201cvanguardia\u201d<\/em> revolucionaria, procede del fracaso cincuentenario de ETA y de la necesidad de la Izquierda Abertzale Oficial de crearse un nuevo espacio de actuaci\u00f3n pol\u00edtica que supere el escenario actual de la Ley de partidos y las ilegalizaciones reactivando su acci\u00f3n pol\u00edtica y se dirige a la fagocitaci\u00f3n por parte de la IAO de todo el espacio que existe entre ella y el PNV e incluso de la parte \u201csoberanista\u201d de este.<\/p>\n<p style=\"text-align:justify\"><em>\u201cOtro de los elementos comunes de esos an\u00e1lisis interesados es que en ninguno de ellos se fija la foto de situaci\u00f3n, es decir que en este nuestro pa\u00eds estamos inmersos en un proceso de reconstrucci\u00f3n nacional, y a la vez y como consecuencia de \u00e9l, tambi\u00e9n en una situaci\u00f3n de enfrentamiento intergeneracional y multilateral\u201d. <\/em><\/p>\n<p style=\"text-align:justify\">Como de costumbre en los an\u00e1lisis de este peculiar sector pol\u00edtico, el inmovilismo y el haberse quedado en la era anal\u00f3gica les impide ver que la foto ha sido fijada en multitud de ocasiones, y afortunadamente no es fija y evoluciona, es probable que el se\u00f1or Landa necesite un cursillo acelerado de video, puesto que es evidente que ese proceso de reconstrucci\u00f3n nacional a que alude no existe, sino es de manera voluntarista, ni es \u00fanico ni tiene porque llevar a situaciones de enfrentamiento integeneracional ni multilateral, sino por el contrario a escenarios de trabajo de colaboraci\u00f3n y entendimiento que lo puedan crear, pero no desde la \u201cimposici\u00f3n\u201d de un soberanismo transnochado basado en criterios de pueblo como ente inmaterial y permanente, heredero indudable de la concepci\u00f3n patrimonial del estado mon\u00e1rquico y adaptado a una visi\u00f3n propia del revolucionarismo franc\u00e9s.<\/p>\n<p style=\"text-align:justify\">El soberanismo del S. XXI tendr\u00e1 que ser basado en un contrato ciudadano pluridentitario, basado en elementos comunes como la lengua, la historia o la tradici\u00f3n socio-pol\u00edtico-jur\u00eddica o la misma convivencia, o no ser\u00e1.<\/p>\n<p style=\"text-align:justify\"><em>\u201cEl hecho cierto m\u00e1s relevante, en relaci\u00f3n al susodicho polo, es a mi modo de entender <\/em><em>la iniciativa Maltzagako Aldarria<\/em><em>, que present\u00f3 un Documento por la apertura de un proceso soberanista al que se han adherido m\u00e1s de 1.500 personas procedentes de todos los continentes y todas las familias pol\u00edticas, sindicales y sociales abertzales. Teniendo por primera vez en este tipo de documentos una muy especial relevancia cuantitativa y cualitativa presencia de la di\u00e1spora vasca\u201d.<\/em><\/p>\n<p style=\"text-align:justify\">Es cierto que Maltzagako Aldarria ha presentado un documento para abrir un proceso soberanista y que este ha recibido alg\u00fan tipo de adhesi\u00f3n, bastante destacada entre la di\u00e1spora vasca, lo que no hace sino indicar el escaso nivel de contacto que mantiene con las distintas institucionalizaciones que posee el pueblo vasco a d\u00eda de hoy, y lo que es peor, con sus sociedades.<strong><em><\/em><\/strong><\/p>\n<p style=\"text-align:justify\"><em>\u201cEn primer lugar, el susodicho documento hace una precisi\u00f3n pues sit\u00faa el tiempo y el lugar:<\/em> <em>Entre Euskal Herria y los estados espa\u00f1ol y franc\u00e9s existe un conflicto hist\u00f3rico de naturaleza cultural y pol\u00edtica. Dicho conflicto ha tenido numerosas expresiones violentas que han afectado a muchas generaciones y a todos los sectores sociales\u201d.<\/em><\/p>\n<p style=\"text-align:justify\">Y sigue Landa elucubrando sobre la misma frase hecha y gastada, muy gastada, que no ha servido para mejorar la estructuraci\u00f3n de este pueblo sino todo lo contrario, justificar la violencia en funci\u00f3n de un hipot\u00e9tico conflicto y paralizar cualquier avance que hubiera sido posible hacia ese escenario de construcci\u00f3n nacional, pero adem\u00e1s la eleva a dogma de fe, pues en ella resume el \u00bfTiempo? Y el \u00bfLugar?. Confunde, como es habitual el concepto cultural etno-ling\u00fc\u00edstico que representa Euskalerria y le arroga derechos pol\u00edticos que justifiquen la premisa falsa del conflicto.<\/p>\n<p style=\"text-align:justify\">Olvida Landa que en Euskalherr\u00eda coexisten tres realidades institucionales hist\u00f3ricamente asentadas y aceptadas por sus ciudadanos en dos de los casos, excluyo aqu\u00ed a Navarra por motivos obvios, y un proyecto pol\u00edtico que algunos llamamos Euskadi que tiene poco que ver con la Euskalerria m\u00edtica y mucho m\u00e1s que ver con la construcci\u00f3n de un estado moderno que devuelva a los vascos, ciudadanos, su presencia en el mapa de las naciones.<\/p>\n<p style=\"text-align:justify\">Y olvida Landa, tambi\u00e9n, que son precisamente esas \u201cnumerosas expresiones violentas\u201d las que han impedido el avance de la sociedad vasca hacia ese escenario de construcci\u00f3n nacional, y que son esas mismas \u201cexpresiones violentas\u201d las que dan cobertura a la represi\u00f3n, las ilegalizaciones y la paralizaci\u00f3n del proyecto pol\u00edtico vasco.<\/p>\n<p style=\"text-align:justify\"><em>\u201cDefine de una manera bastante clara la metodolog\u00eda a seguir: Respetando las posibles diferencias de velocidad y contenidos que puedan darse entre los territorios de Euskal Herria, reivindicamos un proceso participativo de cambio pol\u00edtico del que no se excluya a nadie.\u201d<\/em><\/p>\n<p style=\"text-align:justify\">No le hace falta a Maltzaga\u00a0 definir metodolog\u00eda alguna \u00a0ni respetar velocidades y contenidos puesto que ya son las institucionalizaciones vascas las que se han dotado de metodolog\u00edas, velocidades y contenidos para seguir su propio camino. No hace falta convencer al estado, hace falta convencer a la ciudadan\u00eda vasca, el d\u00eda que lo consigamos, ese estado vasco que anhelamos ser\u00e1 una realidad. Saltarse los pasos del proceso y la tentaci\u00f3n del \u201catajo\u201d solo nos llevar\u00e1 al rechazo de la sociedad vasca y al alejamiento del final feliz deseado.<\/p>\n<p style=\"text-align:justify\"><em>\u201cAs\u00ed mismo reivindica, como no pudiera ser de otra manera, el abortado proceso de Lizarra Garazi.\u201d<\/em><\/p>\n<p style=\"text-align:justify\">Insiste pues Landa en el a\u00f1orado Lizarra Garazi, en el que cre\u00edmos todos en un momento dado, para ver con incredulidad como era dinamitado, nunca mejor utilizada la expresi\u00f3n, por quienes m\u00e1s ten\u00edan que ganar en el proceso siendo los que menos hab\u00edan arriesgado en \u00e9l. Es una lecci\u00f3n que algunos aprendimos\u2026<\/p>\n<p style=\"text-align:justify\"><em>\u201cComo ya se expres\u00f3 en 1998 por la mayor\u00eda de las fuerzas sociales, sindicales y pol\u00edticas de Euskal Herria: el marco jur\u00eddico pol\u00edtico vigente est\u00e1 definitivamente agotado y la situaci\u00f3n permite retomar otros debates fundamentales que afectan a la ra\u00edz origen del conflicto pol\u00edtico\u201d.<\/em><\/p>\n<p style=\"text-align:justify\">Es posible que los marcos jur\u00eddicos pol\u00edticos vigentes est\u00e9n agotados, yo mismo lo creo a pies juntillas, y est\u00e1n agotados porque no hemos sabido sacarles el jugo que ten\u00edan o porque el jugo que ten\u00edan no colmaba nuestras aspiraciones como nacionalistas vascos que somos, o por ambas cosas a la vez, o, quiz\u00e1s, porque calculamos mal su evoluci\u00f3n y las posibilidades que estas institucionalizaciones ten\u00edan, en el caso de Navarra el error \u201cpol\u00edtico\u201d fue clamoroso.<\/p>\n<p style=\"text-align:justify\">As\u00ed, la siguiente pregunta es \u00bfQu\u00e9 aporta un polo soberanista conjunto a la superaci\u00f3n de ese marco jur\u00eddico pol\u00edtico vigente,? Y la respuesta tambi\u00e9n parece resultar evidente, ofrecer cobertura legal a quien por su propio empecinamiento, con la ayuda, por supuesto, de un estado que todav\u00eda parece no haber asumido el concepto de libertad y de democracia a pesar de que ya hace a\u00f1os que el dictador cr\u00eda malvas en su fara\u00f3nico mausoleo, sea ha situado fuera del debate pol\u00edtico. Y la segunda pregunta es \u00bfMerece la pena el riesgo que supone reeditar Lizarra con las garant\u00edas que nos ofrece la IAO? y a esa pregunta deben responder los agentes que se quieran implicar en la operaci\u00f3n, yo, por de pronto lo tengo muy claro.<\/p>\n<p style=\"text-align:justify\">Pero hay una tercera pregunta \u00bfNo es mejor reeditar f\u00f3rmulas que en el pasado fueron eficaces y que son perfectamente modificables y adaptables a la realidad actual, f\u00f3rmulas que tienen peso y raz\u00f3n jur\u00eddica, y sustituir con ellas ese marco agotado? \u00bfNo es mejor aglutinar esfuerzos en las diferentes institucionalizaciones vascas para reivindicar lo que sus respectivas sociedades entienden como propio para que una vez alcanzadas esas nuevas instituciones podamos desde ellas construir Euskadi? Nafarroa Bai est\u00e1 siendo un buen ejemplo de ello.<\/p>\n<p style=\"text-align:justify\"><em>\u201cEn el lado contrario, el de los agentes del eje del bien, se ha iniciado una persecuci\u00f3n basada en dos o tres leyes aprobadas por el Parlamento Espa\u00f1ol y refrendada una de ellas por el Parlamento Europeo que han llevado a la parte peninsular de nuestro territorio a una situaci\u00f3n de gobernabilidad espa\u00f1ola y etnicida.\u201d<\/em><\/p>\n<p style=\"text-align:justify\">\u00bfEst\u00e1 seguro es se\u00f1or Landa que solo los agentes del eje del bien son responsables de nuestra situaci\u00f3n de gobernabilidad espa\u00f1ola? Yo sinceramente no lo creo, creo que hay otros agentes tan o m\u00e1s directamente responsables de esta situaci\u00f3n<\/p>\n<p style=\"text-align:justify\"><em>\u201cEl polo soberanista, que a mi manera de entender necesita Euskal Herria para lograr el triunfo de <\/em><em>la I Rep\u00fablica Vasca<\/em><em> del Estado de Navarra<\/em><em>, s\u00f3lo ser\u00e1 posible por la conjunci\u00f3n de fuerzas sociales pol\u00edticas y sindicales que se agrupen en torno a dicha aspiraci\u00f3n sin exclusiones ni liderazgos\u201d.<\/em><\/p>\n<p style=\"text-align:justify\">Y no, y ah\u00ed estamos mucho menos de acuerdo que nunca, la I Rep\u00fablica Vasca del Estado de Navarra, no necesita de un polo soberanista que aglutine a fuerzas sociales y sindicales sin aspiraci\u00f3n a exclusiones y liderazgos, lo que necesita es un proyecto cre\u00edble y asumido por la ciudadan\u00eda. Al final esa Rep\u00fablica no la crearan las fuerzas pol\u00edticas o sindicales, sino los ciudadanos con sus votos.<\/p>\n<p style=\"text-align:justify\"><em>\u201cPara que esa casi sideral conjunci\u00f3n sea posible, necesitaremos un espacio de distensi\u00f3n en el sempiterno enfrentamiento multilateral y multigeneracional entre Euskal Herria, Espa\u00f1a y Francia, hoy poco probable, sobre todo en el clima de criminalizaci\u00f3n del independentismo no sumiso.\u201d<\/em><\/p>\n<p style=\"text-align:justify\">Para que esa conjunci\u00f3n sideral sea posible, si es que es necesaria, no necesitaremos espacios de distensi\u00f3n en el sempiterno enfrentamiento, necesitaremos el fin del enfrentamiento y eso sabemos todos en manos de quien est\u00e1.<\/p>\n<p style=\"text-align:justify\"><em>\u201cTambi\u00e9n ser\u00e1 necesario que, adem\u00e1s de yo, alguien m\u00e1s presione a las organizaciones sindicales, pol\u00edticas y sociales para que lo persigan.<\/em><\/p>\n<p style=\"text-align:justify\"><em><\/em><em>Tambi\u00e9n ser\u00e1 necesario que, adem\u00e1s de yo, alguien m\u00e1s presione para dar una salida negociada y democr\u00e1tica al conflicto con los estados espa\u00f1ol y franc\u00e9s.\u201d<\/em><\/p>\n<p style=\"text-align:justify\">M\u00e1s bien ser\u00e1 necesario que comprendamos el escenario en toda su amplitud, busquemos f\u00f3rmulas espec\u00edficas y adaptadas a la velocidad y credibilidad de nuestro proyecto en cada una de las actuales institucionalizaciones vascas y que estas sirvan para \u00a0difundir y hacer cre\u00edble nuestro proyecto entre los ciudadanos de lo que hoy solo nosotros consideramos la naci\u00f3n vasca y que es la de todos o no ser\u00e1.<\/p>\n<p style=\"text-align:justify\"><strong><em>Gora Euskal Errepublika. <\/em><\/strong><\/p>\n<p style=\"text-align:justify\"><strong><em>Gora Nafar Estatua.<\/em><\/strong><\/p>\n<p style=\"text-align:justify\">(En eso estoy de acuerdo)<\/p>\n<p><em><strong>Ander Muruzabal<\/strong><\/em> (En respuesta a<a href=\"http:\/\/www.euskaria.eu\/news\/1250938395\" target=\"_blank\"> \u201cEl polo del bien y el polo del mal\u201d de Txema Landa<\/a>)<\/p>\n","protected":false},"excerpt":{"rendered":"<p>Dado que el tema del polo est\u00e1 dando que hablar y que entiendo que puede ser peor el remedio que la enfermedad, y aprovechando la defensa que hace Txema Landa de la Mesa de Maltzaga he querido dar aqu\u00ed mi opini\u00f3n sobre el polo, y m\u00e1s que sobre el polo sobre el propio concepto de &hellip; <a href=\"https:\/\/blogs.noticiasdenavarra.com\/nafarherria\/2009\/09\/11\/desde-la-torre-de-san-cernin-no-se-ve-maltzaga\/\" class=\"more-link\">Sigue leyendo <span class=\"screen-reader-text\">Desde la torre de San Cernin no se ve Maltzaga<\/span><\/a><\/p>\n","protected":false},"author":71,"featured_media":0,"comment_status":"open","ping_status":"open","sticky":false,"template":"","format":"standard","meta":{"footnotes":""},"categories":[184,186,188,191],"tags":[3006,3008,3009,3017,256],"class_list":["post-80","post","type-post","status-publish","format-standard","hentry","category-eusko-alkartasuna","category-izquierda-abertzale","category-nafarroa-bai","category-politica-institucional","tag-eusko-alkartasuna","tag-izquierda-abertzale","tag-nafarroa-bai","tag-navarra","tag-txema-landa"],"_links":{"self":[{"href":"https:\/\/blogs.noticiasdenavarra.com\/nafarherria\/wp-json\/wp\/v2\/posts\/80","targetHints":{"allow":["GET"]}}],"collection":[{"href":"https:\/\/blogs.noticiasdenavarra.com\/nafarherria\/wp-json\/wp\/v2\/posts"}],"about":[{"href":"https:\/\/blogs.noticiasdenavarra.com\/nafarherria\/wp-json\/wp\/v2\/types\/post"}],"author":[{"embeddable":true,"href":"https:\/\/blogs.noticiasdenavarra.com\/nafarherria\/wp-json\/wp\/v2\/users\/71"}],"replies":[{"embeddable":true,"href":"https:\/\/blogs.noticiasdenavarra.com\/nafarherria\/wp-json\/wp\/v2\/comments?post=80"}],"version-history":[{"count":0,"href":"https:\/\/blogs.noticiasdenavarra.com\/nafarherria\/wp-json\/wp\/v2\/posts\/80\/revisions"}],"wp:attachment":[{"href":"https:\/\/blogs.noticiasdenavarra.com\/nafarherria\/wp-json\/wp\/v2\/media?parent=80"}],"wp:term":[{"taxonomy":"category","embeddable":true,"href":"https:\/\/blogs.noticiasdenavarra.com\/nafarherria\/wp-json\/wp\/v2\/categories?post=80"},{"taxonomy":"post_tag","embeddable":true,"href":"https:\/\/blogs.noticiasdenavarra.com\/nafarherria\/wp-json\/wp\/v2\/tags?post=80"}],"curies":[{"name":"wp","href":"https:\/\/api.w.org\/{rel}","templated":true}]}}