{"id":725,"date":"2015-02-12T11:23:37","date_gmt":"2015-02-12T11:23:37","guid":{"rendered":"http:\/\/blogs.noticiasdenavarra.com\/nafarherria\/?p=725"},"modified":"2015-02-12T11:23:37","modified_gmt":"2015-02-12T11:23:37","slug":"la-refundacion-del-bipartidismo","status":"publish","type":"post","link":"https:\/\/blogs.noticiasdenavarra.com\/nafarherria\/2015\/02\/12\/la-refundacion-del-bipartidismo\/","title":{"rendered":"La refundaci\u00f3n del bipartidismo"},"content":{"rendered":"<p style=\"text-align: justify\"><em><a href=\"http:\/\/blogs.noticiasdenavarra.com\/nafarherria\/files\/2015\/02\/avefenix.gif\"><img loading=\"lazy\" decoding=\"async\" class=\"alignleft size-full wp-image-726\" src=\"http:\/\/blogs.noticiasdenavarra.com\/nafarherria\/files\/2015\/02\/avefenix.gif\" alt=\"avefenix\" width=\"300\" height=\"447\" \/><\/a>\u201cTras la crisis de los partidos estamos en la encrucijada de o bien hacer mejores partidos o bien ingresar en un espacio amorfo cuyo territorio ser\u00e1 ocupado por tecn\u00f3cratas y populistas, definiendo as\u00ed un nuevo campo de batalla que ser\u00eda todav\u00eda peor que el actual\u201d<\/em><\/p>\n<p style=\"text-align: right\"><strong>Daniel Innerarity<\/strong><\/p>\n<p style=\"text-align: justify\">La estrepitosa irrupci\u00f3n de Podemos en la pol\u00edtica espa\u00f1ola, la descomposici\u00f3n galopante que se observa en las filas del PSOE y lo llamativo de casi todas las encuestas que han visto la luz desde las pasadas elecciones europeas han llevado a muchos comentaristas y a gran parte de la calle a hablar del fin del bipartidismo. Escenarios electorales donde antes solo se contemplaban dos fuerzas pol\u00edticas, y como mucho alg\u00fan grupo bisagra sin opciones reales mayores que las de apuntalar a uno de los partidos dominantes, han dado paso a aut\u00e9nticos mosaicos de siglas en los que ya no est\u00e1, ni mucho menos, clara la opci\u00f3n bipartidista.<\/p>\n<p style=\"text-align: justify\">Solo las Comunidades Aut\u00f3nomas llamadas hist\u00f3ricas; la vasca, la catalana y la gallega en menor medida y la Comunidad Foral de Navarra eran las excepciones a este escenario com\u00fan por la presencia de otro eje de de decisi\u00f3n pol\u00edtica; el identitario. As\u00ed el tradicional eje izquierda \/ derecha se solapaba con el eje nacionalismo territorial \/ nacionalismo espa\u00f1ol dando lugar a mapas pol\u00edticos a cuatro en los que unas veces primaba el eje socioecon\u00f3mico y en las otras el identitario, esas son precisamente donde las encuestas dan menos importancia a la irrupci\u00f3n de Podemos aunque su presencia tambi\u00e9n est\u00e1 garantizada.<\/p>\n<p style=\"text-align: justify\"><!--more-->Pero eso que a primera vista podr\u00eda parecer la entrada de una tercera opci\u00f3n en liza con aspiraciones y posibilidades de gobierno, con otro planteamiento pol\u00edtico y por tanto el fin del bipartidismo como lo hemos conocido desde la transici\u00f3n no parece tan claro si se tienen en cuenta otros factores menos visibles como pueden ser el viraje al centro pol\u00edtico que ha protagonizado Podemos desde las anteriores elecciones y cual es el otro beneficiado pol\u00edticamente de la irrupci\u00f3n de Podemos, Ciudadans de Albert Rivera.<\/p>\n<p style=\"text-align: justify\">La \u00faltima encuesta del CIS sobre la ubicaci\u00f3n ideol\u00f3gica de los espa\u00f1oles, pr\u00e1cticamente igual a la de los \u00faltimos a\u00f1os, poco o nada tiene que ver con el corrimiento electoral que refleja en la intenci\u00f3n de voto y nos hace preguntarnos a que responde pues realmente la ruptura de un mapa electoral que parec\u00eda estable. Evidentemente la profundidad y la duraci\u00f3n de la crisis econ\u00f3mica y la profundidad y extensi\u00f3n de la corrupci\u00f3n, que adem\u00e1s afecta con pocas diferencias a los dos partidos tradicionales, tienen bastante que ver con ello. \u00bfPero es ese el \u00fanico motivo?<\/p>\n<p style=\"text-align: justify\">Ambos partidos, C\u2019s y Podemos han sido acusados de populistas de igual manera y unos de populismo de extrema derecha y otros de populismo ultraizquierdista pero eso no parece tan claro si se atiende a como se perciben a si mismos sus votantes y mucho menos si se atiende a la definici\u00f3n que de si mismos dan sus l\u00edderes. Ambos partidos tienen mucho m\u00e1s que ver que lo que se percibe a primera vista; ambos huyen de la catalogaci\u00f3n izquierda\/derecha, ambos proclaman una pol\u00edtica \u00e9tica, ambos han rescatado la palabra \u201cciudadano\u201d a la que otorgan el protagonismo, ambos han saltado a la arena pol\u00edtica con un fuerte componente tecnol\u00f3gico y virtual y, sobre todo, ambos buscan el cauce central.<\/p>\n<p style=\"text-align: justify\">Si examinamos la procedencia de su voto y quienes son los principales viveros de donde se nutren ambas fuerzas no parecer\u00eda exagerado decir que lo que vemos es la paulatina sustituci\u00f3n del PSOE por Podemos y la m\u00e1s lenta, pero no por ello menos efectiva, del PP por C\u2019s. As\u00ed pues no parece que estemos en el segundo escenario que describe Innerarity en la cita que abre este art\u00edculo, sino m\u00e1s bien en el primero.<\/p>\n<p style=\"text-align: justify\">Escrib\u00eda hace tiempo en otro art\u00edculo, cuando empezaba a hablarse en serio de temas como el Gobierno Abierto, del uso de la RR.SS. como herramienta pol\u00edtica, del cambio del paradigma de la comunicaci\u00f3n, de la participaci\u00f3n, del empoderamiento ciudadano, de la e-democracia\u2026<\/p>\n<p style=\"text-align: justify\"><em>\u201cNo es probable que estemos asistiendo al fin de los partidos, eso ser\u00eda bastante parecido al fin de la democracia, pero si que vamos a ver una profunda transformaci\u00f3n en su organizaci\u00f3n fruto de la capacidad tecnol\u00f3gica y comunicativa que nos ha tocado vivir. El final llegar\u00e1 para aquellos que no hayan sabido transformarse a tiempo\u201d.<\/em><\/p>\n<p style=\"text-align: justify\">Y lo cierto es que puede ser que a lo que estemos asistiendo sea a la refundaci\u00f3n del bipartidismo, con nuevos agentes, porque los antiguos protagonistas no han sabido transformarse a tiempo.<\/p>\n<p style=\"text-align: justify\">En todo caso, en ese mapa electoral menos afectado que presentan en las denominadas nacionalidades los partidos que de momento se mantienen al margen del corrimiento electoral, los del eje identitario, har\u00edan mal en no tomar nota puesto que la transformaci\u00f3n de la pol\u00edtica est\u00e1 en marcha y tarde o temprano la ola tambi\u00e9n les llegar\u00e1 a ellos.<\/p>\n<p><em><strong>Ander Muruzabal<\/strong><\/em><\/p>\n","protected":false},"excerpt":{"rendered":"<p>\u201cTras la crisis de los partidos estamos en la encrucijada de o bien hacer mejores partidos o bien ingresar en un espacio amorfo cuyo territorio ser\u00e1 ocupado por tecn\u00f3cratas y populistas, definiendo as\u00ed un nuevo campo de batalla que ser\u00eda todav\u00eda peor que el actual\u201d Daniel Innerarity La estrepitosa irrupci\u00f3n de Podemos en la pol\u00edtica &hellip; <a href=\"https:\/\/blogs.noticiasdenavarra.com\/nafarherria\/2015\/02\/12\/la-refundacion-del-bipartidismo\/\" class=\"more-link\">Sigue leyendo <span class=\"screen-reader-text\">La refundaci\u00f3n del bipartidismo<\/span><\/a><\/p>\n","protected":false},"author":71,"featured_media":0,"comment_status":"open","ping_status":"closed","sticky":false,"template":"","format":"standard","meta":{"footnotes":""},"categories":[295,475,189,190,2262,245],"tags":[2923,3028,297,205,208,218,3010,235,3011,3030,241,3018,253,255],"class_list":["post-725","post","type-post","status-publish","format-standard","hentry","category-crisis","category-espana","category-open-government","category-partidos-politicos","category-podemos","category-psoe","tag-bipartidismo","tag-cs","tag-crisis-2","tag-democracia","tag-elecciones","tag-gobierno-abierto","tag-open-government","tag-participacion-democratica","tag-partidos-politicos","tag-podemos","tag-pp","tag-psoe","tag-tecnologia","tag-transversalidad"],"_links":{"self":[{"href":"https:\/\/blogs.noticiasdenavarra.com\/nafarherria\/wp-json\/wp\/v2\/posts\/725","targetHints":{"allow":["GET"]}}],"collection":[{"href":"https:\/\/blogs.noticiasdenavarra.com\/nafarherria\/wp-json\/wp\/v2\/posts"}],"about":[{"href":"https:\/\/blogs.noticiasdenavarra.com\/nafarherria\/wp-json\/wp\/v2\/types\/post"}],"author":[{"embeddable":true,"href":"https:\/\/blogs.noticiasdenavarra.com\/nafarherria\/wp-json\/wp\/v2\/users\/71"}],"replies":[{"embeddable":true,"href":"https:\/\/blogs.noticiasdenavarra.com\/nafarherria\/wp-json\/wp\/v2\/comments?post=725"}],"version-history":[{"count":1,"href":"https:\/\/blogs.noticiasdenavarra.com\/nafarherria\/wp-json\/wp\/v2\/posts\/725\/revisions"}],"predecessor-version":[{"id":727,"href":"https:\/\/blogs.noticiasdenavarra.com\/nafarherria\/wp-json\/wp\/v2\/posts\/725\/revisions\/727"}],"wp:attachment":[{"href":"https:\/\/blogs.noticiasdenavarra.com\/nafarherria\/wp-json\/wp\/v2\/media?parent=725"}],"wp:term":[{"taxonomy":"category","embeddable":true,"href":"https:\/\/blogs.noticiasdenavarra.com\/nafarherria\/wp-json\/wp\/v2\/categories?post=725"},{"taxonomy":"post_tag","embeddable":true,"href":"https:\/\/blogs.noticiasdenavarra.com\/nafarherria\/wp-json\/wp\/v2\/tags?post=725"}],"curies":[{"name":"wp","href":"https:\/\/api.w.org\/{rel}","templated":true}]}}