{"id":710,"date":"2015-01-19T09:56:18","date_gmt":"2015-01-19T09:56:18","guid":{"rendered":"http:\/\/blogs.noticiasdenavarra.com\/nafarherria\/?p=710"},"modified":"2015-01-19T09:56:18","modified_gmt":"2015-01-19T09:56:18","slug":"el-partido-franquicia","status":"publish","type":"post","link":"https:\/\/blogs.noticiasdenavarra.com\/nafarherria\/2015\/01\/19\/el-partido-franquicia\/","title":{"rendered":"El partido franquicia"},"content":{"rendered":"<p style=\"text-align: justify\"><a href=\"http:\/\/blogs.noticiasdenavarra.com\/nafarherria\/files\/2015\/01\/franquicias_logos.jpg\"><img loading=\"lazy\" decoding=\"async\" class=\"alignleft size-full wp-image-711\" src=\"http:\/\/blogs.noticiasdenavarra.com\/nafarherria\/files\/2015\/01\/franquicias_logos.jpg\" alt=\"franquicias_logos\" width=\"222\" height=\"309\" \/><\/a>Son ya varios los art\u00edculos que he dedicado en este blog a la nueva pol\u00edtica, y a como las nuevas formas de comunicaci\u00f3n estaban cambiando el tablero de juego y las relaciones entre partidos, militantes y electores.<\/p>\n<p style=\"text-align: justify\">Desde estas mismas p\u00e1ginas he sostenido unas cuantas veces que el empoderamiento ciudadano iba a cambiar radicalmente las estructuras pol\u00edticas y que los partidos deber\u00edan reinventarse no solo a nivel comunicativo sino, tambi\u00e9n, organizativo si quer\u00edan sobrevivir en una sociedad intercomunicada y en red.<\/p>\n<p style=\"text-align: justify\">Tambi\u00e9n he escrito alguna vez que otros \u00e1mbitos de la sociedad ya se estaban adaptando a los nuevos usos sociales, en especial la econom\u00eda mucho m\u00e1s \u00e1gil a la hora de cambiar sus estructuras de negocio para adecuarlas a las nuevas necesidades y opciones del cliente, objetivo final de toda actividad econ\u00f3mica.<\/p>\n<p style=\"text-align: justify\">Es evidente que la actividad pol\u00edtica se diferencia, o se debiera diferenciar, de la actividad econ\u00f3mica en que una se rige por el principio de las ideas y la otra por el beneficio y que por tanto, y aunque la estructura comunicativa y el terreno de juego social en que se mueven ambas es com\u00fan, las respuestas deben ser diferenciadas, adecuadas a los principios que las rigen.<\/p>\n<p style=\"text-align: justify\">Es por eso que resulta a\u00fan m\u00e1s sorprendente que el movimiento pol\u00edtico que hasta ahora ha entendido mejor el cambio del paradigma de la comunicaci\u00f3n, y adem\u00e1s desde un planteamiento ideol\u00f3gico, que podemos compartir o no, absolutamente coherente y firme haya perdido de vista el objeto de la actividad pol\u00edtica y que la toma del poder no es el fin en si mismo de una organizaci\u00f3n pol\u00edtica sino el medio para desarrollar sus planteamientos ideol\u00f3gicos en la sociedad. Han confundido la estrategia con la t\u00e1ctica\u2026<!--more--><\/p>\n<p style=\"text-align: justify\">Uno de los sistemas comerciales que m\u00e1s \u00e9xito est\u00e1n teniendo en esa sociedad intercomunicada, por su capacidad de adaptaci\u00f3n a las nuevas estructuras comunicativas, es el sistema de franquicia donde una matriz central se encarga de la definici\u00f3n del producto, de su producci\u00f3n y su comunicaci\u00f3n y vende el \u201cproducto terminado\u201d a sus franquiciados para que estos lo distribuyan bajo el paraguas de la marca, llevando las econom\u00edas de escala a su m\u00e1xima expresi\u00f3n.<\/p>\n<p style=\"text-align: justify\"><a href=\"http:\/\/blogs.noticiasdenavarra.com\/nafarherria\/files\/2015\/01\/franquicia.png\"><img loading=\"lazy\" decoding=\"async\" class=\"aligncenter size-full wp-image-712\" src=\"http:\/\/blogs.noticiasdenavarra.com\/nafarherria\/files\/2015\/01\/franquicia.png\" alt=\"franquicia\" width=\"384\" height=\"224\" \/><\/a><\/p>\n<p style=\"text-align: justify\">As\u00ed, el proceso de construcci\u00f3n organizativa e ideol\u00f3gica de Podemos responde a todos los par\u00e1metros de lo que en comercio llamamos franquicia.<\/p>\n<p style=\"text-align: justify\">Existe una matriz, en este caso bien conocida que es el grupo fundacional de Podemos; Iglesias, Errejon, Monedero y algunos compa\u00f1eros m\u00e1s de la Complutense ligados en mayor o menor medida a Izquierda Anticapitalista con una empresa obsoleta y un producto invendible que en una operaci\u00f3n de laboratorio pol\u00edtico-comunicativo-social han sabido capitalizar el descontento ciudadano, bien alimentado todo hay que decirlo por un sistema que se cae d\u00eda a d\u00eda por falta de renovaci\u00f3n, por la crisis y por la corrupci\u00f3n, y utilizando las nuevas estructuras de comunicaci\u00f3n han adaptado el viejo producto a las nuevas formas, han creado una marca y lo han vendido con notable \u00e9xito, los resultados de las elecciones europeas son una buena prueba de ello, facilitada su labor por la absoluta inacci\u00f3n, y lo que es peor, incomprensi\u00f3n de los anteriores due\u00f1os del mercado pol\u00edtico para entender los cambios que ocurren a su alrededor.<\/p>\n<p style=\"text-align: justify\">Pero ahora llega la hora de ampliar el \u201cmercado electoral\u201d y es cuando se evidencia que existe la marca y el mercado pero el producto es absolutamente invendible dos veces por mucho que se maquille y que no existe red comercial para distribuirlo.<\/p>\n<p style=\"text-align: justify\">Podemos podr\u00eda haber hecho el ejercicio de ir formando una red comercial y el esfuerzo de distribuir la producci\u00f3n para adaptarla a las necesidades de los distintos clientes en funci\u00f3n de sus propias caracter\u00edsticas pero, las prisas, ha preferido el modelo franquicia; dise\u00f1amos el producto, la comunicaci\u00f3n y damos formaci\u00f3n a los franquiciados y a vender. Podr\u00eda haber funcionado de no existir un mercado municipal y auton\u00f3mico anterior al general, pero lo hay.<\/p>\n<p style=\"text-align: justify\">As\u00ed las cosas, la estructuraci\u00f3n de Podemos es un proceso de venta de marca y producto al franquiciado que quiera comprarla a cambio de que este solo venda su producto, si quiere vender otros, caso de las municipales no podr\u00e1 usar la marca. El problema del sistema surge cuando no llega el kit a tiempo y el franquiciado no tiene otra autoridad que decir que espera las ordenes de Madrid que es el propietario de la marca, que el solo es un comercializador, o mejor \u201clo que diga la asamblea ciudadana\u201d.<\/p>\n<p style=\"text-align: justify\">Por el camino se han perdido las ideas\u2026<\/p>\n<p><em><strong>Ander Muruzabal<\/strong><\/em><\/p>\n","protected":false},"excerpt":{"rendered":"<p>Son ya varios los art\u00edculos que he dedicado en este blog a la nueva pol\u00edtica, y a como las nuevas formas de comunicaci\u00f3n estaban cambiando el tablero de juego y las relaciones entre partidos, militantes y electores. Desde estas mismas p\u00e1ginas he sostenido unas cuantas veces que el empoderamiento ciudadano iba a cambiar radicalmente las &hellip; <a href=\"https:\/\/blogs.noticiasdenavarra.com\/nafarherria\/2015\/01\/19\/el-partido-franquicia\/\" class=\"more-link\">Sigue leyendo <span class=\"screen-reader-text\">El partido franquicia<\/span><\/a><\/p>\n","protected":false},"author":71,"featured_media":0,"comment_status":"open","ping_status":"closed","sticky":false,"template":"","format":"standard","meta":{"footnotes":""},"categories":[269,475,516,189,190,191,192],"tags":[194,297,204,205,2950,218,235,3011,3030,1429],"class_list":["post-710","post","type-post","status-publish","format-standard","hentry","category-ellecciones-navarra","category-espana","category-europa","category-open-government","category-partidos-politicos","category-politica-institucional","category-politica-navarra","tag-agostazo","tag-crisis-2","tag-cuestion-de-estado","tag-democracia","tag-franquicias-politicas","tag-gobierno-abierto","tag-participacion-democratica","tag-partidos-politicos","tag-podemos","tag-transparencia"],"_links":{"self":[{"href":"https:\/\/blogs.noticiasdenavarra.com\/nafarherria\/wp-json\/wp\/v2\/posts\/710","targetHints":{"allow":["GET"]}}],"collection":[{"href":"https:\/\/blogs.noticiasdenavarra.com\/nafarherria\/wp-json\/wp\/v2\/posts"}],"about":[{"href":"https:\/\/blogs.noticiasdenavarra.com\/nafarherria\/wp-json\/wp\/v2\/types\/post"}],"author":[{"embeddable":true,"href":"https:\/\/blogs.noticiasdenavarra.com\/nafarherria\/wp-json\/wp\/v2\/users\/71"}],"replies":[{"embeddable":true,"href":"https:\/\/blogs.noticiasdenavarra.com\/nafarherria\/wp-json\/wp\/v2\/comments?post=710"}],"version-history":[{"count":1,"href":"https:\/\/blogs.noticiasdenavarra.com\/nafarherria\/wp-json\/wp\/v2\/posts\/710\/revisions"}],"predecessor-version":[{"id":713,"href":"https:\/\/blogs.noticiasdenavarra.com\/nafarherria\/wp-json\/wp\/v2\/posts\/710\/revisions\/713"}],"wp:attachment":[{"href":"https:\/\/blogs.noticiasdenavarra.com\/nafarherria\/wp-json\/wp\/v2\/media?parent=710"}],"wp:term":[{"taxonomy":"category","embeddable":true,"href":"https:\/\/blogs.noticiasdenavarra.com\/nafarherria\/wp-json\/wp\/v2\/categories?post=710"},{"taxonomy":"post_tag","embeddable":true,"href":"https:\/\/blogs.noticiasdenavarra.com\/nafarherria\/wp-json\/wp\/v2\/tags?post=710"}],"curies":[{"name":"wp","href":"https:\/\/api.w.org\/{rel}","templated":true}]}}