{"id":704,"date":"2015-01-09T09:38:55","date_gmt":"2015-01-09T09:38:55","guid":{"rendered":"http:\/\/blogs.noticiasdenavarra.com\/nafarherria\/?p=704"},"modified":"2015-01-09T09:40:22","modified_gmt":"2015-01-09T09:40:22","slug":"el-anno-del-fuero","status":"publish","type":"post","link":"https:\/\/blogs.noticiasdenavarra.com\/nafarherria\/2015\/01\/09\/el-anno-del-fuero\/","title":{"rendered":"El a\u00f1o del Fuero"},"content":{"rendered":"<p style=\"text-align: justify\"><a href=\"http:\/\/blogs.noticiasdenavarra.com\/nafarherria\/files\/2015\/01\/gu_gaurko_euskaldunok.jpg\"><img loading=\"lazy\" decoding=\"async\" class=\"alignleft size-full wp-image-705\" src=\"http:\/\/blogs.noticiasdenavarra.com\/nafarherria\/files\/2015\/01\/gu_gaurko_euskaldunok.jpg\" alt=\"gu_gaurko_euskaldunok\" width=\"340\" height=\"132\" \/><\/a>El a\u00f1o que ahora comenzamos va a ser un a\u00f1o apasionante para Navarra. Por primera vez desde el final de la dictadura se atisban aires de cambio y las fuerzas pol\u00edticas que han venido gobernando el viejo reino ya no parecen capaces de garantizar la continuidad del r\u00e9gimen. Vienen tiempos en que otras fuerzas pol\u00edticas van a ser protagonistas del gobierno en Navarra, fuerzas que no se han visto en esa tesitura antes y que son toda una inc\u00f3gnita para los electores.<\/p>\n<p style=\"text-align: justify\">Los navarros, en la cita electoral de mayo, nos jugamos la nueva Navarra que queremos construir, una Navarra mucho m\u00e1s integrada e integradora donde se ponga fin a la exclusi\u00f3n y al aparheid pol\u00edtico de gran parte de la sociedad, una Navarra m\u00e1s solidaria, m\u00e1s respetuosa con todas las identidades que la componen, que ponga a las personas por encima de los intereses de unos pocos\u2026<\/p>\n<p style=\"text-align: justify\">Pero poco podremos hacer cambiando de gobierno si los ominosos cuatro a\u00f1os que terminan acaban por laminar nuestra capacidad de autogobierno vapuleada como nunca en esta legislatura tanto por la actitud recentralizadota de las instituciones espa\u00f1olas como por la inacci\u00f3n de las nuestras. De poco servir\u00e1 cambiar el gobierno si por el camino ese gobierno pierde las capacidades y competencias en materia econ\u00f3mica, energ\u00e9tica, educativa o social.<\/p>\n<p style=\"text-align: justify\"><!--more-->A d\u00eda de hoy, y cada d\u00eda m\u00e1s, el Tribunal Constitucional espa\u00f1ol est\u00e1 tejiendo una madeja de jurisprudencia que amenaza con dejar el autogobierno navarro como un cascar\u00f3n vac\u00edo, si no lo ha hecho ya, y la capacidad legislativa de Navarra convertida en poco m\u00e1s que un \u00f3rgano consultivo.<\/p>\n<p style=\"text-align: justify\">Por eso, este tiene que ser el a\u00f1o del Fuero, el a\u00f1o en que le digamos claramente al gobierno espa\u00f1ol que Navarra no es una provincia m\u00e1s, que Navarra tiene personalidad propia y que es el \u00fanico sujeto de sus propias decisiones y para ello deberemos aparcar nuestras diferencias y poner el acento en lo que nos une a casi todos; la defensa de nuestra Ley, la defensa del Fuero. Y para eso tenemos tres citas importantes en 2015; dos electorales y una social.<\/p>\n<p style=\"text-align: justify\">En mayo deberemos dotarnos de unas instituciones propias que dejen de supeditar el inter\u00e9s de los navarros al de Madrid y que tengan claro que su deber y su responsabilidad esta para con sus electores no para sus respectivos partidos o posiciones ideol\u00f3gicas. Una instituciones que tengan claro que es el autogobierno y para que sirve y, por supuesto, con capacidad y vocaci\u00f3n de ejercerlo. Unas instituciones en que lo foral no sea un adorno sem\u00e1ntico sino su raz\u00f3n de ser.<\/p>\n<p style=\"text-align: justify\">Unos meses m\u00e1s tarde, en noviembre, deberemos decidir quienes van a representar a Navarra en las Cortes espa\u00f1olas y estas no van a ser unas Cortes m\u00e1s pues pueden ser Cortes Constituyentes. La Constituci\u00f3n Espa\u00f1ola es ya un documento agotado y el consenso constitucional, si es que alguna vez existi\u00f3, ha pasado a mejor vida. Y en esa nueva Constituci\u00f3n el Fuero, la ley de Navarra, no puede quedar otra vez al albur de interpretaciones de parte de Tribunales Constitucionales ajenos, es la hora de la Reintegraci\u00f3n Foral Plena y del reconocimiento de la bilateralidad con todas sus consecuencias.<\/p>\n<p style=\"text-align: justify\">Pero a la espera de estas dos decisivas citas electorales los navarros deberemos ir diciendo alto y claro que queremos seguir manteniendo nuestra ley como lo hicieron nuestros antepasados<\/p>\n<p style=\"text-align: center\"><strong><em>\u201cGu gaurko euskaldunok gure aitasoen illezkorren oroipenean, bildu gera emen gure legea gorde nai degula erakusteko\u201d<\/em><\/strong><\/p>\n<p style=\"text-align: center\"><strong><em>\u201cNosotros los vascos de hoy nos hemos reunido aqu\u00ed, en inmortal recuerdo de nuestros antepasados, para demostrar que queremos seguir manteniendo nuestra ley\u201d<\/em><\/strong><\/p>\n<p style=\"text-align: justify\">Cientos de navarros y unos cuantos Ayuntamientos ya lo han hecho adhiri\u00e9ndose al Manifiesto Foral, somos muchos pero queremos ser muchos m\u00e1s porque este debe ser el A\u00f1o del Fuero\u2026 A\u00fan estamos a tiempo.<\/p>\n<p><em><strong>Ander Muruzabal<\/strong><\/em><\/p>\n","protected":false},"excerpt":{"rendered":"<p>El a\u00f1o que ahora comenzamos va a ser un a\u00f1o apasionante para Navarra. Por primera vez desde el final de la dictadura se atisban aires de cambio y las fuerzas pol\u00edticas que han venido gobernando el viejo reino ya no parecen capaces de garantizar la continuidad del r\u00e9gimen. Vienen tiempos en que otras fuerzas pol\u00edticas &hellip; <a href=\"https:\/\/blogs.noticiasdenavarra.com\/nafarherria\/2015\/01\/09\/el-anno-del-fuero\/\" class=\"more-link\">Sigue leyendo <span class=\"screen-reader-text\">El a\u00f1o del Fuero<\/span><\/a><\/p>\n","protected":false},"author":71,"featured_media":0,"comment_status":"open","ping_status":"closed","sticky":false,"template":"","format":"standard","meta":{"footnotes":""},"categories":[203,269,215,274,232,192],"tags":[202,3013,204,208,3015,3024],"class_list":["post-704","post","type-post","status-publish","format-standard","hentry","category-constitucion","category-ellecciones-navarra","category-fuero","category-gobierno-de-navarra","category-navarra","category-politica-navarra","tag-confederalismo","tag-constitucion","tag-cuestion-de-estado","tag-elecciones","tag-fuero","tag-gobierno-de-navarra"],"_links":{"self":[{"href":"https:\/\/blogs.noticiasdenavarra.com\/nafarherria\/wp-json\/wp\/v2\/posts\/704","targetHints":{"allow":["GET"]}}],"collection":[{"href":"https:\/\/blogs.noticiasdenavarra.com\/nafarherria\/wp-json\/wp\/v2\/posts"}],"about":[{"href":"https:\/\/blogs.noticiasdenavarra.com\/nafarherria\/wp-json\/wp\/v2\/types\/post"}],"author":[{"embeddable":true,"href":"https:\/\/blogs.noticiasdenavarra.com\/nafarherria\/wp-json\/wp\/v2\/users\/71"}],"replies":[{"embeddable":true,"href":"https:\/\/blogs.noticiasdenavarra.com\/nafarherria\/wp-json\/wp\/v2\/comments?post=704"}],"version-history":[{"count":3,"href":"https:\/\/blogs.noticiasdenavarra.com\/nafarherria\/wp-json\/wp\/v2\/posts\/704\/revisions"}],"predecessor-version":[{"id":708,"href":"https:\/\/blogs.noticiasdenavarra.com\/nafarherria\/wp-json\/wp\/v2\/posts\/704\/revisions\/708"}],"wp:attachment":[{"href":"https:\/\/blogs.noticiasdenavarra.com\/nafarherria\/wp-json\/wp\/v2\/media?parent=704"}],"wp:term":[{"taxonomy":"category","embeddable":true,"href":"https:\/\/blogs.noticiasdenavarra.com\/nafarherria\/wp-json\/wp\/v2\/categories?post=704"},{"taxonomy":"post_tag","embeddable":true,"href":"https:\/\/blogs.noticiasdenavarra.com\/nafarherria\/wp-json\/wp\/v2\/tags?post=704"}],"curies":[{"name":"wp","href":"https:\/\/api.w.org\/{rel}","templated":true}]}}