{"id":700,"date":"2014-12-12T11:15:39","date_gmt":"2014-12-12T11:15:39","guid":{"rendered":"http:\/\/blogs.noticiasdenavarra.com\/nafarherria\/?p=700"},"modified":"2014-12-12T11:15:39","modified_gmt":"2014-12-12T11:15:39","slug":"redescubriendo-a-arana","status":"publish","type":"post","link":"https:\/\/blogs.noticiasdenavarra.com\/nafarherria\/2014\/12\/12\/redescubriendo-a-arana\/","title":{"rendered":"Redescubriendo a Arana"},"content":{"rendered":"<p style=\"text-align: justify\"><em><a href=\"http:\/\/blogs.noticiasdenavarra.com\/nafarherria\/files\/2014\/12\/busto-sabino-arana-oteiza.jpg\"><img loading=\"lazy\" decoding=\"async\" class=\"alignleft size-full wp-image-701\" src=\"http:\/\/blogs.noticiasdenavarra.com\/nafarherria\/files\/2014\/12\/busto-sabino-arana-oteiza.jpg\" alt=\"busto-sabino-arana-oteiza\" width=\"274\" height=\"450\" \/><\/a>\u00abEuskotarren aberria Euskadi da\u00bb<\/em><\/p>\n<p style=\"text-align: right\"><strong>Sabino Arana Goiri<\/strong><\/p>\n<p style=\"text-align: justify\">Es evidente que la sociedad vasca, y todas las sociedades en general, han cambiado sustancialmente su composici\u00f3n desde finales del siglo XIX fecha del surgimiento del nacionalismo vasco hasta nuestros d\u00edas. La extensi\u00f3n de la educaci\u00f3n, los movimientos migratorios, la irrupci\u00f3n de las nuevas tecnolog\u00edas de la informaci\u00f3n y el conocimiento han creado un mestizaje cultural y humano en una sociedad moderna como la nuestra que tiene como consecuencia un pluralismo identitario que no exist\u00eda hace cien a\u00f1os y que como es l\u00f3gico tiene una muy importante influencia en los planteamientos que a d\u00eda de hoy pueda hacer el nacionalismo vasco.<\/p>\n<p style=\"text-align: justify\">Hoy en d\u00eda, al contrario que en la Edad Media o incluso cuando nace el nacionalismo vasco, no existe una sociedad \u00e9tnica que podamos llamar vasca, somos todos MESTIZOS en lo \u00e9tnico, lo cultural, lo ling\u00fc\u00edstico y lo que da unidad a ese conglomerado es la organizaci\u00f3n pol\u00edtica y la tradici\u00f3n jur\u00eddica.<\/p>\n<p style=\"text-align: justify\">Esa multiculturalidad y el pluralismo identitario de la sociedad vasca hoy, hace que nos tengamos que replantear unas cuantas cosas a la hora de hacer pol\u00edtica desde el nacionalismo y uno de ellos es el concepto desde el que queremos construir el estado hogar de los vascos. Actualmente, con mayor o menor fortuna, hay planteadas tres v\u00edas para hacerlo:<!--more--><\/p>\n<p style=\"text-align: justify\">La recuperaci\u00f3n del estado navarro, lo que yo llamo la v\u00eda historicista, que trata de engancharnos a un momento hist\u00f3rico concreto en que parec\u00eda que el Estado navarro pod\u00eda convertirse en ese estado vasco, con la gran ventaja que esta v\u00eda supone en cuanto a legitimidad hist\u00f3rica, pero que tiene un grave inconveniente y es que el fracaso del estado navarro como tal dio origen a comunidades distintas dentro de la naci\u00f3n vasca que fueron diferenciando esa tradici\u00f3n jur\u00eddico institucional hasta adquirir identidades pseudo nacionales propias a las que ninguna de esas comunidades esta dispuesta, ni tiene porque, a renunciar. Es en esa v\u00eda cuando historiadores como Urzainki proponen la desconquista y es en esa v\u00eda donde el estado es Navarra.<\/p>\n<p style=\"text-align: justify\">Existe una segunda v\u00eda, la que yo llamo soberanista, que partiendo del concepto de soberan\u00eda nacional forjado en la Revoluci\u00f3n Francesa, de ese concepto ya hemos hablado y escrito unas cuantas cosas en este blog, que es un concepto absoluto y colectivo, parte de que el pueblo vasco tiene derecho a la autodeterminaci\u00f3n en su calidad de pueblo y como tal tiene derecho a ejercerlo. Esta v\u00eda tiene la enorme ventaja de que es la que han utilizado todos los estados europeos para constituirse como tal, salvo quiz\u00e1s Gran Breta\u00f1a. Pero tambi\u00e9n tiene un grave inconveniente como es que la sociedad vasca es MESTIZA y que en ella conviven distintas identidades nacionales y aplicar el concepto soberanista lleva directamente al conflicto entre la soberan\u00eda vasca de unos vascos y la soberan\u00eda espa\u00f1ola de otros vascos. Es la v\u00eda de EH Bildu, dejando al margen algunas otras consideraciones sociopol\u00edticas, y de una parte no desde\u00f1able del propio PNV y en ella el estado es Euskal Herria.<\/p>\n<p style=\"text-align: justify\">Y, por fin, existe una tercera v\u00eda, la que yo llamo fuerista, que es partir de las realidades existentes; los territorios forales y mediante la modificaci\u00f3n y actualizaci\u00f3n, y el reconocimiento de esos fueros como constituciones originales de cada una de esas comunidades, llegar al reconocimiento como estado de cada una de ellas. Tiene el inconveniente de que tampoco esto ser\u00eda la creaci\u00f3n del estado de la naci\u00f3n vasca y que los entes resultantes tendr\u00edan dif\u00edcil viabilidad demogr\u00e1fica y econ\u00f3mica y la ventaja de que se podr\u00eda hacer de una forma a d\u00eda de hoy jur\u00eddicamente posible. As\u00ed pues, la soluci\u00f3n al problema de la viabilidad es la Confederaci\u00f3n, siempre atentos al principio de subsidiariedad. En esta v\u00eda el estado es Euskadi, o mejor, los Estados Confederados de Euskadi.<\/p>\n<p style=\"text-align: justify\">Consecuentemente, y para evitar el conflicto entre soberan\u00edas al que nos llevar\u00eda sin duda alguna la v\u00eda soberanista, este entramado confederal ser\u00eda tambi\u00e9n capaz de poder plantear convenios de colaboraci\u00f3n y cosoberan\u00eda con Francia, con Espa\u00f1a, y con la Uni\u00f3n Europea como ya se hace hoy con toda naturalidad en el seno de esta \u00faltima.<\/p>\n<p style=\"text-align: justify\">El problema es que pretendemos dar soluciones sencillas a problemas complejos y no solo sencillas sino las m\u00e1s de las veces ajenas a nuestra propia cultura y muchas veces la soluci\u00f3n esta en nuestra propia tradici\u00f3n jur\u00eddico institucional. Quiz\u00e1s ese fue el mayor m\u00e9rito de Arana y por ello su figura sigue vigente\u2026 vio la necesidad de dar una soluci\u00f3n nueva a un problema viejo pero haci\u00e9ndolo desde nuestra propia cultura\u2026<\/p>\n<p><em><strong>Ander Muruzabal<\/strong><\/em><\/p>\n","protected":false},"excerpt":{"rendered":"<p>\u00abEuskotarren aberria Euskadi da\u00bb Sabino Arana Goiri Es evidente que la sociedad vasca, y todas las sociedades en general, han cambiado sustancialmente su composici\u00f3n desde finales del siglo XIX fecha del surgimiento del nacionalismo vasco hasta nuestros d\u00edas. La extensi\u00f3n de la educaci\u00f3n, los movimientos migratorios, la irrupci\u00f3n de las nuevas tecnolog\u00edas de la informaci\u00f3n &hellip; <a href=\"https:\/\/blogs.noticiasdenavarra.com\/nafarherria\/2014\/12\/12\/redescubriendo-a-arana\/\" class=\"more-link\">Sigue leyendo <span class=\"screen-reader-text\">Redescubriendo a Arana<\/span><\/a><\/p>\n","protected":false},"author":71,"featured_media":0,"comment_status":"open","ping_status":"closed","sticky":false,"template":"","format":"standard","meta":{"footnotes":""},"categories":[182,272,215,220,186,187,232,248],"tags":[199,202,205,212,3015,3016,3008,231,240,2948,3019,2949],"class_list":["post-700","post","type-post","status-publish","format-standard","hentry","category-eaj-pnv","category-euzkadi","category-fuero","category-independencia","category-izquierda-abertzale","category-nacionalismo-vasco","category-navarra","category-soberania","tag-bildu","tag-confederalismo","tag-democracia","tag-euskadi","tag-fuero","tag-independencia","tag-izquierda-abertzale","tag-nacionalismo","tag-pnv","tag-sabino-arana","tag-soberania","tag-tomas-urzainki"],"_links":{"self":[{"href":"https:\/\/blogs.noticiasdenavarra.com\/nafarherria\/wp-json\/wp\/v2\/posts\/700","targetHints":{"allow":["GET"]}}],"collection":[{"href":"https:\/\/blogs.noticiasdenavarra.com\/nafarherria\/wp-json\/wp\/v2\/posts"}],"about":[{"href":"https:\/\/blogs.noticiasdenavarra.com\/nafarherria\/wp-json\/wp\/v2\/types\/post"}],"author":[{"embeddable":true,"href":"https:\/\/blogs.noticiasdenavarra.com\/nafarherria\/wp-json\/wp\/v2\/users\/71"}],"replies":[{"embeddable":true,"href":"https:\/\/blogs.noticiasdenavarra.com\/nafarherria\/wp-json\/wp\/v2\/comments?post=700"}],"version-history":[{"count":1,"href":"https:\/\/blogs.noticiasdenavarra.com\/nafarherria\/wp-json\/wp\/v2\/posts\/700\/revisions"}],"predecessor-version":[{"id":702,"href":"https:\/\/blogs.noticiasdenavarra.com\/nafarherria\/wp-json\/wp\/v2\/posts\/700\/revisions\/702"}],"wp:attachment":[{"href":"https:\/\/blogs.noticiasdenavarra.com\/nafarherria\/wp-json\/wp\/v2\/media?parent=700"}],"wp:term":[{"taxonomy":"category","embeddable":true,"href":"https:\/\/blogs.noticiasdenavarra.com\/nafarherria\/wp-json\/wp\/v2\/categories?post=700"},{"taxonomy":"post_tag","embeddable":true,"href":"https:\/\/blogs.noticiasdenavarra.com\/nafarherria\/wp-json\/wp\/v2\/tags?post=700"}],"curies":[{"name":"wp","href":"https:\/\/api.w.org\/{rel}","templated":true}]}}