{"id":661,"date":"2014-10-14T10:58:04","date_gmt":"2014-10-14T10:58:04","guid":{"rendered":"http:\/\/blogs.noticiasdenavarra.com\/nafarherria\/?p=661"},"modified":"2014-10-14T10:58:04","modified_gmt":"2014-10-14T10:58:04","slug":"la-transitoria-4a","status":"publish","type":"post","link":"https:\/\/blogs.noticiasdenavarra.com\/nafarherria\/2014\/10\/14\/la-transitoria-4a\/","title":{"rendered":"La transitoria 4\u00aa"},"content":{"rendered":"<p style=\"text-align: justify\"><a href=\"http:\/\/blogs.noticiasdenavarra.com\/nafarherria\/files\/2014\/10\/Navarra-mapa.jpg\"><img loading=\"lazy\" decoding=\"async\" class=\"alignleft size-full wp-image-662\" src=\"http:\/\/blogs.noticiasdenavarra.com\/nafarherria\/files\/2014\/10\/Navarra-mapa.jpg\" alt=\"Navarra mapa\" width=\"372\" height=\"480\" \/><\/a>Estos d\u00edas en los que est\u00e1 tan en boga la discusi\u00f3n sobre los \u00e1mbitos de decisi\u00f3n, lo que permite o no la Constituci\u00f3n espa\u00f1ola o quienes deben ser sujetos de votaci\u00f3n en el caso de un referendum que afecte a la estructura territorial del estado, no estar\u00eda de m\u00e1s echar un vistazo a una \u201crara avis\u201d constitucional como es la Disposici\u00f3n Transitoria 4\u00aa que en si misma ya es una excepci\u00f3n a lo que predican los sesudos constitucionalistas para el caso catal\u00e1n y a lo que predicar\u00edan con igual entusiasmo en un hipot\u00e9tico caso vasco.<\/p>\n<p style=\"text-align: justify\">Y digo que es una \u201crara avis\u201d porque contrariamente a lo que se viene diciendo estos d\u00edas la Constituci\u00f3n espa\u00f1ola si contempla un sujeto pol\u00edtico que puede alterar la estructura territorial del estado sin que tenga que ser votado por todos los espa\u00f1oles sino simplemente por aquellos a los que afecta de manera directa y, adem\u00e1s perfectamente regulado por esa misma constituci\u00f3n, y ese sujeto son en primera instancia los navarros y en segunda todos los vascos.<\/p>\n<p style=\"text-align: justify\">As\u00ed pues, la Transitoria 4\u00aa, adem\u00e1s de la pol\u00e9mica que genera cada periodo electoral en Navarra, recurrentemente y desde hace casi 40 a\u00f1os, es la perfecta demostraci\u00f3n de que todo el argumentarlo que ha esgrimido este \u00faltimo a\u00f1o el nacionalismo espa\u00f1ol, conviene llamarlo por su nombre para entender algunas cosas, no vale m\u00e1s que el papel en que est\u00e1 escrito; la Constituci\u00f3n si contempla sujetos pol\u00edticos distintos a la manida soberan\u00eda nacional y si puede articular v\u00edas legales para consultas que afecten a la estructura territorial del estado.<\/p>\n<p style=\"text-align: justify\"><!--more-->Pero el inter\u00e9s que me lleva a escribir este art\u00edculo no es tanto su repercusi\u00f3n posible en el caso catal\u00e1n o en cualquier otra hipot\u00e9tica iniciativa secesionista en Espa\u00f1a, ah\u00ed queda el argumentarlo anterior por si a alguno le hiciese falta, sino su aplicaci\u00f3n directa a mi tierra; Navarra, o mejor en el intento recurrente de la hasta hoy fuerza mayoritaria de Navarra, y el de la que la ha sostenido hasta hoy, de su no aplicaci\u00f3n.<\/p>\n<p style=\"text-align: justify\">Una vez m\u00e1s, y esta vez parece que el miedo guarda la vi\u00f1a con m\u00e1s motivos que en ocasiones anteriores, la reforma constitucional para la supresi\u00f3n de la Transitoria 4\u00aa parece que va a convertirse en el \u201cLeitmotiv\u201d de UPN, y aqu\u00ed no hay divisiones internas, a fin de cuentas nacieron para combatir la Constituci\u00f3n por mucho que ahora se declaren garantes de ella, , y lo que es peor del PSOE que a pesar de haber sido uno de los mu\u00f1idores del pacto constitucional no tiene complejo alguno en salt\u00e1rselo a conveniencia como ya quedo demostrado con la reforma express del art\u00edculo 135, lo que va a dar origen a alguna situaci\u00f3n m\u00e1s que c\u00f3mica.<\/p>\n<p style=\"text-align: justify\">Porque yo me pregunto \u00bfSi alguna vez, en el futuro, los navarros nos volviesemos locos y se diesen las condiciones necesarias para que el Parlamento de Navarra decidiera iniciar el procedimiento para formar parte de la Comunidad Aut\u00f3noma Vasca y la Transitoria 4\u00aa hubiera sido suprimida, el Rajoy de turno nos impedir\u00eda votar alegando que eso es algo que no esta contemplado en la Ley o que como afecta a todos los espa\u00f1oles deben ser todos ellos quienes decidan?<\/p>\n<p style=\"text-align: justify\">A\u00fan y todo yo soy partidario de reformar la Constituci\u00f3n y tocar la Transitoria 4\u00aa pero no para restringir derechos reconocidos sino para ampliarlos. Si la Constituci\u00f3n ahora ya recoge el sujeto \u00bfPor qu\u00e9 no iba a reconocer tambi\u00e9n el objeto si adem\u00e1s se apoya en alg\u00fan otro precepto constitucional como son la Adicional 1\u00aa y la Derogatoria? \u00bfPor qu\u00e9 no reconocer de una vez que los territorios hist\u00f3ricos son sujeto de su propio futuro?<\/p>\n<p style=\"text-align: justify\">Y ese si, ese es el referendum que afectar\u00eda a todos los espa\u00f1oles el del modelo de colaboraci\u00f3n entre los territorios hist\u00f3ricos y Espa\u00f1a, como corresponde a todos los vascos aprobar el modelo de colaboraci\u00f3n CAV\/Navarra. No se trata de romper baraja alguna sino de reconocer el derecho de levantarse de la partida.<\/p>\n<p style=\"text-align: justify\">A estas alturas Navarra ha conseguido el dudoso honor de ser la \u00fanica comunidad en el mundo que legisla contra su propia lengua, estamos tambi\u00e9n en el camino de ser la primera que legisla contra su propia libertad&#8230;<\/p>\n<p><em><strong>Ander Muruzabal<\/strong><\/em><\/p>\n","protected":false},"excerpt":{"rendered":"<p>Estos d\u00edas en los que est\u00e1 tan en boga la discusi\u00f3n sobre los \u00e1mbitos de decisi\u00f3n, lo que permite o no la Constituci\u00f3n espa\u00f1ola o quienes deben ser sujetos de votaci\u00f3n en el caso de un referendum que afecte a la estructura territorial del estado, no estar\u00eda de m\u00e1s echar un vistazo a una \u201crara &hellip; <a href=\"https:\/\/blogs.noticiasdenavarra.com\/nafarherria\/2014\/10\/14\/la-transitoria-4a\/\" class=\"more-link\">Sigue leyendo <span class=\"screen-reader-text\">La transitoria 4\u00aa<\/span><\/a><\/p>\n","protected":false},"author":71,"featured_media":0,"comment_status":"open","ping_status":"closed","sticky":false,"template":"","format":"standard","meta":{"footnotes":""},"categories":[508,203,269,475,272,215,220,187,232,192,245,248,284,258],"tags":[3026,202,3013,204,208,212,3015,3022,231,3017,240,244,3019,3020],"class_list":["post-661","post","type-post","status-publish","format-standard","hentry","category-catalunya","category-constitucion","category-ellecciones-navarra","category-espana","category-euzkadi","category-fuero","category-independencia","category-nacionalismo-vasco","category-navarra","category-politica-navarra","category-psoe","category-soberania","category-sociorregionalismo","category-upn","tag-catalunya","tag-confederalismo","tag-constitucion","tag-cuestion-de-estado","tag-elecciones","tag-euskadi","tag-fuero","tag-geroa-bai","tag-nacionalismo","tag-navarra","tag-pnv","tag-psn","tag-soberania","tag-upn"],"_links":{"self":[{"href":"https:\/\/blogs.noticiasdenavarra.com\/nafarherria\/wp-json\/wp\/v2\/posts\/661","targetHints":{"allow":["GET"]}}],"collection":[{"href":"https:\/\/blogs.noticiasdenavarra.com\/nafarherria\/wp-json\/wp\/v2\/posts"}],"about":[{"href":"https:\/\/blogs.noticiasdenavarra.com\/nafarherria\/wp-json\/wp\/v2\/types\/post"}],"author":[{"embeddable":true,"href":"https:\/\/blogs.noticiasdenavarra.com\/nafarherria\/wp-json\/wp\/v2\/users\/71"}],"replies":[{"embeddable":true,"href":"https:\/\/blogs.noticiasdenavarra.com\/nafarherria\/wp-json\/wp\/v2\/comments?post=661"}],"version-history":[{"count":1,"href":"https:\/\/blogs.noticiasdenavarra.com\/nafarherria\/wp-json\/wp\/v2\/posts\/661\/revisions"}],"predecessor-version":[{"id":663,"href":"https:\/\/blogs.noticiasdenavarra.com\/nafarherria\/wp-json\/wp\/v2\/posts\/661\/revisions\/663"}],"wp:attachment":[{"href":"https:\/\/blogs.noticiasdenavarra.com\/nafarherria\/wp-json\/wp\/v2\/media?parent=661"}],"wp:term":[{"taxonomy":"category","embeddable":true,"href":"https:\/\/blogs.noticiasdenavarra.com\/nafarherria\/wp-json\/wp\/v2\/categories?post=661"},{"taxonomy":"post_tag","embeddable":true,"href":"https:\/\/blogs.noticiasdenavarra.com\/nafarherria\/wp-json\/wp\/v2\/tags?post=661"}],"curies":[{"name":"wp","href":"https:\/\/api.w.org\/{rel}","templated":true}]}}