{"id":606,"date":"2014-06-05T09:15:07","date_gmt":"2014-06-05T09:15:07","guid":{"rendered":"http:\/\/blogs.noticiasdenavarra.com\/nafarherria\/?p=606"},"modified":"2014-06-05T09:15:07","modified_gmt":"2014-06-05T09:15:07","slug":"las-bases-de-una-nueva-constitucion","status":"publish","type":"post","link":"https:\/\/blogs.noticiasdenavarra.com\/nafarherria\/2014\/06\/05\/las-bases-de-una-nueva-constitucion\/","title":{"rendered":"Las bases de una nueva Constituci\u00f3n"},"content":{"rendered":"<p><em><a href=\"http:\/\/blogs.noticiasdenavarra.com\/nafarherria\/files\/2014\/06\/placa-monumento-fueros.jpg\"><img loading=\"lazy\" decoding=\"async\" class=\"aligncenter size-full wp-image-607\" src=\"http:\/\/blogs.noticiasdenavarra.com\/nafarherria\/files\/2014\/06\/placa-monumento-fueros.jpg\" alt=\"placa-monumento-fueros\" width=\"500\" height=\"185\" \/><\/a>\u201cNosotros, los vascos de hoy, nos hemos reunido aqu\u00ed en inmortal recuerdo de nuestros antepasados, para demostrar que queremos seguir manteniendo nuestra Ley\u201d<\/em><\/p>\n<p style=\"text-align: right\"><strong>Monumento a los Fueros. Paseo Sarasate. Iru\u00f1a<\/strong><\/p>\n<p style=\"text-align: justify\">\nDec\u00eda en mi anterior art\u00edculo que es hora ya de ir abriendo un nuevo proceso constituyente y eso ha suscitado cierto debate sobre si a los nacionalistas vasco navarros nos interesa participar en ese proceso o es algo que nos resulta ajeno, ya porque hay quienes opinan que lo que hay que abordar es el proceso constituyente propiamente vasco o quienes lo hacen apoyando la ponencia de autogobierno que ha puesto en marcha recientemente el Parlamento Vasco.<\/p>\n<p style=\"text-align: justify\">No voy a ser yo quien ponga en duda la utilidad de ambos procesos ni quien minusvalore los esfuerzos que conllevan, pero creo que las dos iniciativas est\u00e1n abocadas al fracaso, y me explico\u2026<\/p>\n<p style=\"text-align: justify\"><!--more-->La iniciativa soberanista propiciada por la Izquierda autodenominada abertzale y sus socios actuales m\u00e1s alg\u00fan despistado del nacionalismo institucional siguiendo el tir\u00f3n del soberanismo catal\u00e1n va a chocar indefectiblemente con el muro constitucional, lo mismo va a pasar en Catalunya, y su \u00fanico elemento aprovechable va a estar en su capacidad de sentar al Gobierno espa\u00f1ol en un escenario de negociaci\u00f3n del status actual, lo que de paso llevar\u00e1 al desconcierto y a la desilusi\u00f3n de los que apostaron por esta v\u00eda y a perpetuar el estado actual de las cosas con alguna peque\u00f1a cesi\u00f3n, grande en el caso catalan.<\/p>\n<p style=\"text-align: justify\">Por su parte la v\u00eda estatutaria lo m\u00e1s que va a poder hacer es forzar el desarrollo completo del actual estatuto puesto que los conceptos que nos pueden hacer crecer como naci\u00f3n se encuentran aherrojados por el texto constitucional.<\/p>\n<p style=\"text-align: justify\">Y, por si fuera poco, ambas v\u00edas lo \u00fanico que van a producir es el efecto colateral de ahondar la brecha que actualmente separa las dos institucionalizaciones vascas peninsulares.<\/p>\n<p style=\"text-align: justify\">A pesar del \u201cpil-pil\u201d actual propiciado por el debate monarqu\u00eda-rep\u00fablica no es esto algo que nos afecte de manera especial a los vasconavarros pero si que puede ser una buena oportunidad que nos permita abrir el mel\u00f3n constitucional, esta vez sin chantajes ni ruido de sables, y poner encima de la mesa algunos elementos que si nos podr\u00edan hacer avanzar en el proyecto de construcci\u00f3n nacional, y me estoy refiriendo, como no, a los Derechos Hist\u00f3ricos.<\/p>\n<p style=\"text-align: justify\">En unas hipot\u00e9ticas Cortes Constituyentes los vascos deber\u00edamos tener como \u00fanica meta aquello tan tra\u00eddo y llevado de la Reintegraci\u00f3n Foral Plena, bastar\u00eda con recortar la segunda parte de la adicional 1\u00aa:<\/p>\n<p style=\"text-align: justify\"><em>\u201cLa Constituci\u00f3n ampara y respeta los derechos hist\u00f3ricos de los territorios forales. La actualizaci\u00f3n general de dicho r\u00e9gimen foral se llevar\u00e1 a cabo, en su caso, en el marco de la Constituci\u00f3n y de los Estatutos de Autonom\u00eda\u201d.<\/em><\/p>\n<p style=\"text-align: justify\">Dejando al legislador vasco navarro la potestad y el marco de actualizaci\u00f3n\u2026<\/p>\n<p style=\"text-align: justify\">E incluir a Navarra y a la Ley Paccionada de 1841 en la derogatoria (punto 2)<\/p>\n<p style=\"text-align: justify\"><em>\u201cEn tanto en cuanto pudiera conservar alguna vigencia, se considera definitivamente derogada la Ley de 25 de octubre de 1839 en lo que pudiera afectar a las provincias de \u00c1lava, Guip\u00fazcoa y Vizcaya. En los mismos t\u00e9rminos se considera definitivamente derogada la Ley de 21 de julio de 1876\u201d.<\/em><\/p>\n<p style=\"text-align: justify\">Estos dos sencillos pasos tendr\u00edan, por supuesto, un peque\u00f1o, pero curioso, efecto en el art\u00edculo1, punto 2 del T\u00edtulo Preliminar:<\/p>\n<p style=\"text-align: justify\"><em>\u201cLa soberan\u00eda nacional reside en el pueblo espa\u00f1ol, del que emanan los poderes del Estado\u201d.<\/em><\/p>\n<p style=\"text-align: justify\">Que pasar\u00eda a enunciarse en plural<\/p>\n<p style=\"text-align: justify\">Estos tres sencillos retoques dar\u00edan paso a una Espa\u00f1a Confederal y con una relaci\u00f3n bilateral con cada uno de los territorios hist\u00f3ricos y a estos la capacidad ilimitada y preconstitucional de organizarse y autogobernarse a si mismos.<\/p>\n<p style=\"text-align: justify\">\u00bfQu\u00e9 diferencia habr\u00eda entre este status y la independencia? \u00bfCu\u00e1l ser\u00eda la brecha con Navarra? \u00bfQu\u00e9 imposici\u00f3n soberanista existir\u00eda entre vascos y vascos espa\u00f1oles?<\/p>\n<p style=\"text-align: justify\">\u00bfAbrimos, pues, el mel\u00f3n constitucional?<\/p>\n<p style=\"text-align: justify\"><em><strong>Ander Muruzabal<\/strong><\/em><\/p>\n","protected":false},"excerpt":{"rendered":"<p>\u201cNosotros, los vascos de hoy, nos hemos reunido aqu\u00ed en inmortal recuerdo de nuestros antepasados, para demostrar que queremos seguir manteniendo nuestra Ley\u201d Monumento a los Fueros. Paseo Sarasate. Iru\u00f1a Dec\u00eda en mi anterior art\u00edculo que es hora ya de ir abriendo un nuevo proceso constituyente y eso ha suscitado cierto debate sobre si a &hellip; <a href=\"https:\/\/blogs.noticiasdenavarra.com\/nafarherria\/2014\/06\/05\/las-bases-de-una-nueva-constitucion\/\" class=\"more-link\">Sigue leyendo <span class=\"screen-reader-text\">Las bases de una nueva Constituci\u00f3n<\/span><\/a><\/p>\n","protected":false},"author":71,"featured_media":0,"comment_status":"open","ping_status":"closed","sticky":false,"template":"","format":"standard","meta":{"footnotes":""},"categories":[508,203,182,215,220,186,187,248],"tags":[3026,3013,3023,3015],"class_list":["post-606","post","type-post","status-publish","format-standard","hentry","category-catalunya","category-constitucion","category-eaj-pnv","category-fuero","category-independencia","category-izquierda-abertzale","category-nacionalismo-vasco","category-soberania","tag-catalunya","tag-constitucion","tag-euzkadi","tag-fuero"],"_links":{"self":[{"href":"https:\/\/blogs.noticiasdenavarra.com\/nafarherria\/wp-json\/wp\/v2\/posts\/606","targetHints":{"allow":["GET"]}}],"collection":[{"href":"https:\/\/blogs.noticiasdenavarra.com\/nafarherria\/wp-json\/wp\/v2\/posts"}],"about":[{"href":"https:\/\/blogs.noticiasdenavarra.com\/nafarherria\/wp-json\/wp\/v2\/types\/post"}],"author":[{"embeddable":true,"href":"https:\/\/blogs.noticiasdenavarra.com\/nafarherria\/wp-json\/wp\/v2\/users\/71"}],"replies":[{"embeddable":true,"href":"https:\/\/blogs.noticiasdenavarra.com\/nafarherria\/wp-json\/wp\/v2\/comments?post=606"}],"version-history":[{"count":1,"href":"https:\/\/blogs.noticiasdenavarra.com\/nafarherria\/wp-json\/wp\/v2\/posts\/606\/revisions"}],"predecessor-version":[{"id":608,"href":"https:\/\/blogs.noticiasdenavarra.com\/nafarherria\/wp-json\/wp\/v2\/posts\/606\/revisions\/608"}],"wp:attachment":[{"href":"https:\/\/blogs.noticiasdenavarra.com\/nafarherria\/wp-json\/wp\/v2\/media?parent=606"}],"wp:term":[{"taxonomy":"category","embeddable":true,"href":"https:\/\/blogs.noticiasdenavarra.com\/nafarherria\/wp-json\/wp\/v2\/categories?post=606"},{"taxonomy":"post_tag","embeddable":true,"href":"https:\/\/blogs.noticiasdenavarra.com\/nafarherria\/wp-json\/wp\/v2\/tags?post=606"}],"curies":[{"name":"wp","href":"https:\/\/api.w.org\/{rel}","templated":true}]}}