{"id":563,"date":"2014-03-18T09:23:47","date_gmt":"2014-03-18T09:23:47","guid":{"rendered":"http:\/\/blogs.noticiasdenavarra.com\/nafarherria\/?p=563"},"modified":"2014-03-18T09:26:12","modified_gmt":"2014-03-18T09:26:12","slug":"tiempo-de-cambio-la-navarra-que-viene","status":"publish","type":"post","link":"https:\/\/blogs.noticiasdenavarra.com\/nafarherria\/2014\/03\/18\/tiempo-de-cambio-la-navarra-que-viene\/","title":{"rendered":"Tiempo de cambio; La Navarra que viene"},"content":{"rendered":"<p><i><span lang=\"EN-GB\" style=\"font-size: 11.0pt;font-family: Arial\"><a href=\"http:\/\/blogs.noticiasdenavarra.com\/nafarherria\/files\/2014\/03\/Shakespeare.jpg\"><img loading=\"lazy\" decoding=\"async\" class=\"alignleft size-full wp-image-564\" alt=\"Shakespeare\" src=\"http:\/\/blogs.noticiasdenavarra.com\/nafarherria\/files\/2014\/03\/Shakespeare.jpg\" width=\"360\" height=\"474\" \/><\/a>Navarre<\/span><\/i><i><span lang=\"EN-GB\" style=\"font-size: 11.0pt;font-family: Arial\"> shall be the wonder of the world<\/span><\/i><\/p>\n<p class=\"MsoNormal\" style=\"text-align: right\" align=\"right\"><strong><span lang=\"EN-GB\" style=\"font-size: 11pt;font-family: Arial\">\u00a0<\/span><i><span lang=\"EN-GB\" style=\"font-size: 11pt;font-family: Arial\">Trabajos de Amor<\/span><\/i><span lang=\"EN-GB\" style=\"font-size: 11pt;font-family: Arial\">. (William Shakespeare)<\/span> <\/strong><\/p>\n<p class=\"MsoNormal\" style=\"text-align: justify\"><span style=\"font-size: 11.0pt;font-family: Arial\">En mi anterior art\u00edculo <a href=\"http:\/\/nafarherria.wordpress.com\/2014\/02\/24\/navarra-la-transicion-hurtada\/\" target=\"_blank\">\u201cNavarra; la transici\u00f3n hurtada\u201d<\/a> trataba de responder a una de las dos preguntas que se me hab\u00edan formulado a ra\u00edz de <a href=\"http:\/\/nafarherria.wordpress.com\/2014\/02\/17\/navarra-para-no-iniciados-o-a-ver-si-alguien-de-la-prensa-madrilena-se-entera-de-algo\/\" target=\"_blank\">\u201cNavarra para no iniciados\u2026\u201d<\/a> y que hab\u00eda prometido contestar; \u00bfCrees que es posible el vuelco o cambio de r\u00e9gimen?. Queda, pues pendiente la otra, que aunque mal formulada creo que est\u00e1 en el subconsciente colectivo y merece ser respondida; \u00bfVes posible una colaboraci\u00f3n de cualquier tipo entre las dos fuerzas abertzales de Navarra?<\/span><\/p>\n<p class=\"MsoNormal\" style=\"text-align: justify\"><span style=\"font-size: 11.0pt;font-family: Arial\">Y la verdad es que no se trata tanto de que haya una colaboraci\u00f3n entre Bildu y Geroa Bai en el hipot\u00e9tico caso de que pudiera articularse un gobierno alternativo al sempiterno r\u00e9gimen navarro-floral-espa\u00f1ol. El problema es; \u00bfQue r\u00e9gimen queremos que lo sustituya? \u00bfOtro frente que sea capaz de dejar media Navarra en la marginalidad pol\u00edtica?<\/span><\/p>\n<p class=\"MsoNormal\" style=\"text-align: justify\"><span style=\"font-size: 11.0pt;font-family: Arial\">Y es que es ese precisamente el espantajo que ha servido para que despu\u00e9s de cuarenta a\u00f1os de dictadura la sociedad navarra haya digerido sin pesta\u00f1ear otros cuarenta de franquismo tuneado basado en una ley que jam\u00e1s pudo votar y en un desarrollo legislativo cada vez m\u00e1s restrictivo a medida que la sinraz\u00f3n de ETA a\u00f1ad\u00eda argumentos a sus responsables y hast\u00edo a la sociedad.<\/span><\/p>\n<p class=\"MsoNormal\" style=\"text-align: justify\"><span style=\"font-size: 11.0pt;font-family: Arial\">As\u00ed pues, la pregunta no es si Bildu apoyar\u00eda un gobierno de Geroa Bai o Geroa Bai uno de Bildu, la pregunta es \u00bfSomos los navarros capaces de articular f\u00f3rmulas de gobierno alejadas del frentismo identitario? Capaces de poner encima de la mesa lo que es com\u00fan a la sociedad navarra; el Fuero y su reintegraci\u00f3n plena, de reconocer la diversidad identitaria de Navarra, de articular f\u00f3rmulas de convivencia y consenso entre todos los navarros sea cual sea su origen identitario, de reconocer el derecho a su cultura y sus s\u00edmbolos de los \u00abotros\u00bb navarros, de restablecer cauces de colaboraci\u00f3n con la CAV como hist\u00f3ricamente se ha hecho&#8230;<\/span><\/p>\n<p class=\"MsoNormal\" style=\"text-align: justify\"><span style=\"font-size: 11.0pt;font-family: Arial\"><!--more-->Seguramente Shakespeare, en su comedia, cuando escribi\u00f3 la frase que encabeza este escrito se refer\u00eda no tanto a la Navarra territorial actual, ni siquiera tiene mucho fundamento hist\u00f3rico que el genial bardo ingl\u00e9s viajase nunca fuera de las fronteras de las islas, como a la Corte que los reyes leg\u00edtimos ten\u00edan entonces en Pau, un lugar de impulso de la cultura renacentista y de tolerancia religiosa en tiempos de intolerancia, pero si aquella Navarra fruto de una guerra de invasi\u00f3n y de su desmembramiento fue capaz de generar tal impulso de respeto a la diversidad y a la creaci\u00f3n como para llamar la atenci\u00f3n de uno de los artistas m\u00e1s reconocidos de su \u00e9poca, \u00bfPor qu\u00e9 esta Navarra actual no puede tener el mismo impulso social end\u00f3geno que le permita responder de la misma manera?<\/span><\/p>\n<p class=\"MsoNormal\" style=\"text-align: justify\"><span style=\"font-size: 11.0pt;font-family: Arial\">A todos nos pueden las ganas de responder a cuarenta a\u00f1os de marginaci\u00f3n pol\u00edtica con f\u00f3rmulas de similar corte pero ello no nos llevar\u00eda m\u00e1s que a un absurdo absoluto de exclusiones mutuas. <\/span><\/p>\n<p class=\"MsoNormal\" style=\"text-align: justify\"><span style=\"font-size: 11.0pt;font-family: Arial\">Y Navarra es una comunidad lo suficientemente peque\u00f1a como para que sea oneroso para ella prescindir de una parte de su sociedad salvo que quiera hundirse en la m\u00e1s profunda mediocridad, es eso precisamente lo que han demostrado los cuarenta a\u00f1os de \u00abquesito\u00bb, y que nos llevan a la autoliquidaci\u00f3n como comunidad. El \u00faltimo espect\u00e1culo protagonizado por Barcina y Jim\u00e9nez \u201cperegrinando\u201d a Madrid para obtener el placet de sus jefes hubiera avergonzado a cualquier navarro, de la ideolog\u00eda o identidad que fuese, tan solo tres generaciones atr\u00e1s.<\/span><\/p>\n<p class=\"MsoNormal\" style=\"text-align: justify\"><span style=\"font-size: 11.0pt;font-family: Arial\">As\u00ed, la prioridad es transformar esa sociedad navarra, a la que se le hurto la transici\u00f3n, en una sociedad plenamente democr\u00e1tica, consciente de su propio autogobierno y de su diversidad y sentadas estas bases decidir serenamente sobre su futuro. Sin revanchismos&#8230;<\/span><\/p>\n<p class=\"MsoNormal\" style=\"text-align: justify\"><span style=\"font-size: 11.0pt;font-family: Arial\">Y para eso las componendas entre partidos no parecen la mejor soluci\u00f3n, todos valdr\u00e1n o no en funci\u00f3n de que quieran esa Navarra. Eso se ha de hacer desde una profunda regeneraci\u00f3n democr\u00e1tica que deje atr\u00e1s el Amejoramiento, que restablezca puentes de entendimiento y legisle para toda la sociedad navarra en su conjunto, algo que dif\u00edcilmente pueden hacer fuerzas que llevan en la mochila, a un lado u otro de la trinchera, la responsabilidad del dislate en que se ha convertido Navarra, y que necesariamente tendr\u00e1 que ser protagonizado por fuerzas que crean en la diversidad como valor y no como obst\u00e1culo y que prefieran el entendimiento a la imposici\u00f3n, fuerzas nuevas o las viejas fuerzas renovadas, pero aplicando en la esfera interna lo que predican para la sociedad.<\/span><\/p>\n<p class=\"MsoNormal\" style=\"text-align: justify\"><span style=\"font-size: 11.0pt;font-family: Arial\">Dif\u00edcilmente alguien que no cree en la diversidad, el debate, la democracia o el autogobierno de Navarra podr\u00e1 llevarlo adelante\u2026<\/span><\/p>\n<p class=\"MsoNormal\" style=\"text-align: justify\"><em><span style=\"font-size: 11pt;font-family: Arial\"><strong>Ander Muruzabal<\/strong> <\/span> <\/em><\/p>\n","protected":false},"excerpt":{"rendered":"<p>Navarre shall be the wonder of the world \u00a0Trabajos de Amor. (William Shakespeare) En mi anterior art\u00edculo \u201cNavarra; la transici\u00f3n hurtada\u201d trataba de responder a una de las dos preguntas que se me hab\u00edan formulado a ra\u00edz de \u201cNavarra para no iniciados\u2026\u201d y que hab\u00eda prometido contestar; \u00bfCrees que es posible el vuelco o cambio &hellip; <a href=\"https:\/\/blogs.noticiasdenavarra.com\/nafarherria\/2014\/03\/18\/tiempo-de-cambio-la-navarra-que-viene\/\" class=\"more-link\">Sigue leyendo <span class=\"screen-reader-text\">Tiempo de cambio; La Navarra que viene<\/span><\/a><\/p>\n","protected":false},"author":71,"featured_media":0,"comment_status":"open","ping_status":"closed","sticky":false,"template":"","format":"standard","meta":{"footnotes":""},"categories":[269,215,266,186,192],"tags":[194,204,205,208,3022,3024,3017,247,260,263,264],"class_list":["post-563","post","type-post","status-publish","format-standard","hentry","category-ellecciones-navarra","category-fuero","category-geroa-bai","category-izquierda-abertzale","category-politica-navarra","tag-agostazo","tag-cuestion-de-estado","tag-democracia","tag-elecciones","tag-geroa-bai","tag-gobierno-de-navarra","tag-navarra","tag-roberto-jimenez","tag-uxue-barkos","tag-yolanda-barcina","tag-zabaltzen"],"_links":{"self":[{"href":"https:\/\/blogs.noticiasdenavarra.com\/nafarherria\/wp-json\/wp\/v2\/posts\/563","targetHints":{"allow":["GET"]}}],"collection":[{"href":"https:\/\/blogs.noticiasdenavarra.com\/nafarherria\/wp-json\/wp\/v2\/posts"}],"about":[{"href":"https:\/\/blogs.noticiasdenavarra.com\/nafarherria\/wp-json\/wp\/v2\/types\/post"}],"author":[{"embeddable":true,"href":"https:\/\/blogs.noticiasdenavarra.com\/nafarherria\/wp-json\/wp\/v2\/users\/71"}],"replies":[{"embeddable":true,"href":"https:\/\/blogs.noticiasdenavarra.com\/nafarherria\/wp-json\/wp\/v2\/comments?post=563"}],"version-history":[{"count":4,"href":"https:\/\/blogs.noticiasdenavarra.com\/nafarherria\/wp-json\/wp\/v2\/posts\/563\/revisions"}],"predecessor-version":[{"id":568,"href":"https:\/\/blogs.noticiasdenavarra.com\/nafarherria\/wp-json\/wp\/v2\/posts\/563\/revisions\/568"}],"wp:attachment":[{"href":"https:\/\/blogs.noticiasdenavarra.com\/nafarherria\/wp-json\/wp\/v2\/media?parent=563"}],"wp:term":[{"taxonomy":"category","embeddable":true,"href":"https:\/\/blogs.noticiasdenavarra.com\/nafarherria\/wp-json\/wp\/v2\/categories?post=563"},{"taxonomy":"post_tag","embeddable":true,"href":"https:\/\/blogs.noticiasdenavarra.com\/nafarherria\/wp-json\/wp\/v2\/tags?post=563"}],"curies":[{"name":"wp","href":"https:\/\/api.w.org\/{rel}","templated":true}]}}