{"id":554,"date":"2014-02-26T11:35:36","date_gmt":"2014-02-26T11:35:36","guid":{"rendered":"http:\/\/blogs.noticiasdenavarra.com\/nafarherria\/?p=554"},"modified":"2014-02-26T11:35:36","modified_gmt":"2014-02-26T11:35:36","slug":"despues-de-la-comision-de-investigacion","status":"publish","type":"post","link":"https:\/\/blogs.noticiasdenavarra.com\/nafarherria\/2014\/02\/26\/despues-de-la-comision-de-investigacion\/","title":{"rendered":"Despu\u00e9s de la Comisi\u00f3n de Investigaci\u00f3n"},"content":{"rendered":"<p class=\"MsoNormal\" style=\"text-align: justify\"><span style=\"font-size: 11.0pt;font-family: Arial\"><a href=\"http:\/\/blogs.noticiasdenavarra.com\/nafarherria\/files\/2014\/02\/imagen_DiputacionfachadaCarlosIII.jpg\"><img loading=\"lazy\" decoding=\"async\" class=\"alignleft size-full wp-image-555\" alt=\"imagen_DiputacionfachadaCarlosIII\" src=\"http:\/\/blogs.noticiasdenavarra.com\/nafarherria\/files\/2014\/02\/imagen_DiputacionfachadaCarlosIII.jpg\" width=\"246\" height=\"368\" \/><\/a><\/span><span style=\"font-size: 11.0pt;font-family: Arial\"><span style=\"font-size: 11.0pt;font-family: Arial\">Ya siento d\u00e1rsela pero tiene raz\u00f3n Yolanda Barcina cuando dice en la Comisi\u00f3n de Investigaci\u00f3n que el llamado Caso Goicoechea no es un caso de corrupci\u00f3n. O\u00edda la declaraci\u00f3n de Idoia Nieves, de cuatro altos cargos de Hacienda, de la Consejera Goicoechea y de la Presidenta Barcina no queda m\u00e1s remedio que concluir que en el Hacienda Navarra no ha habido corrupci\u00f3n\u2026 La cosa es much\u00edsimo peor\u2026<\/span><\/span><\/p>\n<p class=\"MsoNormal\" style=\"text-align: justify\"><span style=\"font-size: 11.0pt;font-family: Arial\">Un caso de corrupci\u00f3n aislado, o reincidente, se pude sustanciar con la dimisi\u00f3n de los afectados y su posterior remisi\u00f3n a los Tribunales de Justicia, incluso con la ca\u00edda del Gobierno de turno, pero lo que hemos visto en estos d\u00edas de Comisi\u00f3n de Investigaci\u00f3n es el panorama desolador en que una manera de entender lo p\u00fablico ha convertido a la Administraci\u00f3n de Navarra.<\/span><\/p>\n<p class=\"MsoNormal\" style=\"text-align: justify\"><span style=\"font-size: 11.0pt;font-family: Arial\">Una manera en que lo p\u00fablico y lo privado no tienen l\u00edneas rojas de separaci\u00f3n, donde las incompatibilidades no son m\u00e1s que molestos escollos para hacer lo que al pol\u00edtico de turno le de la real gana, donde la Ley y las garant\u00edas inherentes a cualquier Administraci\u00f3n p\u00fablica no son m\u00e1s que obst\u00e1culos a esquivar en la carrera hacia el clientelismo, el amiguismo y el mamoneo descontrolado, donde hay ciudadanos de primera, de segunda y hasta de regional\u2026<\/span><\/p>\n<p class=\"MsoNormal\" style=\"text-align: justify\"><span style=\"font-size: 11.0pt;font-family: Arial\"><!--more-->Cuarenta a\u00f1os de r\u00e9gimen de UPSN han dado como fruto el erial administrativo en que nos encontramos donde las palabras democracia o transparencia no son m\u00e1s que burdos slogan huecos para perpetuar un modo cortijero de entender la cosa p\u00fablica, donde todo vale para echar una mano a los amigos y donde la Ley se aplica al que no los tiene.<\/span><\/p>\n<p class=\"MsoNormal\" style=\"text-align: justify\"><span style=\"font-size: 11.0pt;font-family: Arial\">Si la fantasmag\u00f3rica gesti\u00f3n de la CAN, que ha dejado a Navarra sin herramienta de financiaci\u00f3n, y su transmutaci\u00f3n<span>\u00a0 <\/span>de p\u00fablica a privada y de privada a p\u00fablica en funci\u00f3n del inter\u00e9s de los ocupantes de Carlos III, 2 hasta que de tanto cambiar ya no se sabe donde est\u00e1, ni si est\u00e1, si el despilfarro sistem\u00e1tico de los fondos p\u00fablicos en peajes sombr\u00edos que ha dejado a Navarra endeudada sine die, si el af\u00e1n megal\u00f3mano de los dirigentes de UPN empe\u00f1ados en una loca carrera a ver quien era capaz de dejar el mayor dislate para la posteridad; Reynos Arenas sin equipos, Circuitos sin coches, Auditorios sin nada<span>\u00a0 <\/span>que audicionar, Urbanizaciones sin casas\u2026 si esto no fuera suficiente tambi\u00e9n se han cargado el buen nombre de nuestra Administraci\u00f3n.<\/span><\/p>\n<p class=\"MsoNormal\" style=\"text-align: justify\"><span style=\"font-size: 11.0pt;font-family: Arial\">Y este panorama no se arregla con dimisiones ni ca\u00eddas de gobiernos, sino desde un profundo proceso de reforma democr\u00e1tica donde lo p\u00fablico sea de todos y donde la violencia, y m\u00e1s ahora que parece haber llegado a su fin, no sea la excusa para un todo vale dirigido desde Madrid que ha hurtado a los navarros no ya la capacidad de decidir sobre si mismos sino hasta, incluso, la de opinar sobre lo que otros deciden por ellos.<\/span><\/p>\n<p class=\"MsoNormal\" style=\"text-align: justify\"><span style=\"font-size: 11.0pt;font-family: Arial\">Yo no se si en los pr\u00f3ximos d\u00edas vamos a asistir a una moci\u00f3n de censura que acabe con el nefasto gobierno de Barcina y vamos a unas elecciones anticipadas de las que debe salir esa reforma democr\u00e1tica, ni siquiera si de verdad tendr\u00edamos prisa despu\u00e9s de cuarenta a\u00f1os de lo mismo, pero creo que hay, al menos, tres razones que hacen obligado pasar p\u00e1gina cuanto antes.<\/span><\/p>\n<p class=\"MsoNormal\" style=\"text-align: justify\"><span style=\"font-size: 11.0pt;font-family: Arial\">Poner orden en la Hacienda Navarra de forma que las empresas no se vean perjudicadas por el encaje de bolillos financiero de unos ineptos m\u00e1s atentos a las consignas que les llegan de la capital de Reino que de la sociedad que les ha elegido y que son las que nos tienen que sacar de esta crisis, y para que las arcas forales no sufran los grav\u00edsimos quebrantos que les est\u00e1n impidiendo ser el motor econ\u00f3mico de recuperaci\u00f3n que exigen los ciudadanos.<\/span><\/p>\n<p class=\"MsoNormal\" style=\"text-align: justify\"><span style=\"font-size: 11.0pt;font-family: Arial\">Limpiar la Administraci\u00f3n p\u00fablica de Navarra de la red clientelar que ha desplegado por ella UPN durante su infinito mandato y dar paso a una administraci\u00f3n que se rija por los criterios de m\u00e9rito, capacidad y neutralidad por los que nunca debi\u00f3 dejar de regirse.<\/span><\/p>\n<p class=\"MsoNormal\" style=\"text-align: justify\"><span style=\"font-size: 11.0pt;font-family: Arial\">Y, por \u00faltimo y quiz\u00e1s m\u00e1s importante, porque no podemos dejar en manos de quienes no creen en Navarra m\u00e1s que como finca de recreo entre viaje y viaje a Madrid y en su autogobierno m\u00e1s que como una manera mucho m\u00e1s directa de tener acceso a la caja, negocien el Convenio, ni por capacidad, que no la tienen y a las recientes chapuzas negociadoras en la Villa y Corte nos podemos remitir, ni por voluntad, que ni siquiera se les supone.<\/span><\/p>\n<p class=\"MsoNormal\" style=\"text-align: justify\"><span style=\"font-size: 11.0pt;font-family: Arial\">Un d\u00eda m\u00e1s de r\u00e9gimen y el Fuero ser\u00e1 un recuerdo que nos dejaron nuestros antepasados\u2026<\/span><\/p>\n<p class=\"MsoNormal\" style=\"text-align: justify\"><span style=\"font-size: 11.0pt;font-family: Arial\">L\u00e1stima que todo este en manos de quienes hasta el d\u00eda de hoy han dado cobertura al dislate\u2026 a\u00fan queda tiempo para rectificar pero el reloj ya se ha puesto en marcha.<\/span><\/p>\n<p class=\"MsoNormal\" style=\"text-align: justify\"><strong><i><span style=\"font-size: 11pt;font-family: Arial\">Ander Muruzabal<\/span><\/i><\/strong><\/p>\n","protected":false},"excerpt":{"rendered":"<p>Ya siento d\u00e1rsela pero tiene raz\u00f3n Yolanda Barcina cuando dice en la Comisi\u00f3n de Investigaci\u00f3n que el llamado Caso Goicoechea no es un caso de corrupci\u00f3n. O\u00edda la declaraci\u00f3n de Idoia Nieves, de cuatro altos cargos de Hacienda, de la Consejera Goicoechea y de la Presidenta Barcina no queda m\u00e1s remedio que concluir que en &hellip; <a href=\"https:\/\/blogs.noticiasdenavarra.com\/nafarherria\/2014\/02\/26\/despues-de-la-comision-de-investigacion\/\" class=\"more-link\">Sigue leyendo <span class=\"screen-reader-text\">Despu\u00e9s de la Comisi\u00f3n de Investigaci\u00f3n<\/span><\/a><\/p>\n","protected":false},"author":71,"featured_media":0,"comment_status":"open","ping_status":"closed","sticky":false,"template":"","format":"standard","meta":{"footnotes":""},"categories":[269,215,274,192,245,284,258],"tags":[194,204,205,3024,3011,244,247,3020,263],"class_list":["post-554","post","type-post","status-publish","format-standard","hentry","category-ellecciones-navarra","category-fuero","category-gobierno-de-navarra","category-politica-navarra","category-psoe","category-sociorregionalismo","category-upn","tag-agostazo","tag-cuestion-de-estado","tag-democracia","tag-gobierno-de-navarra","tag-partidos-politicos","tag-psn","tag-roberto-jimenez","tag-upn","tag-yolanda-barcina"],"_links":{"self":[{"href":"https:\/\/blogs.noticiasdenavarra.com\/nafarherria\/wp-json\/wp\/v2\/posts\/554","targetHints":{"allow":["GET"]}}],"collection":[{"href":"https:\/\/blogs.noticiasdenavarra.com\/nafarherria\/wp-json\/wp\/v2\/posts"}],"about":[{"href":"https:\/\/blogs.noticiasdenavarra.com\/nafarherria\/wp-json\/wp\/v2\/types\/post"}],"author":[{"embeddable":true,"href":"https:\/\/blogs.noticiasdenavarra.com\/nafarherria\/wp-json\/wp\/v2\/users\/71"}],"replies":[{"embeddable":true,"href":"https:\/\/blogs.noticiasdenavarra.com\/nafarherria\/wp-json\/wp\/v2\/comments?post=554"}],"version-history":[{"count":1,"href":"https:\/\/blogs.noticiasdenavarra.com\/nafarherria\/wp-json\/wp\/v2\/posts\/554\/revisions"}],"predecessor-version":[{"id":556,"href":"https:\/\/blogs.noticiasdenavarra.com\/nafarherria\/wp-json\/wp\/v2\/posts\/554\/revisions\/556"}],"wp:attachment":[{"href":"https:\/\/blogs.noticiasdenavarra.com\/nafarherria\/wp-json\/wp\/v2\/media?parent=554"}],"wp:term":[{"taxonomy":"category","embeddable":true,"href":"https:\/\/blogs.noticiasdenavarra.com\/nafarherria\/wp-json\/wp\/v2\/categories?post=554"},{"taxonomy":"post_tag","embeddable":true,"href":"https:\/\/blogs.noticiasdenavarra.com\/nafarherria\/wp-json\/wp\/v2\/tags?post=554"}],"curies":[{"name":"wp","href":"https:\/\/api.w.org\/{rel}","templated":true}]}}