{"id":537,"date":"2014-01-30T09:11:40","date_gmt":"2014-01-30T09:11:40","guid":{"rendered":"http:\/\/blogs.noticiasdenavarra.com\/nafarherria\/?p=537"},"modified":"2014-01-30T09:12:29","modified_gmt":"2014-01-30T09:12:29","slug":"burocracia-y-nepotismo","status":"publish","type":"post","link":"https:\/\/blogs.noticiasdenavarra.com\/nafarherria\/2014\/01\/30\/burocracia-y-nepotismo\/","title":{"rendered":"Burocracia y nepotismo"},"content":{"rendered":"<p style=\"text-align: justify\"><i><a href=\"http:\/\/blogs.noticiasdenavarra.com\/nafarherria\/files\/2014\/01\/Post-funcionario-para-donde-voy.jpg\"><img loading=\"lazy\" decoding=\"async\" class=\"aligncenter size-full wp-image-538\" alt=\"Selection of course\" src=\"http:\/\/blogs.noticiasdenavarra.com\/nafarherria\/files\/2014\/01\/Post-funcionario-para-donde-voy.jpg\" width=\"438\" height=\"274\" \/><\/a>\u201cEs peligroso tener raz\u00f3n cuando el gobierno est\u00e1 equivocado\u201d.<\/i><\/p>\n<p style=\"text-align: right\" align=\"right\"><strong>Voltaire<\/strong><\/p>\n<p style=\"text-align: justify\">En una sociedad democr\u00e1tica existen dos esferas de actividad que definen lo p\u00fablico, dos esferas con actividad bien diferenciada y que requieren de perfiles completamente distintos a la hora de desarrollarla. Estoy hablando de la pol\u00edtica y su m\u00e1xima expresi\u00f3n; los partidos y las organizaciones pol\u00edticas, y la gesti\u00f3n de lo p\u00fablico; la administraci\u00f3n p\u00fablica.<\/p>\n<p style=\"text-align: justify\">La primera es donde se definen las pol\u00edticas p\u00fablicas y estas solo se pueden generar del debate de las ideas y est\u00e1n sometidas al control de la ciudadan\u00eda mediante los procesos electorales. La segunda gestiona el dinero p\u00fablico para sacar adelante esas pol\u00edticas p\u00fablicas que ha elegido la ciudadan\u00eda y su control no pude hacerse bajo ninguna otra perspectiva que no sea la profesionalidad y el cumplimiento de los objetivos que marcan esas pol\u00edticas p\u00fablicas. La primera debe regirse por dos criterios fundamentales; la transparencia y la libertad, y la segunda por la capacidad profesional y la neutralidad.<\/p>\n<p style=\"text-align: justify\"><!--more-->Uno de los problemas t\u00edpicos que m\u00e1s se le ha achacado a la gesti\u00f3n de lo p\u00fablico a lo largo del tiempo ha sido su burocratizaci\u00f3n como consecuencia de la rigidez de sus estructuras, las formas de acceso a ella, su garantismo y la\u00a0 inamovilidad de los empleados p\u00fablicos. Y es cierto que todas estas caracter\u00edsticas de la Administraci\u00f3n p\u00fablica tienen como origen y raz\u00f3n el inter\u00e9s por la profesionalizaci\u00f3n de la administraci\u00f3n al margen del vaiv\u00e9n pol\u00edtico y el trato igualitario que en teor\u00eda esta debe ofrecer a cualquier ciudadano y tambi\u00e9n es cierto que esas caracter\u00edsticas llevadas al extremo lo m\u00e1s que pueden conseguir es la construcci\u00f3n de una maquinaria enorme y las m\u00e1s de las veces ineficaz.<\/p>\n<p style=\"text-align: justify\">Es en estos tiempos de crisis, con una tasa de paro desorbitada, cuando la vista del ciudadano que lo est\u00e1 pasando mal se vuelve hacia quienes tienen una especie de empleo vitalicio y afloran todos esos t\u00f3picos sobre la administraci\u00f3n que en \u00e9pocas de bonanza solo parecen afectar a los ciudadanos que sufren alguno de sus procedimientos en carne propia la mayor parte de las veces en forma de procedimientos ininteligibles o esperas tediosas. Puede ser que esta visi\u00f3n de la administraci\u00f3n p\u00fablica tenga un trasfondo real y que en otros tiempos tuviera mucho que ver con su funcionamiento pero no es la burocracia el mayor problema que afronta hoy la administraci\u00f3n sino su absoluta desprofesionalizaci\u00f3n.<\/p>\n<p style=\"text-align: justify\">Al final, aquellas razones que llevaron al dise\u00f1o de la administraci\u00f3n que tenemos; la profesionalizaci\u00f3n y la neutralidad, y dada la poca fortuna con que durante a\u00f1os se desarroll\u00f3 han sido sustituidas poco a poco maquillados con criterios de agilidad y confianza pol\u00edtica por un elemento todav\u00eda mucho m\u00e1s pernicioso para su funcionamiento como es el nepotismo.<\/p>\n<p style=\"text-align: justify\">La administraci\u00f3n de hoy es una mezcla con lo peor de los dos sistemas a base de duplicar sus estructuras de direcci\u00f3n con una cohorte de advenedizos, que las m\u00e1s de las veces tendr\u00edan un oscuro futuro al margen del partido que les proporciona sustento, prestos a obedecer la voz de su amo y carentes de cualquier rigor profesional, mientras que los t\u00e9cnicos profesionales han sido asignados a funciones subordinadas cuando no directamente superfluas.<\/p>\n<p style=\"text-align: justify\">As\u00ed las cosas, una esfera que debiera ser campo de profesionalidad y neutralidad se ha convertido en un mercadillo de canonj\u00edas y prebendas al calor de la afinidad pol\u00edtica.<\/p>\n<p style=\"text-align: justify\">Por el contrario, y para m\u00e1s escarnio, en la esfera donde la pol\u00edtica debiera ser lugar com\u00fan y ser \u00fatil para construir nuevos mensajes y soluciones para la sociedad, los pol\u00edticos han sido sustituidos por una casta burocratizada, las m\u00e1s de las veces desideologizada, que han convertido la actividad pol\u00edtica en una profesi\u00f3n, impidiendo el debate de las ideas sustituy\u00e9ndolo por reglamentos y estatutos de la m\u00e1s variada procedencia que se utilizan indiscriminada y profusamente como trincheras para la defensa de la inmovilidad.<\/p>\n<p style=\"text-align: justify\">Cerrando as\u00ed el c\u00edrculo perfecto del mundo al rev\u00e9s, en el \u00e1mbito de lo t\u00e9cnico gobiernan los pol\u00edticos y en el \u00e1mbito de lo pol\u00edtico los bur\u00f3cratas\u2026<\/p>\n<p style=\"text-align: justify\">El resultado, a la vista est\u00e1.<\/p>\n<p style=\"text-align: justify\"><strong><em>Ander Muruzabal<\/em><\/strong><\/p>\n","protected":false},"excerpt":{"rendered":"<p>\u201cEs peligroso tener raz\u00f3n cuando el gobierno est\u00e1 equivocado\u201d. Voltaire En una sociedad democr\u00e1tica existen dos esferas de actividad que definen lo p\u00fablico, dos esferas con actividad bien diferenciada y que requieren de perfiles completamente distintos a la hora de desarrollarla. Estoy hablando de la pol\u00edtica y su m\u00e1xima expresi\u00f3n; los partidos y las organizaciones &hellip; <a href=\"https:\/\/blogs.noticiasdenavarra.com\/nafarherria\/2014\/01\/30\/burocracia-y-nepotismo\/\" class=\"more-link\">Sigue leyendo <span class=\"screen-reader-text\">Burocracia y nepotismo<\/span><\/a><\/p>\n","protected":false},"author":71,"featured_media":0,"comment_status":"open","ping_status":"closed","sticky":false,"template":"","format":"standard","meta":{"footnotes":""},"categories":[181,189,190,191],"tags":[2055,297,205,208,218,2056,3010,235,3011,1429],"class_list":["post-537","post","type-post","status-publish","format-standard","hentry","category-administracion-publica","category-open-government","category-partidos-politicos","category-politica-institucional","tag-burocracia","tag-crisis-2","tag-democracia","tag-elecciones","tag-gobierno-abierto","tag-nepotismo","tag-open-government","tag-participacion-democratica","tag-partidos-politicos","tag-transparencia"],"_links":{"self":[{"href":"https:\/\/blogs.noticiasdenavarra.com\/nafarherria\/wp-json\/wp\/v2\/posts\/537","targetHints":{"allow":["GET"]}}],"collection":[{"href":"https:\/\/blogs.noticiasdenavarra.com\/nafarherria\/wp-json\/wp\/v2\/posts"}],"about":[{"href":"https:\/\/blogs.noticiasdenavarra.com\/nafarherria\/wp-json\/wp\/v2\/types\/post"}],"author":[{"embeddable":true,"href":"https:\/\/blogs.noticiasdenavarra.com\/nafarherria\/wp-json\/wp\/v2\/users\/71"}],"replies":[{"embeddable":true,"href":"https:\/\/blogs.noticiasdenavarra.com\/nafarherria\/wp-json\/wp\/v2\/comments?post=537"}],"version-history":[{"count":2,"href":"https:\/\/blogs.noticiasdenavarra.com\/nafarherria\/wp-json\/wp\/v2\/posts\/537\/revisions"}],"predecessor-version":[{"id":540,"href":"https:\/\/blogs.noticiasdenavarra.com\/nafarherria\/wp-json\/wp\/v2\/posts\/537\/revisions\/540"}],"wp:attachment":[{"href":"https:\/\/blogs.noticiasdenavarra.com\/nafarherria\/wp-json\/wp\/v2\/media?parent=537"}],"wp:term":[{"taxonomy":"category","embeddable":true,"href":"https:\/\/blogs.noticiasdenavarra.com\/nafarherria\/wp-json\/wp\/v2\/categories?post=537"},{"taxonomy":"post_tag","embeddable":true,"href":"https:\/\/blogs.noticiasdenavarra.com\/nafarherria\/wp-json\/wp\/v2\/tags?post=537"}],"curies":[{"name":"wp","href":"https:\/\/api.w.org\/{rel}","templated":true}]}}