{"id":440,"date":"2013-06-12T09:55:02","date_gmt":"2013-06-12T09:55:02","guid":{"rendered":"http:\/\/blogs.noticiasdenavarra.com\/nafarherria\/?p=440"},"modified":"2013-06-12T09:55:02","modified_gmt":"2013-06-12T09:55:02","slug":"el-fuero-en-la-picota","status":"publish","type":"post","link":"https:\/\/blogs.noticiasdenavarra.com\/nafarherria\/2013\/06\/12\/el-fuero-en-la-picota\/","title":{"rendered":"El Fuero en la picota."},"content":{"rendered":"<p style=\"text-align: justify\"><a href=\"http:\/\/blogs.noticiasdenavarra.com\/nafarherria\/files\/2013\/06\/derechodepernada.jpg\"><img loading=\"lazy\" decoding=\"async\" class=\"aligncenter size-medium wp-image-441\" alt=\"derechodepernada\" src=\"http:\/\/blogs.noticiasdenavarra.com\/nafarherria\/files\/2013\/06\/derechodepernada-580x374.jpg\" width=\"580\" height=\"374\" srcset=\"https:\/\/blogs.noticiasdenavarra.com\/nafarherria\/files\/2013\/06\/derechodepernada-580x374.jpg 580w, https:\/\/blogs.noticiasdenavarra.com\/nafarherria\/files\/2013\/06\/derechodepernada.jpg 671w\" sizes=\"auto, (max-width: 580px) 100vw, 580px\" \/><\/a>No corren buenos tiempos para el Fuero vasco navarro. Una vez m\u00e1s, y de forma recurrente, lo m\u00e1s casposo y rancio del nacionalismo espa\u00f1ol, dejando al margen esa nueva versi\u00f3n falangista que con tanto empe\u00f1o desarrolla d\u00eda a d\u00eda el partido de Rosa Diez, vuelve a la carga con el soniquete de la solidaridad. Esta vez ha sido el delf\u00edn digital, de dedo, de la indescriptible Esperanza Aguirre.<\/p>\n<p style=\"text-align: justify\">El digipresidente madrile\u00f1o, hijo putativo de Gamazo, se ha descolgado estos d\u00edas reclamando una mayor solidaridad a la Comunidad Aut\u00f3noma Vasca y a la Foral de Navarra, la manera m\u00e1s eufem\u00edstica que se le ha ocurrido para meternos mano en la cartera.<\/p>\n<p style=\"text-align: justify\"><!--more-->No se si le hacen falta cuartos para financiar la construcci\u00f3n del macro puticlub que le dejo en herencia su antecesora en el cargo, para devolv\u00e9rnoslo v\u00eda sobresueldos para los que vigilan el Cortijo o para repartirlos entre los dislates del resto de los capos populares que habitan la piel de toro versi\u00f3n aeropuertos sin aviones, autopistas que acaban en un \u201csembrao\u201d o monumentos funerarios a mayor gloria hist\u00f3rica de los autores de las estulticias.<\/p>\n<p style=\"text-align: justify\">No se si se trata de una majader\u00eda fruto del stress capitalino, de la contaminaci\u00f3n que sufre su atmosfera en estos d\u00edas del a\u00f1o o, simplemente, que es fruto de aquella escuela de la Una, Grande y Libre a la que nos quiere retrotraer su compa\u00f1ero y correligionario Wert.<\/p>\n<p style=\"text-align: justify\">El caso es que un \u201cconstitucionalista\u201d como \u00e9l debiera saber que tanto el Convenio navarro como el Concierto vasco son herramientas plenamente recogidas y amparadas en la Constituci\u00f3n Espa\u00f1ola, el Amejoramiento del Fuero Navarro y el Estatuto Vasco. No estar\u00eda, pues, de m\u00e1s recordarle que el incumplimiento de un contrato no se llama solidaridad sino m\u00e1s bien estafa, palabra que parecen haber borrado de su diccionario para justificar las andanzas bancarias de otros colegas, y que ese incumplimiento libera a la otra parte de cualquier obligaci\u00f3n contractual.<\/p>\n<p style=\"text-align: justify\">A lo mejor olvida, Ignacio Gonz\u00e1lez, o simplemente jam\u00e1s lo ha sabido, aqu\u00ed tiene una buena oportunidad Wert para el incremento curricular de la educaci\u00f3n espa\u00f1ola que quiz\u00e1s nos ahorre sandeces de quienes en teor\u00eda son l\u00edderes competentes y formados, que los fueros vasconavarros son las leyes originales de los vascos y que su pertenencia al Estado Espa\u00f1ol consecuencia del respeto a esas leyes originales y, por tanto, preconstitucionales.<\/p>\n<p style=\"text-align: justify\">No se de donde cree el \u00ednclito presidente madrile\u00f1o que proviene la tan cacareada soberan\u00eda espa\u00f1ola, si de un designio divino, de su cualidad de bien moral como un d\u00eda apunto un pat\u00e9tico exarzobispo pamplon\u00e9s o de una especie de derecho de pernada decimon\u00f3nico que tanto a\u00f1ora una parte de la casta pol\u00edtica espa\u00f1ola, pero ser\u00eda conveniente que alguien se lo explicase y probablemente nadie mejor que sus propios compa\u00f1eros de partido, esos que estos d\u00edas callan y otorgan, en tan ignotos y desconocidos lares.<\/p>\n<p style=\"text-align: justify\">Y tampoco ser\u00eda superfluo que diese un repaso por la historia, si cree que el s\u00e9ptimo d\u00eda Dios no descanso y se dedico a la redacci\u00f3n de la Constituci\u00f3n Espa\u00f1ola, porque aunque no tenga conocimiento de ello este es un tema que suele repetirse, sobre todo despu\u00e9s de que han saqueado sus propias arcas, y casi siempre con un final poco agradable.<\/p>\n<p style=\"text-align: justify\">No ser\u00eda en balde, pues, recordar el sabio consejo que le dio el General Mart\u00ednez Campos a la Regente M\u00ba Cristina cuando a alg\u00fan lumbrera de la Villa y Corte se le ocurri\u00f3 la brillante idea de reprimir la revuelta popular que protagoniz\u00f3 Navarra entera ante una gansada similar de su padre putativo; el insigne Ministro de Hacienda de Espa\u00f1a, Don Germ\u00e1n Gamazo:<\/p>\n<p style=\"text-align: center\"><em>\u201cSe\u00f1ora: Si se tratase de otra provincia, pod\u00edamos pensar en imponer la ley general, empleando la fuerza si fuere preciso; si se tratase de Navarra aisladamente, a\u00fan pod\u00edamos ir por ese camino, pero debemos comprender que Navarra tiene a su lado a las tres Vascongadas, y que si se apela a la fuerza contra aquella, har\u00e1n causa com\u00fan todos los vascos, y provocar\u00edan un levantamiento en aquellas provincias para darle car\u00e1cter general, y en tal caso se encadenar\u00e1 nuevamente la guerra civil\u201d.<\/em><\/p>\n<p><em><strong>Ander Muruzabal<\/strong><\/em><\/p>\n","protected":false},"excerpt":{"rendered":"<p>No corren buenos tiempos para el Fuero vasco navarro. Una vez m\u00e1s, y de forma recurrente, lo m\u00e1s casposo y rancio del nacionalismo espa\u00f1ol, dejando al margen esa nueva versi\u00f3n falangista que con tanto empe\u00f1o desarrolla d\u00eda a d\u00eda el partido de Rosa Diez, vuelve a la carga con el soniquete de la solidaridad. Esta &hellip; <a href=\"https:\/\/blogs.noticiasdenavarra.com\/nafarherria\/2013\/06\/12\/el-fuero-en-la-picota\/\" class=\"more-link\">Sigue leyendo <span class=\"screen-reader-text\">El Fuero en la picota.<\/span><\/a><\/p>\n","protected":false},"author":71,"featured_media":0,"comment_status":"open","ping_status":"closed","sticky":false,"template":"","format":"standard","meta":{"footnotes":""},"categories":[295,294,215,274,185,220,187,192],"tags":[1483,3013,1482,204,3015,1481,3024,3007,1479,3016,387,231,3017,241,3019,431],"class_list":["post-440","post","type-post","status-publish","format-standard","hentry","category-crisis","category-economia","category-fuero","category-gobierno-de-navarra","category-gobierno-vasco","category-independencia","category-nacionalismo-vasco","category-politica-navarra","tag-concierto-vasco","tag-constitucion","tag-convenio","tag-cuestion-de-estado","tag-fuero","tag-gamazada","tag-gobierno-de-navarra","tag-gobierno-vasco","tag-ignacio-gonzalez","tag-independencia","tag-madrid","tag-nacionalismo","tag-navarra","tag-pp","tag-soberania","tag-wert"],"_links":{"self":[{"href":"https:\/\/blogs.noticiasdenavarra.com\/nafarherria\/wp-json\/wp\/v2\/posts\/440","targetHints":{"allow":["GET"]}}],"collection":[{"href":"https:\/\/blogs.noticiasdenavarra.com\/nafarherria\/wp-json\/wp\/v2\/posts"}],"about":[{"href":"https:\/\/blogs.noticiasdenavarra.com\/nafarherria\/wp-json\/wp\/v2\/types\/post"}],"author":[{"embeddable":true,"href":"https:\/\/blogs.noticiasdenavarra.com\/nafarherria\/wp-json\/wp\/v2\/users\/71"}],"replies":[{"embeddable":true,"href":"https:\/\/blogs.noticiasdenavarra.com\/nafarherria\/wp-json\/wp\/v2\/comments?post=440"}],"version-history":[{"count":1,"href":"https:\/\/blogs.noticiasdenavarra.com\/nafarherria\/wp-json\/wp\/v2\/posts\/440\/revisions"}],"predecessor-version":[{"id":442,"href":"https:\/\/blogs.noticiasdenavarra.com\/nafarherria\/wp-json\/wp\/v2\/posts\/440\/revisions\/442"}],"wp:attachment":[{"href":"https:\/\/blogs.noticiasdenavarra.com\/nafarherria\/wp-json\/wp\/v2\/media?parent=440"}],"wp:term":[{"taxonomy":"category","embeddable":true,"href":"https:\/\/blogs.noticiasdenavarra.com\/nafarherria\/wp-json\/wp\/v2\/categories?post=440"},{"taxonomy":"post_tag","embeddable":true,"href":"https:\/\/blogs.noticiasdenavarra.com\/nafarherria\/wp-json\/wp\/v2\/tags?post=440"}],"curies":[{"name":"wp","href":"https:\/\/api.w.org\/{rel}","templated":true}]}}