{"id":425,"date":"2013-05-29T11:20:14","date_gmt":"2013-05-29T11:20:14","guid":{"rendered":"http:\/\/blogs.noticiasdenavarra.com\/nafarherria\/?p=425"},"modified":"2013-05-29T11:20:14","modified_gmt":"2013-05-29T11:20:14","slug":"de-primarias-y-listas-abiertas-el-silencio-de-los-corderos","status":"publish","type":"post","link":"https:\/\/blogs.noticiasdenavarra.com\/nafarherria\/2013\/05\/29\/de-primarias-y-listas-abiertas-el-silencio-de-los-corderos\/","title":{"rendered":"De primarias y listas abiertas; el silencio de los corderos."},"content":{"rendered":"<p style=\"text-align: left\"><i><a href=\"http:\/\/blogs.noticiasdenavarra.com\/nafarherria\/files\/2013\/05\/Guerra.jpg\"><img loading=\"lazy\" decoding=\"async\" class=\"alignleft size-full wp-image-426\" alt=\"Guerra\" src=\"http:\/\/blogs.noticiasdenavarra.com\/nafarherria\/files\/2013\/05\/Guerra.jpg\" width=\"182\" height=\"276\" \/><\/a>\u201cNada es tan peligroso como dejar permanecer durante largo tiempo a un mismo ciudadano en el Poder. El pueblo se acostumbra a obedecerle y \u00e9l a mandarlo, de donde se originan la usurpaci\u00f3n y la tiran\u00eda\u201d<\/i><\/p>\n<p style=\"text-align: right\">\u00a0<b>Sim\u00f3n Bolivar<\/b><\/p>\n<p>&nbsp;<\/p>\n<p style=\"text-align: justify\">Hace unos meses publicaba en este mismo blog un art\u00edculo titulado \u201c<a href=\"http:\/\/nafarherria.wordpress.com\/2012\/01\/31\/jurassic-park\/\" target=\"_blank\">Jurassic Park<\/a>\u201d donde atribu\u00eda esa condici\u00f3n a la situaci\u00f3n actual de la pol\u00edtica y en ese escaso margen\u00a0 de tiempo ya ha salido a la palestra uno de los m\u00e1s insignes representantes de tal fauna prehist\u00f3rica, y me estoy refiriendo, como no, a Alfonso Guerra y a su impagable ego atribuyendo todos los males pol\u00edticos que nos afectan a los que vinieron detr\u00e1s de \u00e9l, olvidando que no fueron sino la consecuencia l\u00f3gica de una Constituci\u00f3n y un sistema partidista claudicante y de baja calidad democr\u00e1tica del que el mismo es uno de los principales responsables.<\/p>\n<p style=\"text-align: justify\"><!--more-->El autor de la c\u00e9lebre cita \u201cel que se mueve no sale en la foto\u201d nos ha deleitado estos d\u00edas en su ronda medi\u00e1tica de promoci\u00f3n de la tercera parte de sus memorias, nunca una amnesia hubiera estado m\u00e1s justificada, con su opini\u00f3n sobre alguno de los temas m\u00e1s candentes en la actualidad de los partidos pol\u00edticos, como son las primarias y las listas abiertas; \u00a0\u201clas primarias en los partidos conducen al cesarismo y las listas abiertas generan una batalla interna terrible\u201d, como si el hermetismo y el oscurantismo que rodea a todos los partidos pol\u00edticos casi sin excepci\u00f3n hubieran impedido la eclosi\u00f3n de personajes como Aznar, Rajoy, Esperanza Aguirre, Yolanda Barcina y \u00e9l mismo, o hubiera salvado a alguna de sus organizaciones de la lucha interna y la escisi\u00f3n.<\/p>\n<p style=\"text-align: justify\">Como buen marxista ideol\u00f3gico olvida, adem\u00e1s del marxismo por supuesto, que las organizaciones pol\u00edticas, los partidos, no son herramientas al servicio de una ideolog\u00eda o de una \u00e9lite dirigente m\u00e1s o menos capacitada, sino que son las herramientas de que se ha dotado la democracia representativa para articular la participaci\u00f3n democr\u00e1tica de los ciudadanos y que es en ellos donde debe producirse esa participaci\u00f3n.<\/p>\n<p style=\"text-align: justify\">En el momento que un partido pol\u00edtico no sirva a ese fin sus d\u00edas estar\u00e1n contados. En una sociedad intercomunicada, cualificada y empoderada, donde la tecnolog\u00eda actual permite unos niveles de interactuaci\u00f3n impensables hace unos a\u00f1os, cada d\u00eda m\u00e1s la tentaci\u00f3n que surge en los ciudadanos es el ejercicio individual del poder pol\u00edtico y la exigencia de mayores cuotas de participaci\u00f3n pol\u00edtica, cuando no de mecanismos de democracia directa.<\/p>\n<p style=\"text-align: justify\">Paralelamente al descr\u00e9dito de los mecanismos tradicionales de la democracia representativa, es dif\u00edcil hurtar a la ciudadan\u00eda la capacidad de decisi\u00f3n cuando en una situaci\u00f3n de crisis \u00e9tica, pol\u00edtica y econ\u00f3mica cualquier medida afecta directamente al bienestar personal, \u00a0han ido surgiendo organizaciones pol\u00edticas con una visi\u00f3n mucho m\u00e1s desestructurada del ejercicio del poder.<\/p>\n<p style=\"text-align: justify\">La pol\u00edtica y el ejercicio del poder, como cualquier otra actividad humana, van a sufrir en los pr\u00f3ximos a\u00f1os el impacto brutal de las nuevas formas de relaci\u00f3n social basadas en la tecnolog\u00eda. Las estructuras verticales, especializadas y estancas no son fruto de la eficacia y la eficiencia sino de las capacidades de la sociedad en que se desarrollan, y las capacidades de la sociedad del S.XXI no van encaminadas a reforzar ese modelo sino al desarrollo de estructuras de trabajo en red, planas, horizontales y desestructuradas. La democracia representativa no es fruto del un ideal democr\u00e1tico sino de las posibilidades de la \u00e9poca en que se desarrollo. Y esa \u00e9poca ha pasado.<\/p>\n<p style=\"text-align: justify\">Las listas abiertas, las primarias, la apertura del debate pol\u00edtico interno, las decisiones colegiadas, la escucha activa, la utilizaci\u00f3n exhaustiva de las tecnolog\u00edas de la comunicaci\u00f3n, la extensi\u00f3n de la capacidad propositiva y el trabajo en red van a ser los rasgos identificativos de las organizaciones pol\u00edticas del S. XXI, y efectivamente van a generar batallas internas y alg\u00fan que otro Cesar, as\u00ed como la posibilidad de descabalgarlo mucho m\u00e1s r\u00e1pido.<\/p>\n<p style=\"text-align: justify\">Probablemente las organizaciones que le gustan al Sr. Guerra no produzcan ese problema, y seguramente ning\u00fan otro, simplemente porque habr\u00e1n pasado a la historia, su armon\u00eda, su silencio ser\u00e1 el silencio de los corderos\u2026<\/p>\n<p style=\"text-align: justify\"><em><strong>Ander Muruzabal<\/strong><\/em><\/p>\n","protected":false},"excerpt":{"rendered":"<p>\u201cNada es tan peligroso como dejar permanecer durante largo tiempo a un mismo ciudadano en el Poder. El pueblo se acostumbra a obedecerle y \u00e9l a mandarlo, de donde se originan la usurpaci\u00f3n y la tiran\u00eda\u201d \u00a0Sim\u00f3n Bolivar &nbsp; Hace unos meses publicaba en este mismo blog un art\u00edculo titulado \u201cJurassic Park\u201d donde atribu\u00eda esa &hellip; <a href=\"https:\/\/blogs.noticiasdenavarra.com\/nafarherria\/2013\/05\/29\/de-primarias-y-listas-abiertas-el-silencio-de-los-corderos\/\" class=\"more-link\">Sigue leyendo <span class=\"screen-reader-text\">De primarias y listas abiertas; el silencio de los corderos.<\/span><\/a><\/p>\n","protected":false},"author":71,"featured_media":0,"comment_status":"open","ping_status":"closed","sticky":false,"template":"","format":"standard","meta":{"footnotes":""},"categories":[189,190],"tags":[1473,3013,218,235,253,263],"class_list":["post-425","post","type-post","status-publish","format-standard","hentry","category-open-government","category-partidos-politicos","tag-alfonso-guerra","tag-constitucion","tag-gobierno-abierto","tag-participacion-democratica","tag-tecnologia","tag-yolanda-barcina"],"_links":{"self":[{"href":"https:\/\/blogs.noticiasdenavarra.com\/nafarherria\/wp-json\/wp\/v2\/posts\/425","targetHints":{"allow":["GET"]}}],"collection":[{"href":"https:\/\/blogs.noticiasdenavarra.com\/nafarherria\/wp-json\/wp\/v2\/posts"}],"about":[{"href":"https:\/\/blogs.noticiasdenavarra.com\/nafarherria\/wp-json\/wp\/v2\/types\/post"}],"author":[{"embeddable":true,"href":"https:\/\/blogs.noticiasdenavarra.com\/nafarherria\/wp-json\/wp\/v2\/users\/71"}],"replies":[{"embeddable":true,"href":"https:\/\/blogs.noticiasdenavarra.com\/nafarherria\/wp-json\/wp\/v2\/comments?post=425"}],"version-history":[{"count":1,"href":"https:\/\/blogs.noticiasdenavarra.com\/nafarherria\/wp-json\/wp\/v2\/posts\/425\/revisions"}],"predecessor-version":[{"id":427,"href":"https:\/\/blogs.noticiasdenavarra.com\/nafarherria\/wp-json\/wp\/v2\/posts\/425\/revisions\/427"}],"wp:attachment":[{"href":"https:\/\/blogs.noticiasdenavarra.com\/nafarherria\/wp-json\/wp\/v2\/media?parent=425"}],"wp:term":[{"taxonomy":"category","embeddable":true,"href":"https:\/\/blogs.noticiasdenavarra.com\/nafarherria\/wp-json\/wp\/v2\/categories?post=425"},{"taxonomy":"post_tag","embeddable":true,"href":"https:\/\/blogs.noticiasdenavarra.com\/nafarherria\/wp-json\/wp\/v2\/tags?post=425"}],"curies":[{"name":"wp","href":"https:\/\/api.w.org\/{rel}","templated":true}]}}