{"id":417,"date":"2013-03-22T09:14:20","date_gmt":"2013-03-22T09:14:20","guid":{"rendered":"http:\/\/blogs.noticiasdenavarra.com\/nafarherria\/?p=417"},"modified":"2013-03-22T09:14:20","modified_gmt":"2013-03-22T09:14:20","slug":"urge-la-mocion-de-censura","status":"publish","type":"post","link":"https:\/\/blogs.noticiasdenavarra.com\/nafarherria\/2013\/03\/22\/urge-la-mocion-de-censura\/","title":{"rendered":"Urge la moci\u00f3n de censura"},"content":{"rendered":"<p style=\"text-align: justify\"><a href=\"http:\/\/blogs.noticiasdenavarra.com\/nafarherria\/files\/2013\/03\/queso-agusanado.jpg\"><img loading=\"lazy\" decoding=\"async\" class=\"alignleft size-thumbnail wp-image-418\" src=\"http:\/\/blogs.noticiasdenavarra.com\/nafarherria\/files\/2013\/03\/queso-agusanado-150x150.jpg\" alt=\"\" width=\"150\" height=\"150\" \/><\/a>El auto de la Juez titular del Juzgado de Instrucci\u00f3n n\u00famero 3 de Pamplona rechazando el traslado de la parte del sumario de la CAN referente al pago y cobro de dietas de la Permanente de la Junta de Entidades Fundadoras y a los cr\u00e9ditos preferentes concedidos a particulares y empresas ala Audiencia Nacionalpuesto \u201cque podr\u00edan constituir un delito de cohecho, que es consustancial al delito de prevaricaci\u00f3n por omisi\u00f3n cuya competencia se atribuye a este Juzgado, puesto que se funda en los mismos hechos\u00bb, abre un nuevo cap\u00edtulo en la trayectoria del ya de por si inoperante gobierno de Yolanda Barcina.<\/p>\n<p style=\"text-align: justify\">La crisis de la f\u00f3rmula de gobierno que ha venido funcionando en Navarra desde la abortada transici\u00f3n navarra basada en la archiconocida \u201cteor\u00eda del quesito\u201d formulada por Miguel Sanz y vinculada a la sistem\u00e1tica marginaci\u00f3n pol\u00edtica de m\u00e1s de un tercio de los navarros parece que ya no tiene vuelta atr\u00e1s y podemos ver en Navarra durante los pr\u00f3ximos meses el fin de un r\u00e9gimen.<!--more--><\/p>\n<p style=\"text-align: justify\">Primero fue la expulsi\u00f3n extempor\u00e1nea del PSN del gobierno foral colocando a los socialistas navarros en una posici\u00f3n imposible, m\u00e1s a\u00fan cuando ha venido acompa\u00f1ada de un reacercamiento indisimulado a las posiciones de los populares navarros, ya sin el obst\u00e1culo que pudiera suponer el siempre inc\u00f3modo Santiago Cervera. M\u00e1s tarde la propia fractura interna de UPN, saldada con la p\u00edrrica victoria de Barcina en el Congreso del pasado domingo y que ha dejado un partido pr\u00e1cticamente partido por la mitad; 52% para Barcina, 48% para Catal\u00e1n, dejan al Gobierno foral sin ning\u00fan margen de maniobra, y menos a\u00fan si empieza a acumular problemas judiciales.<\/p>\n<p style=\"text-align: justify\">Ha sido la propia militancia de UPN la que ha cerrado la \u00fanica v\u00eda posible de agotar la legislatura que hubiera sido una victoria congresual de Catal\u00e1n y un acercamiento al PSN, ya con Yolanda Barcina fuera de circulaci\u00f3n, como f\u00f3rmula de rehacer la alianza que genero el actual gobierno.<\/p>\n<p style=\"text-align: justify\">Es evidente que Barcina se encuentra en una situaci\u00f3n en la que puede tener la tentaci\u00f3n de protagonizar una huida hacia delante que aplace sus problemas pol\u00edticos y judiciales agotando la legislatura en una minor\u00eda desoladora y sin siquiera el apoyo sin fisuras de su propio partido como ya le ha advertido el propio Catal\u00e1n, a costa de un gobierno inoperante durante dos a\u00f1os m\u00e1s, algo que la sociedad Navarra inmersa en una profunda crisis econ\u00f3mica, pol\u00edtica y de valores democr\u00e1ticos no puede permitirse ni un minuto m\u00e1s.<\/p>\n<p style=\"text-align: justify\">Y es responsabilidad de la oposici\u00f3n, de toda; PSN, Bildu, Aralar, Geroa Bai e IE, que eso no suceda.<\/p>\n<p style=\"text-align: justify\">La din\u00e1mica parlamentaria de los \u00faltimos meses, y alg\u00fan caso tambi\u00e9n te\u00f1ido por la lacra de la corrupci\u00f3n como ha sido el caso del desalojo de UPN de la alcald\u00eda de Eg\u00fces, el quinto Ayuntamiento de Navarra por nivel de poblaci\u00f3n, demuestran que no solo es posible esa colaboraci\u00f3n sino que dada la situaci\u00f3n resulta absolutamente imprescindible aunque solo sea por higiene democr\u00e1tica.<\/p>\n<p style=\"text-align: justify\">Lo normal en este caso ser\u00eda articular un gobierno alternativo con la participaci\u00f3n de todas estas fuerzas pol\u00edticas con un programa de m\u00ednimos y centrado en la salida de la crisis desde unos par\u00e1metros sociales.<\/p>\n<p style=\"text-align: justify\">Pero cualquiera que conozca m\u00ednimamente la pol\u00edtica navarra sabe que esto es imposible. Han pasado demasiadas cosas desde las elecciones forales de 2011 para que eso que hubiera sido posible al d\u00eda siguiente de la cita electoral pueda tener alg\u00fan viso de realidad en las actuales circunstancias, siendo la principal de ellas que el Parlamento de Navarra no responde ni m\u00ednimamente a la voluntad electoral de los navarros, ni la que expreso en las urnas ni la que previsiblemente pudiera expresar ahora.<\/p>\n<p style=\"text-align: justify\">As\u00ed pues, a d\u00eda de hoy, la responsabilidad de la oposici\u00f3n es devolver la voz a la ciudadan\u00eda navarra y que sea esta la que en el libre ejercicio de su voluntad democr\u00e1ticamente expresada sea la que marque el camino a seguir. No va a ser f\u00e1cil, habida cuenta que la llave de la disoluci\u00f3n del Parlamento la tiene la Presidenta del Gobierno, probablemente la menos interesada en ello, por lo que tendr\u00e1 que ser la oposici\u00f3n la que se responsabilice de la tarea, y la tarea no tiene m\u00e1s que un camino; la moci\u00f3n de censura.<\/p>\n<p style=\"text-align: justify\">No una moci\u00f3n de censura para un gobierno alternativo que no ser\u00eda m\u00e1s que otro fraude a la voluntad popular, sino una moci\u00f3n de censura dirigida a elegir al Presidente m\u00e1s breve de la Navarra postamejoramiento y cuya \u00fanica funci\u00f3n ser\u00e1 convocar elecciones al d\u00eda siguiente de su toma de posesi\u00f3n. Que sean los navarros los que juzguen y expresen su veredicto donde se expresa en democracia, en las urnas.<\/p>\n<p style=\"text-align: justify\">Y empieza a ser urgente\u2026<\/p>\n<p style=\"text-align: justify\"><strong><em>Ander Muruzabal<\/em><\/strong><\/p>\n","protected":false},"excerpt":{"rendered":"<p>El auto de la Juez titular del Juzgado de Instrucci\u00f3n n\u00famero 3 de Pamplona rechazando el traslado de la parte del sumario de la CAN referente al pago y cobro de dietas de la Permanente de la Junta de Entidades Fundadoras y a los cr\u00e9ditos preferentes concedidos a particulares y empresas ala Audiencia Nacionalpuesto \u201cque &hellip; <a href=\"https:\/\/blogs.noticiasdenavarra.com\/nafarherria\/2013\/03\/22\/urge-la-mocion-de-censura\/\" class=\"more-link\">Sigue leyendo <span class=\"screen-reader-text\">Urge la moci\u00f3n de censura<\/span><\/a><\/p>\n","protected":false},"author":71,"featured_media":0,"comment_status":"open","ping_status":"closed","sticky":false,"template":"","format":"standard","meta":{"footnotes":""},"categories":[1454,295,269,266,274,186,190,192,245,284,258],"tags":[197,199,3029,1468,297,208,3022,3024,1470,229,1469,244,1471,3020,263],"class_list":["post-417","post","type-post","status-publish","format-standard","hentry","category-can","category-crisis","category-ellecciones-navarra","category-geroa-bai","category-gobierno-de-navarra","category-izquierda-abertzale","category-partidos-politicos","category-politica-navarra","category-psoe","category-sociorregionalismo","category-upn","tag-aralar","tag-bildu","tag-can","tag-catalan","tag-crisis-2","tag-elecciones","tag-geroa-bai","tag-gobierno-de-navarra","tag-ie","tag-miguel-sanz","tag-mocion-de-censura","tag-psn","tag-santiago-cervera","tag-upn","tag-yolanda-barcina"],"_links":{"self":[{"href":"https:\/\/blogs.noticiasdenavarra.com\/nafarherria\/wp-json\/wp\/v2\/posts\/417","targetHints":{"allow":["GET"]}}],"collection":[{"href":"https:\/\/blogs.noticiasdenavarra.com\/nafarherria\/wp-json\/wp\/v2\/posts"}],"about":[{"href":"https:\/\/blogs.noticiasdenavarra.com\/nafarherria\/wp-json\/wp\/v2\/types\/post"}],"author":[{"embeddable":true,"href":"https:\/\/blogs.noticiasdenavarra.com\/nafarherria\/wp-json\/wp\/v2\/users\/71"}],"replies":[{"embeddable":true,"href":"https:\/\/blogs.noticiasdenavarra.com\/nafarherria\/wp-json\/wp\/v2\/comments?post=417"}],"version-history":[{"count":1,"href":"https:\/\/blogs.noticiasdenavarra.com\/nafarherria\/wp-json\/wp\/v2\/posts\/417\/revisions"}],"predecessor-version":[{"id":419,"href":"https:\/\/blogs.noticiasdenavarra.com\/nafarherria\/wp-json\/wp\/v2\/posts\/417\/revisions\/419"}],"wp:attachment":[{"href":"https:\/\/blogs.noticiasdenavarra.com\/nafarherria\/wp-json\/wp\/v2\/media?parent=417"}],"wp:term":[{"taxonomy":"category","embeddable":true,"href":"https:\/\/blogs.noticiasdenavarra.com\/nafarherria\/wp-json\/wp\/v2\/categories?post=417"},{"taxonomy":"post_tag","embeddable":true,"href":"https:\/\/blogs.noticiasdenavarra.com\/nafarherria\/wp-json\/wp\/v2\/tags?post=417"}],"curies":[{"name":"wp","href":"https:\/\/api.w.org\/{rel}","templated":true}]}}