{"id":404,"date":"2013-03-04T10:15:50","date_gmt":"2013-03-04T10:15:50","guid":{"rendered":"http:\/\/blogs.noticiasdenavarra.com\/nafarherria\/?p=404"},"modified":"2013-03-04T10:15:50","modified_gmt":"2013-03-04T10:15:50","slug":"el-foralismo-de-upn-y-algun-palmero","status":"publish","type":"post","link":"https:\/\/blogs.noticiasdenavarra.com\/nafarherria\/2013\/03\/04\/el-foralismo-de-upn-y-algun-palmero\/","title":{"rendered":"El \u201cforalismo\u201d de UPN y alg\u00fan palmero."},"content":{"rendered":"<p style=\"text-align: justify\"><a href=\"http:\/\/blogs.noticiasdenavarra.com\/nafarherria\/files\/2013\/03\/palmeros.gif\"><img loading=\"lazy\" decoding=\"async\" class=\"alignleft size-full wp-image-405\" src=\"http:\/\/blogs.noticiasdenavarra.com\/nafarherria\/files\/2013\/03\/palmeros.gif\" alt=\"\" width=\"117\" height=\"115\" \/><\/a>Dec\u00eda mi abuelo, un nacionalista cabal de los de antes, que Navarra ten\u00eda tres c\u00e1nceres; el partido carlista, la caja de Ahorros de Navarra y el Diario de Cordobilla. Aparcados definitivamente en la estanter\u00eda de la historia los dos primeros, el primero con las secuelas que a\u00fan colean a ambos lados de lo m\u00e1s extremo del arco pol\u00edtico navarro y el segundo gracias a la brillante gesti\u00f3n econ\u00f3mica de Go\u00f1i, su mentor de Corella, y alg\u00fan\/a dietista con prisa, queda el centenario peri\u00f3dico dela calle Zapater\u00eda.<\/p>\n<p style=\"text-align: justify\">No soy, debo reconocerlo, asiduo a sus p\u00e1ginas m\u00e1s es cierto por aburrimiento que por una especial inquina a sus argumentos pol\u00edticos que, a veces, me hacen disfrutar de lo lindo, pero este lunes y a la vista de la trifulca que se avecina en UPN y de la que suele ser observador privilegiado he querido ojear sus p\u00e1ginas, vano intento pues parece que est\u00e1n esperando que se visualice m\u00e1s claramente el posible nuevo due\u00f1o del Cortijo antes de tomar postura definitiva, y en estos casos parece que optan siempre por no decir nada y no correr el riesgo de equivocarse de caballo.<\/p>\n<p style=\"text-align: justify\"><!--more-->Pero el esfuerzo ha merecido la pena porque he encontrado entre sus p\u00e1ginas un \u201cdelicioso\u201d art\u00edculo de Julio Pom\u00e9s, mentor espiritual de ese foro de liberalismo navarro que llaman Think Thank Futuro y que al igual que todo el liberalismo econ\u00f3mico navarro, el otro se les debi\u00f3 olvidar entre las p\u00e1ginas del catecismo del Padre Astete all\u00e1 por los a\u00f1os de su feliz infancia franquista, vive c\u00f3modamente instalado en la subvenci\u00f3n p\u00fablica.<\/p>\n<p style=\"text-align: justify\">Pues bien, cuando a\u00fan resonaban en mis o\u00eddos las palabras que dirigi\u00f3 a Mariano Rajoy en el Debate sobre el Estado de la Naci\u00f3n la Diputada\u00a0 de Geroa Bai, Uxue Barkos, aludiendo al \u201cPase Foral\u201d como herramienta fundamental del autogobierno navarro ante la pol\u00edtica uniformadora que ha emprendido el PP, el tal Pom\u00e9s afirma en su escrito, y en referencia al Convenio y al R\u00e9gimen fiscal de Navarra que es una situaci\u00f3n excepcional y de privilegio que puede ser modificada en funci\u00f3n de las mayor\u00edas parlamentarias de Congreso madrile\u00f1o para terminar la frase con un no menos glorioso \u201cTorres m\u00e1s altas han ca\u00eddo\u201d.<\/p>\n<p style=\"text-align: justify\">No ser\u00e9 yo el que discuta a Don Julio la necesidad de hacer la pelota cuantas m\u00e1s veces y con m\u00e1s profundidad sea posible a la actual inquilina, y eso que tiene pinta de quedarle poco para el desahucio, del Palacio de Carlos III, que es quien a fin de cuentas paga las facturas de la respetable instituci\u00f3n que promovi\u00f3, ni siquiera voy a entrar en las consecuencias econ\u00f3micas y sociales que ha tenido la pol\u00edtica de seguidismo ciego de Barcina al PP madrile\u00f1o, algo por otra parte l\u00f3gico a la vista de las capacidades de su Consejo de Gobierno, para lograr el ansiado nivel de d\u00e9ficit que intenta justificar en su art\u00edculo nuestro ilustre \u201cliberal\u201d.<\/p>\n<p style=\"text-align: justify\">Pero si me gustar\u00eda aclararle, a \u00e9l que anda tan preocupado por el fuero y la identidad de Navarra, que el Fuero, y por lo tanto el Convenio, es preconstitucional y est\u00e1 amparado por la disposici\u00f3n adicional primera dela Constituci\u00f3n Espa\u00f1ola, esa que tanto dice defender pero que, al parecer, ha olvidado leer. Que el Fuero no es el pacto sino que es anterior a \u00e9l y que el pacto lo es en funci\u00f3n del respeto al Fuero como Constituci\u00f3n originaria de Navarra, y que los navarros podr\u00edamos entender resuelto el pacto si este fuera alterado de forma unilateral.<\/p>\n<p style=\"text-align: justify\">Es curioso pues que quienes hacen bandera de la singularidad pol\u00edtica de Navarra, de sus leyes privativas y de su identidad pol\u00edtica sean los primeros en olvidarlas, si es que alguna vez las conocieron, cuando estas pueden suponer alg\u00fan\u00a0 tipo de problema para el negocio que manejan en un momento determinado. \u00bfSer\u00e1 que el foralismo de UPN y algunos de sus palmeros no es m\u00e1s que fachada, sumisi\u00f3n y espa\u00f1olismo?<\/p>\n<p style=\"text-align: justify\">O ser\u00e1, como dijo otro ilustre liberal navarro hace tiempo alejado de salarios y prebendas p\u00fablicas, es lo que tiene no hacer lo suficiente la pelota al jefe, \u201cUna cosa es el amor a Navarra y otra los negocios\u201d<\/p>\n<p><strong><em>Ander Muruzabal<\/em><\/strong><\/p>\n","protected":false},"excerpt":{"rendered":"<p>Dec\u00eda mi abuelo, un nacionalista cabal de los de antes, que Navarra ten\u00eda tres c\u00e1nceres; el partido carlista, la caja de Ahorros de Navarra y el Diario de Cordobilla. Aparcados definitivamente en la estanter\u00eda de la historia los dos primeros, el primero con las secuelas que a\u00fan colean a ambos lados de lo m\u00e1s extremo &hellip; <a href=\"https:\/\/blogs.noticiasdenavarra.com\/nafarherria\/2013\/03\/04\/el-foralismo-de-upn-y-algun-palmero\/\" class=\"more-link\">Sigue leyendo <span class=\"screen-reader-text\">El \u201cforalismo\u201d de UPN y alg\u00fan palmero.<\/span><\/a><\/p>\n","protected":false},"author":71,"featured_media":0,"comment_status":"open","ping_status":"closed","sticky":false,"template":"","format":"standard","meta":{"footnotes":""},"categories":[203,295,294,215,274,192,258],"tags":[202,3013,297,3015,3022,3024,1463,3009,3020,260,263],"class_list":["post-404","post","type-post","status-publish","format-standard","hentry","category-constitucion","category-crisis","category-economia","category-fuero","category-gobierno-de-navarra","category-politica-navarra","category-upn","tag-confederalismo","tag-constitucion","tag-crisis-2","tag-fuero","tag-geroa-bai","tag-gobierno-de-navarra","tag-julio-pomes","tag-nafarroa-bai","tag-upn","tag-uxue-barkos","tag-yolanda-barcina"],"_links":{"self":[{"href":"https:\/\/blogs.noticiasdenavarra.com\/nafarherria\/wp-json\/wp\/v2\/posts\/404","targetHints":{"allow":["GET"]}}],"collection":[{"href":"https:\/\/blogs.noticiasdenavarra.com\/nafarherria\/wp-json\/wp\/v2\/posts"}],"about":[{"href":"https:\/\/blogs.noticiasdenavarra.com\/nafarherria\/wp-json\/wp\/v2\/types\/post"}],"author":[{"embeddable":true,"href":"https:\/\/blogs.noticiasdenavarra.com\/nafarherria\/wp-json\/wp\/v2\/users\/71"}],"replies":[{"embeddable":true,"href":"https:\/\/blogs.noticiasdenavarra.com\/nafarherria\/wp-json\/wp\/v2\/comments?post=404"}],"version-history":[{"count":1,"href":"https:\/\/blogs.noticiasdenavarra.com\/nafarherria\/wp-json\/wp\/v2\/posts\/404\/revisions"}],"predecessor-version":[{"id":406,"href":"https:\/\/blogs.noticiasdenavarra.com\/nafarherria\/wp-json\/wp\/v2\/posts\/404\/revisions\/406"}],"wp:attachment":[{"href":"https:\/\/blogs.noticiasdenavarra.com\/nafarherria\/wp-json\/wp\/v2\/media?parent=404"}],"wp:term":[{"taxonomy":"category","embeddable":true,"href":"https:\/\/blogs.noticiasdenavarra.com\/nafarherria\/wp-json\/wp\/v2\/categories?post=404"},{"taxonomy":"post_tag","embeddable":true,"href":"https:\/\/blogs.noticiasdenavarra.com\/nafarherria\/wp-json\/wp\/v2\/tags?post=404"}],"curies":[{"name":"wp","href":"https:\/\/api.w.org\/{rel}","templated":true}]}}