{"id":397,"date":"2013-02-22T10:38:24","date_gmt":"2013-02-22T10:38:24","guid":{"rendered":"http:\/\/blogs.noticiasdenavarra.com\/nafarherria\/?p=397"},"modified":"2013-02-22T10:41:35","modified_gmt":"2013-02-22T10:41:35","slug":"transfugas","status":"publish","type":"post","link":"https:\/\/blogs.noticiasdenavarra.com\/nafarherria\/2013\/02\/22\/transfugas\/","title":{"rendered":"Tr\u00e1nsfugas"},"content":{"rendered":"<p style=\"text-align: justify\"><a href=\"http:\/\/blogs.noticiasdenavarra.com\/nafarherria\/files\/2013\/02\/transfugas-e1361529632615.jpg\"><img loading=\"lazy\" decoding=\"async\" class=\"aligncenter size-full wp-image-398\" src=\"http:\/\/blogs.noticiasdenavarra.com\/nafarherria\/files\/2013\/02\/transfugas-e1361529632615.jpg\" alt=\"\" width=\"500\" height=\"130\" \/><\/a><\/p>\n<p style=\"text-align: justify\">Corr\u00eda el a\u00f1o 2004 cuando una, entonces, desconocida para la pol\u00edtica Uxue Barkos protagoniz\u00f3 uno de los sorpassos electorales m\u00e1s sorpresivos en la vida pol\u00edtica navarra y consegu\u00eda ser la primera diputada abertzale por Navarra desde la muerte del Dictador y, de paso, romper el monopolio que desde esa fecha hab\u00edan ostentado las fuerzas espa\u00f1olistas dela Comunidad Foralsalvo dos presencias espor\u00e1dicas de IU y HB. Hab\u00eda nacido Nafarroa Bai\u2026<\/p>\n<p style=\"text-align: justify\">Nada, en aquella fecha, nos pod\u00eda hacer pensar que ese proyecto nuevo, fresco e ilusionante iba a tener el fin que ayer, 21 de febrero, le dieron en el Parlamento de Navarra los Tamayo y Saez forales; Zabaleta y Jim\u00e9nez, secuestrando la voz de 43.000 navarros.<\/p>\n<p style=\"text-align: justify\"><!--more-->Porque si aquella primera comparecencia electoral de Nafarroa Bai se dio m\u00e1s fruto de la casualidad y de la necesidad de dotar de voz a la Navarra silenciada que quer\u00edan ocultar, y de hecho lo hab\u00edan conseguido, UPN-PP y PSOE, el \u00e9xito electoral tuvo como consecuencia directa la percepci\u00f3n por parte de los partidos que se sumaron a la candidatura de la necesidad de articular aquello como la fuerza pol\u00edtica que pod\u00eda propiciar una verdadera alternativa de poder en Navarra que pusiese en marcha el proceso de transici\u00f3n democr\u00e1tica que se hab\u00eda hurtado a los navarros con la negociaci\u00f3n a espaldas de la ciudadan\u00eda de lo que se dio en llamar, mal por cierto, Ley de Reforma y Amejoramiento\u00a0 del R\u00e9gimen Foral de Navarra.<\/p>\n<p style=\"text-align: justify\">La primera labor pendiente era dotar de un cuerpo ideol\u00f3gico com\u00fan a la coalici\u00f3n que pudiera ser compatible y compartible por todos los partidos participantes y a la cantidad de independientes que se sumaron a la iniciativa, algo nada f\u00e1cil por las distintas procedencias ideol\u00f3gicas de sus componentes y que se consigui\u00f3, no sin esfuerzo, en las Jornada Nabaizales de marzo de 2007 en los Cines Golem de Iru\u00f1a. Aquel d\u00eda Nafarroa Bai dej\u00f3 de ser una marca electoral para convertirse en alternativa de gobierno, alternativa que solo pudo frustrar el comit\u00e9 federal del PSOE desautorizando de manera destemplada a su organizaci\u00f3n navarra en el ya tristemente famoso agostazo que a d\u00eda de hoy sigue pasando factura al socialismo navarro.<\/p>\n<p style=\"text-align: justify\">La irrupci\u00f3n de Batasuna en la vida pol\u00edtica legal propicio un aut\u00e9ntico corrimiento de tierras en la pol\u00edtica navarra y un realineamiento de los partidos navarros que prefirieron obviar la problem\u00e1tica real de Navarra, una vez m\u00e1s, en aras de su pol\u00edtica nacional lo que provoc\u00f3 la fuga de EA y Batzarre a nuevos proyectos pol\u00edticos. Solo Aralar, PNV y los independientes aguantaron el tir\u00f3n, pero la ciudadan\u00eda que en pol\u00edtica es quien da y quita razones, volvi\u00f3 a respaldar el proyecto pol\u00edtico de Nafarroa Bai otorg\u00e1ndole la condici\u00f3n de tercera fuerza pol\u00edtica de Navarra, claramente por encima del proyecto soberanista de Bildu que perdi\u00f3 as\u00ed su m\u00edtico liderazgo en el abertzalismo navarro.<\/p>\n<p style=\"text-align: justify\">Pero no contamos con que el fracaso absoluto de Aralar en las elecciones de la CAPV iba a tener repercusiones en el proyecto nabaizale, pero las tuvo, con la salida apresurada de Aralar hacia las posiciones de la coalici\u00f3n soberanista lanzando un torpedo directo a la l\u00ednea de flotaci\u00f3n de la nave nabaizale abandonando los postulados pol\u00edticos de Na Bai, a pesar del \u00e9xito electoral de estos en Navarra, inutilizando el nombre que hab\u00eda registrado en una operaci\u00f3n poco clara por utilizar un eufemismo y a escasos meses de una nueva confrontaci\u00f3n electoral, obligando a los que segu\u00edan apostando por el proyecto; PNV e Independientes a una operaci\u00f3n apresurada de encaje de bolillos para presentar nuevamente la opci\u00f3n nabaizale a la sociedad navarra; creaci\u00f3n de Zabaltzen como agrupaci\u00f3n organizada de independientes, coalici\u00f3n con Atarrabia Bai, un peque\u00f1o partido de car\u00e1cter municipal y configuraci\u00f3n de Geroa Bai, un cambio de nombre que no de contenidos pol\u00edticos, que garantizaba la continuidad del proyecto nabaizale.<\/p>\n<p style=\"text-align: justify\">Una vez m\u00e1s, la ciudadan\u00eda volvi\u00f3 a respaldar el proyecto y Uxue Barkos revalido su esca\u00f1o en el Congreso de los Diputados ante el estupor de la plana mayor de Aralar y Bildu reunidos en el Labrit para festejar un hipot\u00e9tico segundo esca\u00f1o y celebrar el funeral del proyecto Nafarroa Bai sin saber que el \u00fanico funeral que se iba a oficiar en el recinto pelotazale era el dela propia Aralar que de hecho fue el que se oficio como reflejaban los rostros de sus compungidos padres, los mentados Zabaleta y Jim\u00e9nez.<\/p>\n<p style=\"text-align: justify\">Fueron 43.000 votos de ciudadanos navarros los que la respaldaron, a costa incluso de la confusi\u00f3n que pudo provocar la \u201capropiaci\u00f3n indebida\u201d de la marca, y certificaron, v\u00eda demostraci\u00f3n de su peso real electoral, la defunci\u00f3n de Aralar y su desaparici\u00f3n del panorama pol\u00edtico navarro, tan solo cuatro meses despu\u00e9s de que copasen merced a un mal y apresurado pacto la representaci\u00f3n nabaizale en el Parlamento de Navarra.<\/p>\n<p style=\"text-align: justify\">Pero no hay peor sordo que el que no quiere o\u00edr y a pesar del di\u00e1fano mensaje que les mand\u00f3 la ciudadan\u00eda siguieron aferrados a los cargos que la ciudadan\u00eda les hab\u00eda negado. Pero no quedo ah\u00ed la cosa, sino que en un ejercicio de cinismo digno de mejor causa anunciaron su intenci\u00f3n de \u201cponer los votos de Nafarroa Bai al servicio de Bildu\u201d primero y cerraron el circulo ayer impidiendo que se escuchara la voz de los parlamentarios de Nafarroa Bai en nombre dela propia Nafarroa Baipara que todas las voces fueran de Bildu en un espect\u00e1culo esquizofr\u00e9nico que solo la pol\u00edtica navarra depara de vez en vez.<\/p>\n<p style=\"text-align: justify\">Solo la \u201cjusticia po\u00e9tica\u201d que supuso que a la misma hora y el mismo d\u00eda se escuchase la \u00fanica voz de la Navarra alternativa en el Congreso de los Diputados, la voz de Uxue Barkos, entre el silencio de los diputados navarros mudos del PP, el PSOE y Amaiur y el discurso balbuceante y servil del de UPN fue un soplo de aire fresco para los que creemos que otra Navarra es posible:<\/p>\n<p style=\"text-align: justify\"><strong><em>\u201cRecorte y recursos de inconstitucionalidad, se\u00f1or Rajoy. Este es el \u00fanico balance del primer a\u00f1o de su Gobierno para con Navarra: recursos de inconstitucionalidad contra decisiones del parlamento navarro que no se merecen otra cosa, y esta es desde luego la posici\u00f3n de Geroa Bai, pase foral: se acata, pero no se cumple\u201d.<\/em><\/strong><\/p>\n<p style=\"text-align: justify\">Y mientras esos 43.000 navarros hablaban en Madrid alto y claro, en el Parlamento Navarro su voz era silenciada.<\/p>\n<p style=\"text-align: justify\">Si algo de dignidad pol\u00edtica queda en los restos del naufragio aralarkide es hora de que devuelvan su voz a la ciudadan\u00eda\u2026<\/p>\n<p style=\"text-align: justify\"><strong><em>Ander Muruzabal<\/em><\/strong><\/p>\n","protected":false},"excerpt":{"rendered":"<p>Corr\u00eda el a\u00f1o 2004 cuando una, entonces, desconocida para la pol\u00edtica Uxue Barkos protagoniz\u00f3 uno de los sorpassos electorales m\u00e1s sorpresivos en la vida pol\u00edtica navarra y consegu\u00eda ser la primera diputada abertzale por Navarra desde la muerte del Dictador y, de paso, romper el monopolio que desde esa fecha hab\u00edan ostentado las fuerzas espa\u00f1olistas &hellip; <a href=\"https:\/\/blogs.noticiasdenavarra.com\/nafarherria\/2013\/02\/22\/transfugas\/\" class=\"more-link\">Sigue leyendo <span class=\"screen-reader-text\">Tr\u00e1nsfugas<\/span><\/a><\/p>\n","protected":false},"author":71,"featured_media":0,"comment_status":"open","ping_status":"closed","sticky":false,"template":"","format":"standard","meta":{"footnotes":""},"categories":[182,269,184,266,186,187,188],"tags":[194,197,198,199,3006,3022,221,3008,1462,3009,260,1461,264],"class_list":["post-397","post","type-post","status-publish","format-standard","hentry","category-eaj-pnv","category-ellecciones-navarra","category-eusko-alkartasuna","category-geroa-bai","category-izquierda-abertzale","category-nacionalismo-vasco","category-nafarroa-bai","tag-agostazo","tag-aralar","tag-batzarre","tag-bildu","tag-eusko-alkartasuna","tag-geroa-bai","tag-independientes-na-bai","tag-izquierda-abertzale","tag-jimenez","tag-nafarroa-bai","tag-uxue-barkos","tag-zabaleta","tag-zabaltzen"],"_links":{"self":[{"href":"https:\/\/blogs.noticiasdenavarra.com\/nafarherria\/wp-json\/wp\/v2\/posts\/397","targetHints":{"allow":["GET"]}}],"collection":[{"href":"https:\/\/blogs.noticiasdenavarra.com\/nafarherria\/wp-json\/wp\/v2\/posts"}],"about":[{"href":"https:\/\/blogs.noticiasdenavarra.com\/nafarherria\/wp-json\/wp\/v2\/types\/post"}],"author":[{"embeddable":true,"href":"https:\/\/blogs.noticiasdenavarra.com\/nafarherria\/wp-json\/wp\/v2\/users\/71"}],"replies":[{"embeddable":true,"href":"https:\/\/blogs.noticiasdenavarra.com\/nafarherria\/wp-json\/wp\/v2\/comments?post=397"}],"version-history":[{"count":4,"href":"https:\/\/blogs.noticiasdenavarra.com\/nafarherria\/wp-json\/wp\/v2\/posts\/397\/revisions"}],"predecessor-version":[{"id":403,"href":"https:\/\/blogs.noticiasdenavarra.com\/nafarherria\/wp-json\/wp\/v2\/posts\/397\/revisions\/403"}],"wp:attachment":[{"href":"https:\/\/blogs.noticiasdenavarra.com\/nafarherria\/wp-json\/wp\/v2\/media?parent=397"}],"wp:term":[{"taxonomy":"category","embeddable":true,"href":"https:\/\/blogs.noticiasdenavarra.com\/nafarherria\/wp-json\/wp\/v2\/categories?post=397"},{"taxonomy":"post_tag","embeddable":true,"href":"https:\/\/blogs.noticiasdenavarra.com\/nafarherria\/wp-json\/wp\/v2\/tags?post=397"}],"curies":[{"name":"wp","href":"https:\/\/api.w.org\/{rel}","templated":true}]}}