{"id":380,"date":"2012-12-20T09:22:56","date_gmt":"2012-12-20T09:22:56","guid":{"rendered":"http:\/\/blogs.noticiasdenavarra.com\/nafarherria\/?p=380"},"modified":"2012-12-20T09:22:56","modified_gmt":"2012-12-20T09:22:56","slug":"la-huerta-del-senor-saiz","status":"publish","type":"post","link":"https:\/\/blogs.noticiasdenavarra.com\/nafarherria\/2012\/12\/20\/la-huerta-del-senor-saiz\/","title":{"rendered":"La huerta del se\u00f1or Saiz"},"content":{"rendered":"<p style=\"text-align: justify\"><a href=\"http:\/\/blogs.noticiasdenavarra.com\/nafarherria\/files\/2012\/12\/el-perro-del-hortelano.jpg\"><img loading=\"lazy\" decoding=\"async\" class=\"alignleft size-thumbnail wp-image-381\" src=\"http:\/\/blogs.noticiasdenavarra.com\/nafarherria\/files\/2012\/12\/el-perro-del-hortelano-150x150.jpg\" alt=\"\" width=\"150\" height=\"150\" \/><\/a>No soy yo muy amigo de los cl\u00e1sicos espa\u00f1oles para explicar la pol\u00edtica vasco-navarra como es el caso del portavoz de EH Bildu en Zizur; Sr. Saiz ferviente, a lo que parece, lector de Lope, no por su calidad literaria, suficientemente contrastada, sino porque la met\u00e1fora tiende a ser forzada y, a veces, lo que parec\u00eda una huerta acaba siendo un jard\u00edn de dif\u00edcil escapatoria.<\/p>\n<p style=\"text-align: justify\">No de otra manera resulta f\u00e1cil entender su \u00faltimo escrito en Diario de Noticias; Urkullu y \u201cel perro del hortelano\u201d<\/p>\n<p><a href=\"http:\/\/www.noticiasdenavarra.com\/2012\/12\/18\/opinion\/tribuna-abierta\/urkullu-y-39el-perro-del-hortelano39\">http:\/\/www.noticiasdenavarra.com\/2012\/12\/18\/opinion\/tribuna-abierta\/urkullu-y-39el-perro-del-hortelano39<\/a><\/p>\n<p style=\"text-align: justify\">citando la obra de tan excelso dramaturgo para decirnos lo que todos sabemos, que a EH Bildu le molesta Geroa Bai.<\/p>\n<p style=\"text-align: justify\"><!--more-->No voy a perder ni un minuto con su teor\u00eda conspiranoica mezclando churras con merinas y mentando al mismo diablo, esta vez le ha tocado a Urkullu probablemente por encarnar el sonoro fracaso del amanecer socialista vasco que se qued\u00f3 en puesta de sol el pasado 21-O, en un ejercicio m\u00e1s que notable de apropiaci\u00f3n del discurso m\u00e1s rancio y manido de UPN, el archiconocido \u201c\u00a1Que vienen los vascos!\u201d. Y no lo voy a perder porque ayer mismo Mart\u00edn Garitano y Rafaela Romero dieron una magn\u00edfica muestra de la raz\u00f3n de las palabras del hoy Lehendakari.<\/p>\n<p style=\"text-align: justify\">Pero me interesa mucho m\u00e1s el empe\u00f1o que pone en disparar toda su artiller\u00eda contra la l\u00ednea de flotaci\u00f3n de Geroa Bai, el verdadero motivo de sus desvelos debido a la visi\u00f3n cortijera, no iban a ser \u00fanicamente los socioregionalistas los tenedores de la patente y menos con socios tan aficionados a visitar el registro de marcas, que siempre ha tenido de Navarra la Izquierda abertzale en cualquiera de las distintas nomenclaturas que adopte para la ocasi\u00f3n.<\/p>\n<p style=\"text-align: justify\">Y recurre, como no, a identificar Geroa Bai con el PNV, que m\u00e1s quisi\u00e9ramos los jeltzales, a ver si cuela. El otro argumento es identificarla con Uxue pero este les deja todav\u00eda en peor lugar y es menos arcano y misterioso a la hora de explicar a las huestes propias que los n\u00fameros no salen.<\/p>\n<p style=\"text-align: justify\">No voy a entrar tampoco en su curiosa visi\u00f3n de la \u201cpropiedad\u201d de los espacios electorales, a algunos les cuesta entender que los votos no son de los partidos sino de los electores, creo que la lecci\u00f3n que recibieron el 20-N pasado fue m\u00e1s que ilustrativa para el caso y aunque estuvieron en clase parece que estaban con el Twitter o el Whats App pues no act\u00faan como si se hubieran enterado de nada.<\/p>\n<p style=\"text-align: justify\">Ya se que no va a servir de nada pero por intentarlo que no quede\u2026 Se lo explico, Sr. Saiz:<\/p>\n<p style=\"text-align: justify\">Geroa Bai no es el PNV, que tambi\u00e9n, es una agrupaci\u00f3n electoral donde se encuentran las aportaciones ideol\u00f3gicas del nacionalismo institucional con aportaciones, muy importantes en su definici\u00f3n ideol\u00f3gica global, de posiciones republicanas de izquierda moderada y realista, pero su objetivo no es la creaci\u00f3n de un nueva Comunidad Aut\u00f3noma con un Estatuto a cuatro ni la independencia de Euskal Herria, sino propiciar el cambio pol\u00edtico en Nafarroa, normalizarla pol\u00edticamente y concluir la transici\u00f3n, algo que en Navarra no se hizo por la particular negociaci\u00f3n del Amejoramiento y por la dejaci\u00f3n de principios que hizo el partido que pod\u00eda haber encarnado y aglutinado esas posturas de izquierda republicana y que las abandono por la famosa cuesti\u00f3n de estado.<\/p>\n<p style=\"text-align: justify\">El estatus pol\u00edtico e institucional de Navarra debe ser el que los navarros decidan, nunca ha sido as\u00ed y es una cuesti\u00f3n pendiente, en plena libertad y sin injerencia alguna por parte de los poderes del estado espa\u00f1ol o sus grupos de presi\u00f3n, siendo aceptable cualquier posicionamiento pol\u00edtico al respecto desde una visi\u00f3n de Navarra integradora, y eso es lo que ofrece precisamente Geroa Bai y por eso la capacidad de aglutinamiento de esta formaci\u00f3n, capacidad que no poseen ni UPSN que pretende construir un Navarra con un tercio de su poblaci\u00f3n excluida pol\u00edticamente ni por supuesto EH Bildu que pretende hacer lo mismo pero cambiando los protagonistas de la exclusi\u00f3n.<\/p>\n<p style=\"text-align: justify\">Y ese y no otro es el objetivo pol\u00edtico de GEROA BAI.<\/p>\n<p style=\"text-align: justify\">Una vez conseguida esa normalizaci\u00f3n y ese status democr\u00e1tico asumido por todos los navarros y a partir de \u00e9l, cada uno podr\u00e1 exponer su propio proyecto pol\u00edtico desde la libertad de cada opci\u00f3n y los que somos nacionalistas lo seguiremos siendo y los que no articularan su propia opci\u00f3n pol\u00edtica. En este momento estamos todos juntos con una base de m\u00ednimos que puede resumirse en dos:<\/p>\n<p style=\"text-align: justify\">Creaci\u00f3n de un nuevo status pol\u00edtico institucional para Navarra, acorde con su realidad hist\u00f3rico-pol\u00edtica y social, donde quepamos todos.<\/p>\n<p style=\"text-align: justify\">Salida de la crisis aplicando pol\u00edticas socialmente sensibles.<\/p>\n<p style=\"text-align: justify\">A partir de ah\u00ed, UPN y PP dir\u00e1n que queremos que Navarra desaparezca en la entelequia bizkaitarra, el PSOE e IE que somos la derecha vasca y EH Bildu que somos autonom\u00edstas de derechas.<\/p>\n<p style=\"text-align: justify\">Pues vale&#8230;<\/p>\n<p style=\"text-align: justify\">Nosotros a lo nuestro y a seguir haciendo camino para que esta tierra sea un lugar mejor donde vivir.<\/p>\n<p style=\"text-align: justify\">Y no se preocupe Ud. por los frutos de su revoluci\u00f3n ideol\u00f3gica pendiente y por a que perro le apetecen, desde el S. XIX los han probado de todos los pelos y colores y ninguno ha querido repetir.<\/p>\n<p style=\"text-align: justify\">Y, por cierto, yo el \u00fanico oximor\u00f3n que veo es hablar de uni\u00f3n de fuerzas abertzales y de la IA en la misma frase.<\/p>\n<p style=\"text-align: justify\">Eso si, empezar con el manifiesto Comunista, impagable, toda una declaraci\u00f3n de intenciones. Y yo que pensaba que ya solo se acordaban de \u00e9l a la hora de la decoraci\u00f3n de las Herrikos\u2026<\/p>\n<p><em><strong>Ander Muruzabal<\/strong><\/em><\/p>\n","protected":false},"excerpt":{"rendered":"<p>No soy yo muy amigo de los cl\u00e1sicos espa\u00f1oles para explicar la pol\u00edtica vasco-navarra como es el caso del portavoz de EH Bildu en Zizur; Sr. Saiz ferviente, a lo que parece, lector de Lope, no por su calidad literaria, suficientemente contrastada, sino porque la met\u00e1fora tiende a ser forzada y, a veces, lo que &hellip; <a href=\"https:\/\/blogs.noticiasdenavarra.com\/nafarherria\/2012\/12\/20\/la-huerta-del-senor-saiz\/\" class=\"more-link\">Sigue leyendo <span class=\"screen-reader-text\">La huerta del se\u00f1or Saiz<\/span><\/a><\/p>\n","protected":false},"author":71,"featured_media":0,"comment_status":"open","ping_status":"open","sticky":false,"template":"","format":"standard","meta":{"footnotes":""},"categories":[182,266,186,187,192],"tags":[199,204,3022,221,3008,240,260,264],"class_list":["post-380","post","type-post","status-publish","format-standard","hentry","category-eaj-pnv","category-geroa-bai","category-izquierda-abertzale","category-nacionalismo-vasco","category-politica-navarra","tag-bildu","tag-cuestion-de-estado","tag-geroa-bai","tag-independientes-na-bai","tag-izquierda-abertzale","tag-pnv","tag-uxue-barkos","tag-zabaltzen"],"_links":{"self":[{"href":"https:\/\/blogs.noticiasdenavarra.com\/nafarherria\/wp-json\/wp\/v2\/posts\/380","targetHints":{"allow":["GET"]}}],"collection":[{"href":"https:\/\/blogs.noticiasdenavarra.com\/nafarherria\/wp-json\/wp\/v2\/posts"}],"about":[{"href":"https:\/\/blogs.noticiasdenavarra.com\/nafarherria\/wp-json\/wp\/v2\/types\/post"}],"author":[{"embeddable":true,"href":"https:\/\/blogs.noticiasdenavarra.com\/nafarherria\/wp-json\/wp\/v2\/users\/71"}],"replies":[{"embeddable":true,"href":"https:\/\/blogs.noticiasdenavarra.com\/nafarherria\/wp-json\/wp\/v2\/comments?post=380"}],"version-history":[{"count":1,"href":"https:\/\/blogs.noticiasdenavarra.com\/nafarherria\/wp-json\/wp\/v2\/posts\/380\/revisions"}],"predecessor-version":[{"id":382,"href":"https:\/\/blogs.noticiasdenavarra.com\/nafarherria\/wp-json\/wp\/v2\/posts\/380\/revisions\/382"}],"wp:attachment":[{"href":"https:\/\/blogs.noticiasdenavarra.com\/nafarherria\/wp-json\/wp\/v2\/media?parent=380"}],"wp:term":[{"taxonomy":"category","embeddable":true,"href":"https:\/\/blogs.noticiasdenavarra.com\/nafarherria\/wp-json\/wp\/v2\/categories?post=380"},{"taxonomy":"post_tag","embeddable":true,"href":"https:\/\/blogs.noticiasdenavarra.com\/nafarherria\/wp-json\/wp\/v2\/tags?post=380"}],"curies":[{"name":"wp","href":"https:\/\/api.w.org\/{rel}","templated":true}]}}