{"id":376,"date":"2012-12-11T10:32:45","date_gmt":"2012-12-11T10:32:45","guid":{"rendered":"http:\/\/blogs.noticiasdenavarra.com\/nafarherria\/?p=376"},"modified":"2012-12-11T12:32:06","modified_gmt":"2012-12-11T12:32:06","slug":"dos-pajaros-de-un-tiro","status":"publish","type":"post","link":"https:\/\/blogs.noticiasdenavarra.com\/nafarherria\/2012\/12\/11\/dos-pajaros-de-un-tiro\/","title":{"rendered":"\u00bfDOS P\u00c1JAROS  DE UN TIRO?"},"content":{"rendered":"<p style=\"text-align: justify\"><a href=\"http:\/\/blogs.noticiasdenavarra.com\/nafarherria\/files\/2012\/12\/pajaros_6.jpg\"><img loading=\"lazy\" decoding=\"async\" class=\"alignleft size-thumbnail wp-image-377\" src=\"http:\/\/blogs.noticiasdenavarra.com\/nafarherria\/files\/2012\/12\/pajaros_6-150x150.jpg\" alt=\"\" width=\"150\" height=\"150\" \/><\/a>Vaya por delante que soy un aut\u00e9ntico descre\u00eddo por vocaci\u00f3n y formaci\u00f3n y que en esta Navarra de nuestros desvelos nada es lo que parece y lo que parece, las m\u00e1s de las veces no es nada, que la liamos parda por aut\u00e9nticas memeces y en cambio los m\u00e1s s\u00f3rdidos esc\u00e1ndalos y oscuros manejos pasan totalmente desapercibidos, y el caso que nos ocupa acabar\u00e1 en alg\u00fan remoto caj\u00f3n de la administraci\u00f3n de justicia sobrese\u00eddo por falta de pruebas y con un solo damnificado en forma de carrera pol\u00edtica en el contenedor de residuos no reciclables, si Dios o Garbitania Zero Zabor no lo impiden; el ya ex Diputado Santiago Cervera.<\/p>\n<p style=\"text-align: justify\"><!--more-->Vaya,\u00a0 tambi\u00e9n, por delante que el mencionado Cervera no es santo de mi devoci\u00f3n ni pol\u00edtica ni personal pero si guardo hacia \u00e9l un cierto respeto intelectual como para pensar que pueda ser tan cretino como para jugarse su honorabilidad personal y su jugosa carrera pol\u00edtica por 25.000 euros que se pueden recaudar mucho m\u00e1s c\u00f3modamente en el propio Consejo de la CAN que al otro lado dela trinchera. Yque no ten\u00eda modo alguno de conseguir dado que no pose\u00eda informaci\u00f3n comprometedora alguna para el presunto \u201cchantajeado\u201d como ha quedado claro tras descubrirse el pastel.<\/p>\n<p style=\"text-align: justify\">Queda pues como hip\u00f3tesis la de que alguien ha preparado una trampa para nuestro Sherlock Holmes foral, trampa que sali\u00f3 de chiripa pues para que diese resultado hab\u00eda que contar con tres elementos muy poco veros\u00edmiles de darse a la vez salvo que contase con alg\u00fan estrecho colaborador muy cercano a los personajes principales del affaire, y que, adem\u00e1s, hace surgir de manera casi espont\u00e1nea la pregunta \u00bfQui\u00e9n ten\u00eda inter\u00e9s en cargarse a Santiago Cervera y por qu\u00e9?<\/p>\n<p style=\"text-align: justify\">As\u00ed pues, \u00bfQu\u00e9 es lo que despierta el inter\u00e9s en el s\u00f3rdido asunto de la muralla, la ranura, el sobre oscuro y los 25.000 euros que jam\u00e1s estuvieron all\u00ed? A parte, claro est\u00e1, de la bis c\u00f3mica de todo este asunto y de dejar volar la imaginaci\u00f3n y pensar en la fisonom\u00eda del diputado camuflado pillado infraganti y la cara del jefe del operativo policial que pensando en enchiquerar a un chantajista de poca monta se encuentra ni mas ni menos que con un miembro de la Mesa del Congreso.<\/p>\n<p style=\"text-align: justify\">Y ah\u00ed es cuando entra en juego mi vis conspiranoica y me da por pensar que toda esta historia puede volver a acabar con el resurgimiento dela \u201cTeor\u00edade Quesito\u201d a mayor gloria de su enunciador y de sus valedores en la Casa del Pueblo, que haberlos los hay, aunque en estos momentos parecen batirse en retirada pol\u00edtica. Porque, a trazo grueso y sustituyendo nombres por siglas, la opera bufa que se represent\u00f3 ayer en Navarra podr\u00eda tener una lectura parecida a esta; \u201cPP chantajea a PSOE a mayor gloria de UPN\u201d. Donde los malos, mal\u00edsimos son los peperos que intentan sacar rendimiento econ\u00f3mico de las desdichas, por supuesto debidas a la crisis econ\u00f3mica internacional y no a la ineptitud de sus dirigentes, de la Caja, o ex Caja para ser m\u00e1s exactos, y los buenos, buen\u00edsimos los queseros que act\u00faan con transparencia y avisan ala Guardia Civil.<\/p>\n<p style=\"text-align: justify\">As\u00ed pues, el problema de Navarra no es que los amos del Cortijo lleven treinta a\u00f1os haciendo de su capa, y de la de todos los navarros, un sayo sino que Barcina haya roto tan celestial armon\u00eda acerc\u00e1ndose a las p\u00e9rfidas huestes de Mariano despreciando la tradicional \u201ccolaboraci\u00f3n responsable\u201d de sus socios preferentes del Paseo Sarasate a mayor gloria de Pablo Iglesias y el General Zumalakarregi.<\/p>\n<p style=\"text-align: justify\">A la vista del Congreso regionalista a celebrar la pr\u00f3xima primavera y los aires que corren de adelanto electoral, que mejor que sustituir a la susodicha, tan aficionada al motorista nocturno y el cese fulminante, por alguien m\u00e1s cercano, m\u00e1s de los de casa y fiel creyente de las bondades del quesito de cara a reconstruir tan beneficiosa, para Navarra por supuesto, entente.<\/p>\n<p style=\"text-align: justify\">Yo es que meto en la misma ecuaci\u00f3n al Catecismo de Cordobilla, al Presidente de la CAN, y ex presidente con Urralburu, los miembros del nuevo Consejo de la CAN, los \u00faltimos nombramientos en alguna empresa navarro-catalana del sector vitivin\u00edcola, transferida a los activos de la nueva entidad bancaria compradora de los residuos de la CAN, y es que me salen sarpullidos. Cosas de la suspicacia\u2026<\/p>\n<p style=\"text-align: justify\">As\u00ed las cosas, y vistos los principales actores del reparto, la pregunta es \u00bfQu\u00e9 hac\u00edan el resto de los habituales de la escena? \u00bfVer los toros desde la barrera?<\/p>\n<p style=\"text-align: justify\"><strong><em>Ander Muruzabal<\/em><\/strong><\/p>\n","protected":false},"excerpt":{"rendered":"<p>Vaya por delante que soy un aut\u00e9ntico descre\u00eddo por vocaci\u00f3n y formaci\u00f3n y que en esta Navarra de nuestros desvelos nada es lo que parece y lo que parece, las m\u00e1s de las veces no es nada, que la liamos parda por aut\u00e9nticas memeces y en cambio los m\u00e1s s\u00f3rdidos esc\u00e1ndalos y oscuros manejos pasan &hellip; <a href=\"https:\/\/blogs.noticiasdenavarra.com\/nafarherria\/2012\/12\/11\/dos-pajaros-de-un-tiro\/\" class=\"more-link\">Sigue leyendo <span class=\"screen-reader-text\">\u00bfDOS P\u00c1JAROS  DE UN TIRO?<\/span><\/a><\/p>\n","protected":false},"author":71,"featured_media":0,"comment_status":"open","ping_status":"open","sticky":false,"template":"","format":"standard","meta":{"footnotes":""},"categories":[1454,192,284],"tags":[1455,1457,3029,201,241,244,1456,3020],"class_list":["post-376","post","type-post","status-publish","format-standard","hentry","category-can","category-politica-navarra","category-sociorregionalismo","tag-asiain","tag-barcina-goni","tag-can","tag-cervera","tag-pp","tag-psn","tag-sanz","tag-upn"],"_links":{"self":[{"href":"https:\/\/blogs.noticiasdenavarra.com\/nafarherria\/wp-json\/wp\/v2\/posts\/376","targetHints":{"allow":["GET"]}}],"collection":[{"href":"https:\/\/blogs.noticiasdenavarra.com\/nafarherria\/wp-json\/wp\/v2\/posts"}],"about":[{"href":"https:\/\/blogs.noticiasdenavarra.com\/nafarherria\/wp-json\/wp\/v2\/types\/post"}],"author":[{"embeddable":true,"href":"https:\/\/blogs.noticiasdenavarra.com\/nafarherria\/wp-json\/wp\/v2\/users\/71"}],"replies":[{"embeddable":true,"href":"https:\/\/blogs.noticiasdenavarra.com\/nafarherria\/wp-json\/wp\/v2\/comments?post=376"}],"version-history":[{"count":2,"href":"https:\/\/blogs.noticiasdenavarra.com\/nafarherria\/wp-json\/wp\/v2\/posts\/376\/revisions"}],"predecessor-version":[{"id":379,"href":"https:\/\/blogs.noticiasdenavarra.com\/nafarherria\/wp-json\/wp\/v2\/posts\/376\/revisions\/379"}],"wp:attachment":[{"href":"https:\/\/blogs.noticiasdenavarra.com\/nafarherria\/wp-json\/wp\/v2\/media?parent=376"}],"wp:term":[{"taxonomy":"category","embeddable":true,"href":"https:\/\/blogs.noticiasdenavarra.com\/nafarherria\/wp-json\/wp\/v2\/categories?post=376"},{"taxonomy":"post_tag","embeddable":true,"href":"https:\/\/blogs.noticiasdenavarra.com\/nafarherria\/wp-json\/wp\/v2\/tags?post=376"}],"curies":[{"name":"wp","href":"https:\/\/api.w.org\/{rel}","templated":true}]}}