{"id":365,"date":"2012-11-20T10:27:14","date_gmt":"2012-11-20T10:27:14","guid":{"rendered":"http:\/\/blogs.noticiasdenavarra.com\/nafarherria\/?p=365"},"modified":"2012-11-20T11:40:15","modified_gmt":"2012-11-20T11:40:15","slug":"cuando-toque-o-el-quesito-no-dio-para-mas","status":"publish","type":"post","link":"https:\/\/blogs.noticiasdenavarra.com\/nafarherria\/2012\/11\/20\/cuando-toque-o-el-quesito-no-dio-para-mas\/","title":{"rendered":"Cuando toque\u2026  (O el quesito no dio para m\u00e1s\u2026)"},"content":{"rendered":"<p>&nbsp;<\/p>\n<p><em><a href=\"http:\/\/blogs.noticiasdenavarra.com\/nafarherria\/?attachment_id=412\" rel=\"attachment wp-att-412\"><img loading=\"lazy\" decoding=\"async\" class=\"alignleft size-medium wp-image-412\" src=\"http:\/\/nafarherria.files.wordpress.com\/2012\/11\/larga-espera.jpg?w=300\" alt=\"\" width=\"300\" height=\"198\" \/><\/a>\u201cEl PSN es un partido \u00abbisagra\u00bb y no puede liderar nada porque para ello tienes que tener votos suficientes y ahora en la C\u00e1mara 13 votos son de Bildu\u00bb.<\/em><\/p>\n<p style=\"text-align: right\"><em><strong>Carlos Garcia Adanero. Portavoz de UPN en el Parlamento de Navarra. Secretario General de UPN.<\/strong><\/em><\/p>\n<p>\u00a0<em>\u201cEs \u00abcomplicado\u00bb que el PSN diga que va a liderar una alternativa diferente a UPN, porque en estos momentos la segunda fuerza pol\u00edtica es Bildu, despu\u00e9s de lo que ha sucedido con la escisi\u00f3n de NaBai y una vez que Aralar ya ha concurrido con Bildu en las elecciones del Pa\u00eds Vasco. Lo \u00fanico que puede ofrecer el PSN es una ayuda a que Bildu pueda gobernar Navarra\u00bb.<\/em><\/p>\n<p style=\"text-align: right\">\u00a0<strong><em>Yolanda Barcina. Presidenta del Gobierno de Navarra. Presidenta de UPN.<\/em><\/strong><\/p>\n<p style=\"text-align: justify\">En medio de la tormenta pol\u00edtica que han desatado en Navarra\u00a0 las declaraciones de I\u00f1igo Urkullu el otro d\u00eda en Onda Vasca insinuando la existencia de conversaciones entre Bildu y el PSOE, no se sabe que versi\u00f3n de este; el de Lopez, el de Egiguren, el de Jim\u00e9nez o el del propio y defenestrado Pepi\u00f1o, de cara a un eventual desalojo de la Lehendakari Barcina del Palacio de Carlos III, de los ataques de histeria protagonizados por algunos de los m\u00e1s \u201caposentados\u201d lideres de UPN, la cuenta de Twitter del Diputado Carlos Salvador es como para que la revise una vez pasado el berrinche, me ha llamado la atenci\u00f3n la declaraci\u00f3n del que parece ser el valor en alza en el PSN, con las dudas que tal situaci\u00f3n despierta sobre cualquier cosa que pase entre los del Paseo Sarasate, y me estoy refiriendo a su Portavoz; Juan Jos\u00e9 Lizarbe \u201cresucitado\u201d para la pol\u00edtica navarra en el m\u00e1s puro estilo \u201cave f\u00e9nix\u201d, asegurando que \u201cEl nuevo ciclo supondr\u00e1 un nuevo gobierno\u201d y que el relevo debe producirse \u201ccuando toque\u201d, dando por terminado el ciclo de \u201ccolaboraci\u00f3n preferente con UPN\u201d, colaboraci\u00f3n que por otra parte ha dejado a Navarra con la mayor crisis de deuda de su historia, al propio PSN al borde de la marginalidad y a alguna de las instituciones m\u00e1s representativas de la CFN, como la CAN, en los archivos de la historia.<\/p>\n<p style=\"text-align: justify\"><!--more-->Que el PSN estaba obligado a cerrar esa colaboraci\u00f3n permanente era algo que ve\u00edamos todos menos, probablemente, los propios estrategas de la casa y los no menos avezados de UGT valedores del pacto perpetuo cegados por el fulgor de las prebendas unos y el \u201csoborno\u201d sindical los otros. Pero en ese tuya m\u00eda, entre el carguete y la subvenci\u00f3n, el socialismo navarro ha ido desangr\u00e1ndose, no solo perdiendo presencia electoral, de ser la \u00fanica alternativa a UPN ha pasado a cachaba de apoyo sino el respeto de su electorado lo que resulta sensiblemente peor y de m\u00e1s dif\u00edcil recuperaci\u00f3n.<\/p>\n<p style=\"text-align: justify\">Que cerrado el ciclo anterior, personajes y medios de est\u00e1 Navarra de transici\u00f3n inconclusa intentaran resucitarlo como y en la versi\u00f3n que sea, se impone un cambio de gobierno es cosa inevitable. El mapa pol\u00edtico de Navarra es complejo y la manera de articular ese \u201cotro\u201d gobierno puede tener m\u00e1s de una y dos f\u00f3rmulas y la ligaz\u00f3n con lo que pase en la CAPV no tiene porque ser un elemento determinante, o, al menos, no debiera serlo, puesto que los protagonistas, aunque familiares, no son los mismos.<\/p>\n<p style=\"text-align: justify\">Es por eso que lo que m\u00e1s me interesa de las reflexiones de Lizarbe es ese concepto temporal que ha introducido en su discurso: \u201ccuando toque\u2026\u201d y me ha interesado porque en la actual tesitura pol\u00edtica con Navarra literalmente y\u00e9ndose por el desag\u00fce, los datos de la recaudaci\u00f3n fiscal del \u00faltimo trimestre pueden ser demoledores, podemos tener cierta urgencia en dar la puntilla definitiva a la Lehendakari Barcina, algo a lo que el PSN no parece muy proclive en este momento mediatizado, sin duda, por los negros augurios que les pronostican las encuestas de intenci\u00f3n de voto. Necesitan tiempo.<\/p>\n<p style=\"text-align: justify\">As\u00ed pues, y teniendo en cuenta que un relevo en la sede de Carlos III solo puede venir de unas elecciones anticipadas o de una moci\u00f3n de censura, el paisaje que se dibuja tiene dos opciones, descartada la disoluci\u00f3n del Parlamento por la propia Barcina cosa que tampoco esta tan clara pero que parece l\u00f3gica en funci\u00f3n del desgaste de Barcina y sus nulas posibilidades de repetir al frente de la candidatura regionalista, salvo cataclismo de proporciones b\u00edblicas o adquisici\u00f3n de tendencias autodestructivas por parte de UPN ante la inminencia del desahucio. Necesita m\u00e1s tiempo todav\u00eda.<\/p>\n<p style=\"text-align: justify\">Y esas dos opciones pasan por la moci\u00f3n de censura o para convocar elecciones por parte del candidato investido al d\u00eda siguiente de tomar posesi\u00f3n, algo que podr\u00eda molestar sobremanera a un PSN en horas bajas electorales y que sin duda es la \u00fanica opci\u00f3n razonable y democr\u00e1tica en estos momentos habida cuenta de la \u201cilegitimidad\u201d del gobierno de Barcina tras la expulsi\u00f3n del PSN y de Roberto Jim\u00e9nez del mismo, o para \u201cgobernar\u201d, y esa es precisamente la opci\u00f3n que m\u00e1s me interesa analizar en este art\u00edculo.<\/p>\n<p style=\"text-align: justify\">Y por eso las citas que encabezan este art\u00edculo\u2026<\/p>\n<p style=\"text-align: justify\">\u00bfEs posible una alternativa de gobierno a UPN con los mimbres parlamentarios que existen a d\u00eda de hoy?<\/p>\n<p style=\"text-align: justify\">Y la respuesta, lamentablemente es no. Y es no porque la C\u00e1mara Navarra no representa la voluntad de los navarros y est\u00e1 falseada por la deslealtad de Aralar que ocupa cinco esca\u00f1os que no le corresponden, los doce\/trece que recuerdan Barcina y Adanero que le otorgan ser la segunda fuerza pol\u00edtica del parlamento navarro siendo la cuarta fuerza en votos. Un gobierno alternativo debiera ser lo suficientemente s\u00f3lido y leal para acabar la legislatura, en caso contrario es mejor convocar elecciones ya, \u00bfY que solidez y lealtad se puede esperar de un gobierno donde el socio mayoritario est\u00e1 sobre representado a costa de la representaci\u00f3n del socio minoritario?<\/p>\n<p style=\"text-align: justify\">Podr\u00eda existir la tentaci\u00f3n de prescindir de ese socio minoritario molesto al que se ha esquilmado y expropiado\u2026 pero entonces no dan los n\u00fameros&#8230;<\/p>\n<p style=\"text-align: justify\"><iframe loading=\"lazy\" title=\"Miguel Sanz  nos da la 1\u00aa  leccion para romper el pacto con el PP\" width=\"660\" height=\"495\" src=\"https:\/\/www.youtube.com\/embed\/75TWNx3e_tI?feature=oembed\" frameborder=\"0\" allow=\"accelerometer; autoplay; clipboard-write; encrypted-media; gyroscope; picture-in-picture; web-share\" referrerpolicy=\"strict-origin-when-cross-origin\" allowfullscreen><\/iframe><\/p>\n<p style=\"text-align: justify\"><em><strong>Ander Muruzabal<\/strong><\/em><\/p>\n","protected":false},"excerpt":{"rendered":"<p>&nbsp; \u201cEl PSN es un partido \u00abbisagra\u00bb y no puede liderar nada porque para ello tienes que tener votos suficientes y ahora en la C\u00e1mara 13 votos son de Bildu\u00bb. Carlos Garcia Adanero. Portavoz de UPN en el Parlamento de Navarra. Secretario General de UPN. \u00a0\u201cEs \u00abcomplicado\u00bb que el PSN diga que va a liderar &hellip; <a href=\"https:\/\/blogs.noticiasdenavarra.com\/nafarherria\/2012\/11\/20\/cuando-toque-o-el-quesito-no-dio-para-mas\/\" class=\"more-link\">Sigue leyendo <span class=\"screen-reader-text\">Cuando toque\u2026  (O el quesito no dio para m\u00e1s\u2026)<\/span><\/a><\/p>\n","protected":false},"author":71,"featured_media":0,"comment_status":"open","ping_status":"open","sticky":false,"template":"","format":"standard","meta":{"footnotes":""},"categories":[269,266,274,188,190,191,192,245,4,284,258],"tags":[194,204,3022,3024,221,3008,229,3009,240,247,260,263,264],"class_list":["post-365","post","type-post","status-publish","format-standard","hentry","category-ellecciones-navarra","category-geroa-bai","category-gobierno-de-navarra","category-nafarroa-bai","category-partidos-politicos","category-politica-institucional","category-politica-navarra","category-psoe","category-sin-categoria","category-sociorregionalismo","category-upn","tag-agostazo","tag-cuestion-de-estado","tag-geroa-bai","tag-gobierno-de-navarra","tag-independientes-na-bai","tag-izquierda-abertzale","tag-miguel-sanz","tag-nafarroa-bai","tag-pnv","tag-roberto-jimenez","tag-uxue-barkos","tag-yolanda-barcina","tag-zabaltzen"],"_links":{"self":[{"href":"https:\/\/blogs.noticiasdenavarra.com\/nafarherria\/wp-json\/wp\/v2\/posts\/365","targetHints":{"allow":["GET"]}}],"collection":[{"href":"https:\/\/blogs.noticiasdenavarra.com\/nafarherria\/wp-json\/wp\/v2\/posts"}],"about":[{"href":"https:\/\/blogs.noticiasdenavarra.com\/nafarherria\/wp-json\/wp\/v2\/types\/post"}],"author":[{"embeddable":true,"href":"https:\/\/blogs.noticiasdenavarra.com\/nafarherria\/wp-json\/wp\/v2\/users\/71"}],"replies":[{"embeddable":true,"href":"https:\/\/blogs.noticiasdenavarra.com\/nafarherria\/wp-json\/wp\/v2\/comments?post=365"}],"version-history":[{"count":6,"href":"https:\/\/blogs.noticiasdenavarra.com\/nafarherria\/wp-json\/wp\/v2\/posts\/365\/revisions"}],"predecessor-version":[{"id":371,"href":"https:\/\/blogs.noticiasdenavarra.com\/nafarherria\/wp-json\/wp\/v2\/posts\/365\/revisions\/371"}],"wp:attachment":[{"href":"https:\/\/blogs.noticiasdenavarra.com\/nafarherria\/wp-json\/wp\/v2\/media?parent=365"}],"wp:term":[{"taxonomy":"category","embeddable":true,"href":"https:\/\/blogs.noticiasdenavarra.com\/nafarherria\/wp-json\/wp\/v2\/categories?post=365"},{"taxonomy":"post_tag","embeddable":true,"href":"https:\/\/blogs.noticiasdenavarra.com\/nafarherria\/wp-json\/wp\/v2\/tags?post=365"}],"curies":[{"name":"wp","href":"https:\/\/api.w.org\/{rel}","templated":true}]}}