{"id":360,"date":"2012-11-16T11:45:15","date_gmt":"2012-11-16T11:45:15","guid":{"rendered":"http:\/\/blogs.noticiasdenavarra.com\/nafarherria\/?p=360"},"modified":"2012-11-16T11:46:45","modified_gmt":"2012-11-16T11:46:45","slug":"que-hacemos-con-el-gobierno-abierto-vasco","status":"publish","type":"post","link":"https:\/\/blogs.noticiasdenavarra.com\/nafarherria\/2012\/11\/16\/que-hacemos-con-el-gobierno-abierto-vasco\/","title":{"rendered":"\u00bfQu\u00e9 hacemos con el Gobierno Abierto Vasco?"},"content":{"rendered":"<p>(O como arreglar una radio con placa de circuitos integrados)<\/p>\n<p><strong><em><a href=\"http:\/\/blogs.noticiasdenavarra.com\/nafarherria\/files\/2012\/11\/Radio.jpg\"><img loading=\"lazy\" decoding=\"async\" class=\"alignleft size-thumbnail wp-image-362\" src=\"http:\/\/blogs.noticiasdenavarra.com\/nafarherria\/files\/2012\/11\/Radio-150x150.jpg\" alt=\"\" width=\"150\" height=\"150\" \/><\/a>\u201cDebemos abordar este desaf\u00edo desde el prisma de la \u201cnueva gobernanza\u201d y compartir la gesti\u00f3n con la ciudadan\u00eda bajo un enfoque de total y absoluta transparencia. Transparencia y \u00e9tica, que no s\u00f3lo han sido un principio b\u00e1sico en la acci\u00f3n de gobierno de las instituciones regidas por EAJ<\/em><\/strong><strong><em>\u2010<\/em><\/strong><strong><em>PNV, sino una de las principales exigencias en aquellas instituciones en las que hemos desarrollado el trabajo que nos encomendaba la ciudadan\u00eda desde la oposici\u00f3n. Nuestro compromiso es continuar avanzando en el concepto de transparencia total de nuestras instituciones para explicar a la sociedad nuestras acciones, abordar consecuentemente nuestra responsabilidad sobre las mismas y facilitar la informaci\u00f3n que motive su participaci\u00f3n.\u201d<\/em><\/strong><\/p>\n<address><strong>Geroa Lantzen<\/strong><\/address>\n<address><strong>\u201cTrabajando el ma\u00f1ana\u201d.<\/strong><\/address>\n<address><strong>Respuestas a las prioridades dela Sociedad Vasca2012-2015<\/strong><\/address>\n<address><strong>VI Asamblea General EAJ-PNV. Enero 2012<\/strong><\/address>\n<p>&nbsp;<\/p>\n<p style=\"text-align: justify\">Me ha parecido interesante comenzar este art\u00edculo con lo que dice el PNV sobre si mismo en sus compromisos con la sociedad vasca, y me lo ha parecido porque a estas alturas est\u00e1 m\u00e1s que claro que va a ser este partido, mi partido, el que va a tener que asumir el gobierno de Euzkadi en la pr\u00f3xima legislatura y por ello el que tiene la responsabilidad y el compromiso <em>de \u201cavanzar en el concepto de transparencia total de nuestras instituciones para explicar a la sociedad nuestras acciones, abordar consecuentemente nuestra responsabilidad sobre las mismas y facilitar la informaci\u00f3n que motive su participaci\u00f3n\u201d<\/em>.<\/p>\n<p style=\"text-align: justify\"><!--more-->Es probable que la primera experiencia de \u201cgobierno abierto\u201d impulsada en Euzkadi; Irekia, haya tenido muchos fallos y haya conseguido hacerse \u201codiosa\u201d en su empe\u00f1o en sustituir el Gobierno Abierto por una operaci\u00f3n de Pol\u00edtica Spam al servicio de una Lehendakaritza legal pero de dudosa legitimidad, es posible, tambi\u00e9n, que adoleciese de la capacidad necesaria para atraer a los ciudadanos a la participaci\u00f3n, m\u00e1s probablemente por su sesgo ideol\u00f3gico y su incapacidad de conectar con la ciudadan\u00eda, que por su capacidad t\u00e9cnica, es veros\u00edmil que haya pasado con m\u00e1s pena que gloria en medio de la indiferencia ciudadana, pero ese no ha sido el principal problema de Irekia.<\/p>\n<p style=\"text-align: justify\">El principal problema de Irekia ha sido organizar las l\u00edneas de trabajo del Gobierno Abierto, una herramienta de participaci\u00f3n no lo olvidemos, prescindiendo de la propia participaci\u00f3n. Algo que fue especialmente clamoroso en su experiencia \u201chermana\u201d; el Gobierno Abierto de Navarra impulsada tambi\u00e9n por el PSN en coalici\u00f3n con UPN que consigui\u00f3 aprobar, como punto de partida, una Ley de Transparencia rechazando una por una todas las enmiendas de la Oposici\u00f3n dos d\u00edas antes de que Barcina le mandase el motorista con el cese al impulsor de la iniciativa, el entonces flamante vicepresidente Roberto Jim\u00e9nez, y dejando el proyecto en la UCI foral.<\/p>\n<p style=\"text-align: justify\">As\u00ed pues, el nuevo Gobierno Abierto Vasco, ll\u00e1mese como se llame, deber\u00e1 tener en cuenta unas cuantas premisas para empezar a andar si quiere tener credibilidad, y todas ellas pasan por una misma\u00a0 base; el \u00f3rgano de participaci\u00f3n solo puede tener \u00e9xito si se hace desde la participaci\u00f3n.<\/p>\n<p style=\"text-align: justify\">Un verdadero Gobierno Abierto tiene la obligaci\u00f3n de informar a los ciudadanos de su propia actividad pero esto no significa sustituir a los medios de comunicaci\u00f3n en esa labor ni mucho menos intentar \u201corientar\u201d la labor informativa, luego esta obligaci\u00f3n informativa deber\u00e1 contar en su definici\u00f3n de contenidos y soportes con los medios de comunicaci\u00f3n y los periodistas.<\/p>\n<p style=\"text-align: justify\">Un verdadero Gobierno Abierto deber\u00e1 dotarse de plataformas tecnol\u00f3gicas para llegar al mayor n\u00famero posible de ciudadanos, propias y ajenas, y estar en el centro del prisma de la comunicaci\u00f3n en su labor de \u201cescucha activa\u201d pero esa definici\u00f3n de plataformas y su construcci\u00f3n y uso deber\u00e1 adecuarse al sector tecnol\u00f3gico vasco y con los usos de los ciudadanos y para eso sea posible no existe otra f\u00f3rmula que pregunt\u00e1rselo.<\/p>\n<p style=\"text-align: justify\">Un verdadero Gobierno Abierto deber\u00e1 tener la aspiraci\u00f3n de llegar a todos los ciudadanos con capacidad y voluntad de participar y eso no pasa por acotar servicios en funci\u00f3n de rentabilidades electorales o \u201caudiencias\u201d sino por una vocaci\u00f3n de \u201cuniversalizar\u201d los canales y llegar hasta el \u00faltimo rinc\u00f3n del territorio y el \u00faltimo ciudadano vasco.<\/p>\n<p style=\"text-align: justify\">Un verdadero Gobierno Abierto est\u00e1 en la obligaci\u00f3n de rentabilizar socialmente sus datos y aplicaciones, de compartirlos para crear oportunidades de negocio y eso pasa necesariamente por trabajar conjuntamente con el sector del emprendimiento y poner la utilidad y la rentabilidad de ese esfuerzo por delante de operaciones est\u00e9ticas. Priorizar el Open Data en funci\u00f3n de su rentabilidad para el sector del emprendimiento.<\/p>\n<p style=\"text-align: justify\">Y, por fin, un verdadero Gobierno Abierto no puede estar al albur de la situaci\u00f3n pol\u00edtica o de la discrecionalidad administrativa, tiene que tener vocaci\u00f3n de permanencia, y eso solo se hace desde su propia seguridad jur\u00eddica. Es necesario dotarse de una Ley de Transparencia que respalde su actuaci\u00f3n, y esa Ley solo ser\u00e1 efectiva si garantiza la estabilidad del proyecto y transforma la arbitrariedad administrativa en derecho ciudadano.<\/p>\n<p style=\"text-align: justify\">Lo primero se hace desde la participaci\u00f3n de todas las fuerzas pol\u00edticas en su desarrollo y la b\u00fasqueda del consenso, y lo segundo desde el blindaje del derecho de acceso del ciudadano a la informaci\u00f3n p\u00fablica basado en el reconocimiento de la propiedad del ciudadano sobre la informaci\u00f3n p\u00fablica. Una Ley de Transparencia no se hace legislando sobre cuales son las excepciones a la norma de confidencialidad de la informaci\u00f3n p\u00fablica y las formas de acceso a ellas sino haci\u00e9ndolo sobre cuales son las excepciones al derecho de los ciudadanos al acceso a una informaci\u00f3n que es suya, y que no pueden ser m\u00e1s que garantizar la neutralidad de ciertos procesos administrativos y la protecci\u00f3n de datos personales.<\/p>\n<p style=\"text-align: justify\">Este es el reto y esta la oportunidad.<\/p>\n<p style=\"text-align: justify\">Desde mi rinc\u00f3n navarro y mirando no sin cierta envidia la posibilidad de que un partido con un compromiso como el que abre este escrito sea capaz de llevarlo a cabo.<\/p>\n<p style=\"text-align: justify\"><em><strong>Ander Muruzabal<\/strong><\/em><\/p>\n","protected":false},"excerpt":{"rendered":"<p>(O como arreglar una radio con placa de circuitos integrados) \u201cDebemos abordar este desaf\u00edo desde el prisma de la \u201cnueva gobernanza\u201d y compartir la gesti\u00f3n con la ciudadan\u00eda bajo un enfoque de total y absoluta transparencia. Transparencia y \u00e9tica, que no s\u00f3lo han sido un principio b\u00e1sico en la acci\u00f3n de gobierno de las instituciones &hellip; <a href=\"https:\/\/blogs.noticiasdenavarra.com\/nafarherria\/2012\/11\/16\/que-hacemos-con-el-gobierno-abierto-vasco\/\" class=\"more-link\">Sigue leyendo <span class=\"screen-reader-text\">\u00bfQu\u00e9 hacemos con el Gobierno Abierto Vasco?<\/span><\/a><\/p>\n","protected":false},"author":71,"featured_media":0,"comment_status":"open","ping_status":"open","sticky":false,"template":"","format":"standard","meta":{"footnotes":""},"categories":[181,182,274,185,189,245,4],"tags":[205,218,3024,3010,235,236,247],"class_list":["post-360","post","type-post","status-publish","format-standard","hentry","category-administracion-publica","category-eaj-pnv","category-gobierno-de-navarra","category-gobierno-vasco","category-open-government","category-psoe","category-sin-categoria","tag-democracia","tag-gobierno-abierto","tag-gobierno-de-navarra","tag-open-government","tag-participacion-democratica","tag-patxi-lopez","tag-roberto-jimenez"],"_links":{"self":[{"href":"https:\/\/blogs.noticiasdenavarra.com\/nafarherria\/wp-json\/wp\/v2\/posts\/360","targetHints":{"allow":["GET"]}}],"collection":[{"href":"https:\/\/blogs.noticiasdenavarra.com\/nafarherria\/wp-json\/wp\/v2\/posts"}],"about":[{"href":"https:\/\/blogs.noticiasdenavarra.com\/nafarherria\/wp-json\/wp\/v2\/types\/post"}],"author":[{"embeddable":true,"href":"https:\/\/blogs.noticiasdenavarra.com\/nafarherria\/wp-json\/wp\/v2\/users\/71"}],"replies":[{"embeddable":true,"href":"https:\/\/blogs.noticiasdenavarra.com\/nafarherria\/wp-json\/wp\/v2\/comments?post=360"}],"version-history":[{"count":2,"href":"https:\/\/blogs.noticiasdenavarra.com\/nafarherria\/wp-json\/wp\/v2\/posts\/360\/revisions"}],"predecessor-version":[{"id":364,"href":"https:\/\/blogs.noticiasdenavarra.com\/nafarherria\/wp-json\/wp\/v2\/posts\/360\/revisions\/364"}],"wp:attachment":[{"href":"https:\/\/blogs.noticiasdenavarra.com\/nafarherria\/wp-json\/wp\/v2\/media?parent=360"}],"wp:term":[{"taxonomy":"category","embeddable":true,"href":"https:\/\/blogs.noticiasdenavarra.com\/nafarherria\/wp-json\/wp\/v2\/categories?post=360"},{"taxonomy":"post_tag","embeddable":true,"href":"https:\/\/blogs.noticiasdenavarra.com\/nafarherria\/wp-json\/wp\/v2\/tags?post=360"}],"curies":[{"name":"wp","href":"https:\/\/api.w.org\/{rel}","templated":true}]}}