{"id":356,"date":"2012-11-09T12:04:47","date_gmt":"2012-11-09T12:04:47","guid":{"rendered":"http:\/\/blogs.noticiasdenavarra.com\/nafarherria\/?p=356"},"modified":"2012-11-09T12:04:47","modified_gmt":"2012-11-09T12:04:47","slug":"el-futuro-de-irekia","status":"publish","type":"post","link":"https:\/\/blogs.noticiasdenavarra.com\/nafarherria\/2012\/11\/09\/el-futuro-de-irekia\/","title":{"rendered":"El futuro de Irekia"},"content":{"rendered":"<p style=\"text-align: justify\"><a href=\"http:\/\/blogs.noticiasdenavarra.com\/nafarherria\/files\/2012\/11\/irekia.jpg\"><img loading=\"lazy\" decoding=\"async\" class=\"alignleft size-thumbnail wp-image-357\" src=\"http:\/\/blogs.noticiasdenavarra.com\/nafarherria\/files\/2012\/11\/irekia-150x150.jpg\" alt=\"\" width=\"150\" height=\"150\" \/><\/a>Hace unos d\u00edas le\u00eda un tuit que propon\u00eda que con la entrada del nuevo gobierno vasco una de las medidas a adoptar fuese la desaparici\u00f3n de IREKIA dado el enfoque ideol\u00f3gico y propagand\u00edstico que hab\u00eda adquirido este organismo p\u00fablico. No voy a ser yo quien niegue el evidente sesgo ideol\u00f3gico que hab\u00eda adquirido parte de su actividad seg\u00fan se acercaba el proceso electoral, pero justo es reconocer que a\u00fan si\u00e9ndolo, el trabajo de IREKIA ha puesto una serie de bases s\u00f3lidas que no ser\u00eda justo menospreciar y mucho menos desmantelar para empezar de cero en una labor;la del Gobierno Abierto y la participaci\u00f3n democr\u00e1tica, por la que tendr\u00e1 que pasar si o si la gobernanza del futuro.<\/p>\n<p style=\"text-align: justify\"><!--more-->Con sus blanco y negros, con sus claroscuros\u2026 IREKIA es pionera en Euzkadi de una serie de pr\u00e1cticas que pueden, y deben, marcar el camino de la pol\u00edtica y la democracia en el S. XXI. Y as\u00ed lo marcan ya claramente dos documentos claves en el desarrollo pol\u00edtico de este pa\u00eds que plantea el Parido Nacionalista Vasco que es quien previsiblemente va a asumir las responsabilidades de gobierno y estoy hablando del Think Gaur Euskadi 2020 y de la Ponencia \u201cTrabajando el ma\u00f1ana\u201d aprobada enla \u00faltima AsambleaGeneral, donde el PNV, por primera vez, asume como propios los retos de la participaci\u00f3n democr\u00e1tica.<\/p>\n<p style=\"text-align: justify\">Es pues, la legislatura a punto de comenzar una legislatura en que habr\u00e1 que cerrar temas pendientes del pasado, en que habr\u00e1 que afrontar el dur\u00edsimo reto de la crisis econ\u00f3mica y donde empezar a construir ese nuevo marco de autogobierno para 2015 que ha planteado I\u00f1igo Urkullu a la sociedad vasca como ejes de su gobierno y creo que en las tres l\u00edneas debe o\u00edrse la voz de la ciudadan\u00eda.<\/p>\n<p style=\"text-align: justify\">Esta debe ser no solo la legislatura de la normalizaci\u00f3n pol\u00edtica de este pa\u00eds sino la de su impulso hacia delante, y la sociedad vasca es una sociedad lo suficientemente formada y madura para empezar a tener protagonismo por si misma superando y complementando los mecanismos de representaci\u00f3n democr\u00e1tica tradicionales y ser\u00e1 una de las labores de ese pr\u00f3ximo gobierno adecuar y proporcionar los cauces que hagan posible una democracia, una pol\u00edtica y un gobierno m\u00e1s participativos.<\/p>\n<p style=\"text-align: justify\">Los ejes que componen lo que hemos venido denominando Gobierno Abierto; la participaci\u00f3n, la transparencia, el trabajo en red y los datos compartidos y p\u00fablicos como forma de fomentar el emprendimiento deben ser no solo se\u00f1a de identidad del nuevo gobierno sino ayuda y colaboraci\u00f3n en el nuevo despegue del desarrollo econ\u00f3mico y tecnol\u00f3gico de Euzkadi. El Gobierno Abierto ya no es una extravagancia ni una opci\u00f3n posible es una exigencia ciudadana.<\/p>\n<p style=\"text-align: justify\">Y no ser\u00eda un buen inicio desmantelar la plataforma que, con sus defectos, tenemos ya consolidada, no ser\u00eda bueno ni para los trabajadores p\u00fablicos que forman IREKIA, ni para sus colaboradores ni para ese nuevo modelo de hacer pol\u00edtica que se vislumbra en los documentos que ha ido trabajando EAJ-PNV ni mucho menos para la sociedad vasca.<\/p>\n<p style=\"text-align: justify\">No se trata pues de cerrar IREKIA\u00a0 ni de despojarla de su \u201cvisi\u00f3n partidista\u201d para cambiarla por otra m\u00e1s af\u00edn al nuevo gobierno, se trata de aprovechar la experiencia y las herramientas de que ya disponemos para transformarla en el motor del Gobierno Abierto Vasco y que los ciudadanos la vean como un instrumento \u00fatil para hacer llegar su voz al gobierno en vez de el instrumento del gobierno para hacerles llegar su voz.<\/p>\n<p style=\"text-align: justify\">No es tiempo de de despilfarros, ni econ\u00f3micos ni mucho menos de ideas.<\/p>\n<p style=\"text-align: justify\"><strong><em>Ander Muruzabal<\/em><\/strong><\/p>\n","protected":false},"excerpt":{"rendered":"<p>Hace unos d\u00edas le\u00eda un tuit que propon\u00eda que con la entrada del nuevo gobierno vasco una de las medidas a adoptar fuese la desaparici\u00f3n de IREKIA dado el enfoque ideol\u00f3gico y propagand\u00edstico que hab\u00eda adquirido este organismo p\u00fablico. No voy a ser yo quien niegue el evidente sesgo ideol\u00f3gico que hab\u00eda adquirido parte de &hellip; <a href=\"https:\/\/blogs.noticiasdenavarra.com\/nafarherria\/2012\/11\/09\/el-futuro-de-irekia\/\" class=\"more-link\">Sigue leyendo <span class=\"screen-reader-text\">El futuro de Irekia<\/span><\/a><\/p>\n","protected":false},"author":71,"featured_media":0,"comment_status":"open","ping_status":"open","sticky":false,"template":"","format":"standard","meta":{"footnotes":""},"categories":[181,295,182,185,189,190],"tags":[218,3007,1444,1445,3010,235,253],"class_list":["post-356","post","type-post","status-publish","format-standard","hentry","category-administracion-publica","category-crisis","category-eaj-pnv","category-gobierno-vasco","category-open-government","category-partidos-politicos","tag-gobierno-abierto","tag-gobierno-vasco","tag-irekia","tag-open-data","tag-open-government","tag-participacion-democratica","tag-tecnologia"],"_links":{"self":[{"href":"https:\/\/blogs.noticiasdenavarra.com\/nafarherria\/wp-json\/wp\/v2\/posts\/356","targetHints":{"allow":["GET"]}}],"collection":[{"href":"https:\/\/blogs.noticiasdenavarra.com\/nafarherria\/wp-json\/wp\/v2\/posts"}],"about":[{"href":"https:\/\/blogs.noticiasdenavarra.com\/nafarherria\/wp-json\/wp\/v2\/types\/post"}],"author":[{"embeddable":true,"href":"https:\/\/blogs.noticiasdenavarra.com\/nafarherria\/wp-json\/wp\/v2\/users\/71"}],"replies":[{"embeddable":true,"href":"https:\/\/blogs.noticiasdenavarra.com\/nafarherria\/wp-json\/wp\/v2\/comments?post=356"}],"version-history":[{"count":1,"href":"https:\/\/blogs.noticiasdenavarra.com\/nafarherria\/wp-json\/wp\/v2\/posts\/356\/revisions"}],"predecessor-version":[{"id":358,"href":"https:\/\/blogs.noticiasdenavarra.com\/nafarherria\/wp-json\/wp\/v2\/posts\/356\/revisions\/358"}],"wp:attachment":[{"href":"https:\/\/blogs.noticiasdenavarra.com\/nafarherria\/wp-json\/wp\/v2\/media?parent=356"}],"wp:term":[{"taxonomy":"category","embeddable":true,"href":"https:\/\/blogs.noticiasdenavarra.com\/nafarherria\/wp-json\/wp\/v2\/categories?post=356"},{"taxonomy":"post_tag","embeddable":true,"href":"https:\/\/blogs.noticiasdenavarra.com\/nafarherria\/wp-json\/wp\/v2\/tags?post=356"}],"curies":[{"name":"wp","href":"https:\/\/api.w.org\/{rel}","templated":true}]}}