{"id":340,"date":"2012-09-05T09:02:51","date_gmt":"2012-09-05T09:02:51","guid":{"rendered":"http:\/\/blogs.noticiasdenavarra.com\/nafarherria\/?p=340"},"modified":"2012-09-05T09:05:46","modified_gmt":"2012-09-05T09:05:46","slug":"lehendakari-bildu","status":"publish","type":"post","link":"https:\/\/blogs.noticiasdenavarra.com\/nafarherria\/2012\/09\/05\/lehendakari-bildu\/","title":{"rendered":"Lehendakari Bildu"},"content":{"rendered":"<p style=\"text-align: justify\">\u00a0<a href=\"http:\/\/blogs.noticiasdenavarra.com\/nafarherria\/files\/2012\/09\/lehendakaritza1.jpg\"><img loading=\"lazy\" decoding=\"async\" class=\"aligncenter size-medium wp-image-344\" src=\"http:\/\/blogs.noticiasdenavarra.com\/nafarherria\/files\/2012\/09\/lehendakaritza1-300x87.jpg\" alt=\"\" width=\"300\" height=\"87\" \/><\/a><\/p>\n<p style=\"text-align: justify\">\u00a0<\/p>\n<p style=\"text-align: justify\"><em>\u201cEl que cometi\u00f3 crimen no es digno de llevar el nombre de vasco\u201d<\/em><\/p>\n<address><strong><em>Mensaje de Gabon del 24 de diciembre de 1939, Jose Antonio Agirre<\/em><\/strong><\/address>\n<p style=\"text-align: justify\">Tengo que reconocer que mi primera reacci\u00f3n ante la \u201cpayasada\u201d perpetrada por EHBildu hace unos d\u00edas en el Hotel Carlton de Bilbao fue de indignaci\u00f3n absoluta, no tanto ya por la utilizaci\u00f3n partidista de la figura pol\u00edtica del Lehendakari Agirre, que tambi\u00e9n, sino por el profundo desprecio que supone para su vertiente humana y humanista, para su ejemplo personal de vida que quienes durante cincuenta a\u00f1os han pisoteado la dignidad humana apart\u00e1ndola como un obst\u00e1culo a su inter\u00e9s pol\u00edtico pretendan ahora, en un ejercicio de amnesia colectiva digno de mejor causa, referenciarse en quien puso esa misma dignidad humana por encima de cualquier planteamiento pol\u00edtico.<\/p>\n<p style=\"text-align: justify\"><!--more-->Este art\u00edculo que problablemente, y atendiendo a lo que a uno le pide el cuerpo, hubiera sido una sarta de desprop\u00f3sitos no lo va a ser. Y no lo va a ser porque su autor aprendi\u00f3 el significado del nacionalismo vasco en aquellos primeros a\u00f1os 70 entre lecturas semiclandestinas de los dos personajes hist\u00f3ricos que han marcado el rumbo y el car\u00e1cter del mismo; el propio Lehendakari Agirre y D. Manuel de Irujo, la ant\u00edtesis absoluta de lo que Laura Mintegi y sus corifeos representan.<\/p>\n<p style=\"text-align: justify\">Y rebuscando entre aquellas viejas lecturas que marcaron mi militancia pol\u00edtica encontr\u00e9 estas citas de aquel tr\u00e1gico GABON de la nochebuena de 1939 reci\u00e9n acabadala Guerra Civily con el Lehendakari ya en el exilio\u2026<\/p>\n<p style=\"text-align: justify\"><em>\u201cA pesar de lo sufrido, a pesar de las injusticias con nosotros cometidas; a pesar de la destrucci\u00f3n que han tra\u00eddo los enemigos de la Patria a nuestro suelo; a pesar de la ceguera de algunos de nuestros hermanos, que jam\u00e1s quisieron comprender que en la uni\u00f3n nacional vasca, dentro de nuestro pueblo, est\u00e1n las virtudes curativas de tantos males que quieren buscar fuera de nuestras fronteras; a pesar de la situaci\u00f3n desastrosa a la que todo ello ha conducido a nuestro pueblo, yo os ruego, con todo el fervor de que pueda ser capaz, que no exista ni un rescoldo de rencor en vuestro coraz\u00f3n, porque jam\u00e1s podremos construir nuestro pueblo sobre la base de la violencia y el odio\u201d.<\/em><\/p>\n<p style=\"text-align: justify\">Donde Agirre deja meridianamente claros los tres ejes en que bas\u00f3 su trayectoria pol\u00edtica y humana; el perd\u00f3n y la generosidad, la b\u00fasqueda de las soluciones pol\u00edticas para este pa\u00eds en su propia trayectoria hist\u00f3rica y no en soluciones de \u201cfuera de nuestras fronteras\u201d y que nos son ajenas, y en la paz, el di\u00e1logo y el trabajo diario como las herramientas de construcci\u00f3n nacional.<\/p>\n<p style=\"text-align: justify\">Que m\u00e1s quisi\u00e9ramos los vascos de hoy que aquellos que desde el rencor y la venganza, con soluciones pol\u00edticas periclitadas que nos son ajenas y extra\u00f1as y que han usado la violencia hasta la nausea como herramienta de destrucci\u00f3n nacional y han proporcionado la coartada perfecta para que aquellos que no creen en Euzkadi hayan manchado nuestra propia causa, hubieran tenido una sola vez, en su ya larga trayectoria pol\u00edtica, la tentaci\u00f3n de mirarse en el espejo de Agirre.<\/p>\n<p style=\"text-align: justify\">Pero en su af\u00e1n\u00a0 de actuar desde la m\u00e1s absoluta impunidad e hipocres\u00eda olvidan la segunda parte de aquel mensaje del Lehendakari:<\/p>\n<p style=\"text-align: justify\"><em>\u201cAh!, pero tampoco la injusticia habr\u00e1 de ser nuestro patrimonio Ni inmunidad para aquellos, sean quienes sean, que tengan sus manos manchadas con el dolor y la sangre de tantas v\u00edctimas, ni venganzas que con su estela de rencores no puedan sino aumentar el dolor ya causado. Podemos decir esto los hombres que representando al pa\u00eds aut\u00e9nticamente, tenemos limpias nuestras manos, como las tiene todo nuestro pueblo sano y generoso. El que cometi\u00f3 crimen no es digno de llevar el nombre de vasco.\u201d<\/em><\/p>\n<p style=\"text-align: justify\">Hora es ya de que la paz llegue a este pa\u00eds y retomemos el camino que nos marcaron\u00a0 pero, tanto en aquella infausta noche del 39 como hoy, nuestras soluciones como naci\u00f3n siguen sin estar lejos de nuestras fronteras y solo lo podremos conseguir desde el respeto a quien no piensa como nosotros, desde el di\u00e1logo y desde el trabajo diario, y sobre todo, poniendo la dignidad humana por delante de cualquier proyecto pol\u00edtico. Esa es la lecci\u00f3n que Laura Mintegi deber\u00e1 aprender antes de que su pr\u00f3xima foto en el balc\u00f3n de la lehendakaritza nos haga sonrojar a todos.<\/p>\n<p style=\"text-align: justify\"><strong><em>Ander Muruzabal<\/em><\/strong><\/p>\n","protected":false},"excerpt":{"rendered":"<p>\u00a0 \u00a0 \u201cEl que cometi\u00f3 crimen no es digno de llevar el nombre de vasco\u201d Mensaje de Gabon del 24 de diciembre de 1939, Jose Antonio Agirre Tengo que reconocer que mi primera reacci\u00f3n ante la \u201cpayasada\u201d perpetrada por EHBildu hace unos d\u00edas en el Hotel Carlton de Bilbao fue de indignaci\u00f3n absoluta, no tanto &hellip; <a href=\"https:\/\/blogs.noticiasdenavarra.com\/nafarherria\/2012\/09\/05\/lehendakari-bildu\/\" class=\"more-link\">Sigue leyendo <span class=\"screen-reader-text\">Lehendakari Bildu<\/span><\/a><\/p>\n","protected":false},"author":71,"featured_media":0,"comment_status":"open","ping_status":"open","sticky":false,"template":"","format":"standard","meta":{"footnotes":""},"categories":[182,183,185,186,187,248],"tags":[1440,199,212,3007,3008,1441,240],"class_list":["post-340","post","type-post","status-publish","format-standard","hentry","category-eaj-pnv","category-elecciones-euskadi","category-gobierno-vasco","category-izquierda-abertzale","category-nacionalismo-vasco","category-soberania","tag-agirre","tag-bildu","tag-euskadi","tag-gobierno-vasco","tag-izquierda-abertzale","tag-mintegi","tag-pnv"],"_links":{"self":[{"href":"https:\/\/blogs.noticiasdenavarra.com\/nafarherria\/wp-json\/wp\/v2\/posts\/340","targetHints":{"allow":["GET"]}}],"collection":[{"href":"https:\/\/blogs.noticiasdenavarra.com\/nafarherria\/wp-json\/wp\/v2\/posts"}],"about":[{"href":"https:\/\/blogs.noticiasdenavarra.com\/nafarherria\/wp-json\/wp\/v2\/types\/post"}],"author":[{"embeddable":true,"href":"https:\/\/blogs.noticiasdenavarra.com\/nafarherria\/wp-json\/wp\/v2\/users\/71"}],"replies":[{"embeddable":true,"href":"https:\/\/blogs.noticiasdenavarra.com\/nafarherria\/wp-json\/wp\/v2\/comments?post=340"}],"version-history":[{"count":4,"href":"https:\/\/blogs.noticiasdenavarra.com\/nafarherria\/wp-json\/wp\/v2\/posts\/340\/revisions"}],"predecessor-version":[{"id":347,"href":"https:\/\/blogs.noticiasdenavarra.com\/nafarherria\/wp-json\/wp\/v2\/posts\/340\/revisions\/347"}],"wp:attachment":[{"href":"https:\/\/blogs.noticiasdenavarra.com\/nafarherria\/wp-json\/wp\/v2\/media?parent=340"}],"wp:term":[{"taxonomy":"category","embeddable":true,"href":"https:\/\/blogs.noticiasdenavarra.com\/nafarherria\/wp-json\/wp\/v2\/categories?post=340"},{"taxonomy":"post_tag","embeddable":true,"href":"https:\/\/blogs.noticiasdenavarra.com\/nafarherria\/wp-json\/wp\/v2\/tags?post=340"}],"curies":[{"name":"wp","href":"https:\/\/api.w.org\/{rel}","templated":true}]}}