{"id":326,"date":"2012-06-13T10:30:49","date_gmt":"2012-06-13T10:30:49","guid":{"rendered":"http:\/\/blogs.noticiasdenavarra.com\/nafarherria\/?p=326"},"modified":"2012-06-13T10:33:19","modified_gmt":"2012-06-13T10:33:19","slug":"gu-gaurko-euskaldunok","status":"publish","type":"post","link":"https:\/\/blogs.noticiasdenavarra.com\/nafarherria\/2012\/06\/13\/gu-gaurko-euskaldunok\/","title":{"rendered":"Gu gaurko euskaldunok\u2026"},"content":{"rendered":"<p style=\"text-align: justify\"><em>\u00abGu gaurko euskaldunok gure aitasoen illezkorren oroipenean, bildi gera emen gure legea gorde nai degula erakusteko\u201d <\/em><\/p>\n<p style=\"text-align: justify\"><em>\u00abNosotros, los vascos de hoy, nos hemos reunido aqu\u00ed en inmortal recuerdo de nuestros antepasados, para demostrar que queremos seguir manteniendo nuestra ley\u00bb.<\/em><\/p>\n<p style=\"text-align: right\"><strong><em>El pueblo de Navarra en 1893. <\/em><\/strong><strong><em>Monumento a los Fueros. Iru\u00f1a<\/em><\/strong><\/p>\n<p style=\"text-align: justify\" align=\"right\"><a href=\"http:\/\/blogs.noticiasdenavarra.com\/nafarherria\/files\/2012\/01\/Fuero.jpg\"><img loading=\"lazy\" decoding=\"async\" class=\"alignleft size-thumbnail wp-image-266\" src=\"http:\/\/blogs.noticiasdenavarra.com\/nafarherria\/files\/2012\/01\/Fuero-150x150.jpg\" alt=\"\" width=\"150\" height=\"150\" \/><\/a>El pr\u00f3ximo s\u00e1bado la plataforma Nafarroabizirik ha convocado a todos los navarros de ambos lados del Bidasoa en lo que denominanla Gran MarchaNacionalNavarra en conmemoraci\u00f3n del 5\u00ba Centenario de la Conquista violenta del Reino de Navarra por las tropas castellanas de Fernando El Cat\u00f3lico.<\/p>\n<p style=\"text-align: justify\">\u00a0Bien esta, y en esto no queda m\u00e1s que reconocer la ingente labor desarrollada por las recientes generaciones de historiadores navarros, recuperar nuestra historia real, que al igual que nuestra cultura o nuestras ra\u00edces jur\u00eddico-pol\u00edticas as\u00ed como nuestras originales formas de socializaci\u00f3n han sido progresivamente suplantadas y no sin la inestimable ayuda de algunos de los navarros m\u00e1s influyentes del \u00faltimo siglo; \u201cun pueblo que no recuerda su historia corre el riesgo de repetirla\u201d, pero no caigamos en la tentaci\u00f3n de hipotecar nuestro futuro a unos hechos que ocurrieron hace m\u00e1s de cinco siglos. Los navarros de entonces tuvieron su oportunidad, los navarros de hoy tenemos la nuestra.<\/p>\n<p style=\"text-align: justify\"><!--more-->En 2012, hoy, quinientos a\u00f1os despu\u00e9s, Navarra lastrada por la cr\u00edsis econ\u00f3mica a que nos ha llevado la dejaci\u00f3n de nuestro autogobierno protagonizada por quienes no han cre\u00eddo nunca en esta tierra y tienen sus centros de decisi\u00f3n mucho m\u00e1s abajo del Ebro, est\u00e1 a punto de sufrir una \u201cconquista\u201d mucho peor que la de 1512, la \u00faltima p\u00e1gina antes de que pase definitivamente a la estanter\u00eda de la historia.<\/p>\n<p style=\"text-align: justify\">La subordinaci\u00f3n constitucional, el despiece del autogobierno fiscal, la liquidaci\u00f3n de nuestras instituciones financieras, la limitaci\u00f3n de competencias, el abandono de la educaci\u00f3n y la cultura propias no son sino los \u00faltimos pasos para nuestra total asimilaci\u00f3n, algo que nos ligar\u00e1 definitivamente a un proyecto nacional fracasado y ajeno.<\/p>\n<p style=\"text-align: justify\">A cambio, nuestra conciencia nacional parece estar ligada a historicismos, reales o no pero que en todo caso poco tienen que ver con el estado que ellos reivindican, de quienes quieren aprovechar lo que sucedi\u00f3 hace m\u00e1s de 500 a\u00f1os para, en un determinismo digno de mejor causa, crear una naci\u00f3n con unos postulados y una organizaci\u00f3n social tan ajena a nosotros mismos como la que pretenden denunciar y que al parecer nos viene impuesta desde no se que vocaci\u00f3n universal impuesta a nuestra propia voluntad.<\/p>\n<p style=\"text-align: justify\">Desde el \u201cdestino hisp\u00e1nico\u201d de quien dice ostentar el Principado de Asturias ala Euskal HerriaSocialistabasada en el estado Basc\u00f3n primigenio, todos parecen querer olvidar lo que pensamos y lo que queremos los vascos de hoy, los navarros de hoy\u2026<\/p>\n<p style=\"text-align: justify\">Uno de nuestros \u201cautores olvidados\u201d, Angel Sagaseta, ya lo formul\u00f3 en 1839, cuando de verdad comienza nuestro proceso de desintegraci\u00f3n del Estado Navarro.<\/p>\n<p style=\"text-align: justify\">\u201cNavarra es por definici\u00f3n un estado constitucional, los fueros han permitido un control del poder real y una separaci\u00f3n de poderes, desde hace siglos. Si las formas y estructuras se han quedado anticuadas las <em>Cortes con el Rey<\/em> son la instituci\u00f3n leg\u00edtima para realizar los cambios. Navarra ten\u00eda y tiene capacidad constituyente y someterse a una ley ajena, como la Constituci\u00f3n espa\u00f1ola de 1837 (Lo mismo, por supuesto, es aplicable a la del 78), supone la destrucci\u00f3n misma de sus fueros\u201d.<\/p>\n<p style=\"text-align: justify\">Y ese precisamente es el reto de los navarros de hoy, dotar a Navarra de una Constituci\u00f3n propia acorde consigo misma y desde su capacidad constituyente como sujeto de decisi\u00f3n pol\u00edtica. Ya no caben medias tintas, la salida de la crisis econ\u00f3mica y la construcci\u00f3n europea \u00a0son desaf\u00edos que los navarros no podemos dejar en manos ajenas so pena de dejar de serlo.<\/p>\n<p style=\"text-align: justify\">Es hora de recuperar el viejo lema de los Infanzones de Obanos \u201cPro libertate patria, gens libera estate\u201d \u201cHombres libres en una patria libre\u201d y definir nuestro propio futuro sin complejos y sin r\u00e9moras hist\u00f3ricas, desde nuestro autogobierno secular.<\/p>\n<p style=\"text-align: justify\"><em>\u201cGu euskaldunok beste Jaun eztegu jaungoikoa baizik. Atzekoari estatua ematen degu onirizkero baino eztegu nai aien uztarria jazan. Aditu ezazue ondo, gure semeak\u201d<\/em><\/p>\n<p style=\"text-align: justify\"><em>\u00abNosotros los vascos, no tenemos m\u00e1s se\u00f1or que Dios. Al extranjero le damos acogedora hospitalidad, pero no queremos soportar su yugo. Oidlo bien, hijos nuestros\u00bb.<\/em><\/p>\n<p style=\"text-align: right\" align=\"right\"><strong><em>El pueblo de Navarra en 1893. <\/em><\/strong><strong><em>Monumento a los Fueros. Iru\u00f1a<\/em><\/strong><\/p>\n<p style=\"text-align: justify\">Ese es el legado de nuestros antepasados, nuestra Ley y nuestra propia capacidad como hombres libres de cambiarla.<\/p>\n<p style=\"text-align: justify\"><strong><em>Ander Muruzabal<\/em><\/strong><strong><em><\/em><\/strong><\/p>\n","protected":false},"excerpt":{"rendered":"<p>\u00abGu gaurko euskaldunok gure aitasoen illezkorren oroipenean, bildi gera emen gure legea gorde nai degula erakusteko\u201d \u00abNosotros, los vascos de hoy, nos hemos reunido aqu\u00ed en inmortal recuerdo de nuestros antepasados, para demostrar que queremos seguir manteniendo nuestra ley\u00bb. El pueblo de Navarra en 1893. Monumento a los Fueros. Iru\u00f1a El pr\u00f3ximo s\u00e1bado la plataforma &hellip; <a href=\"https:\/\/blogs.noticiasdenavarra.com\/nafarherria\/2012\/06\/13\/gu-gaurko-euskaldunok\/\" class=\"more-link\">Sigue leyendo <span class=\"screen-reader-text\">Gu gaurko euskaldunok\u2026<\/span><\/a><\/p>\n","protected":false},"author":71,"featured_media":0,"comment_status":"open","ping_status":"open","sticky":false,"template":"","format":"standard","meta":{"footnotes":""},"categories":[203,295,186,187,192,248,284,258],"tags":[1432,1433,3015,1434,1430,1431,3017,3020],"class_list":["post-326","post","type-post","status-publish","format-standard","hentry","category-constitucion","category-crisis","category-izquierda-abertzale","category-nacionalismo-vasco","category-politica-navarra","category-soberania","category-sociorregionalismo","category-upn","tag-1432","tag-5o-centenario","tag-fuero","tag-ia","tag-nacionalismo-vasco-2","tag-nafarroa-bizirik","tag-navarra","tag-upn"],"_links":{"self":[{"href":"https:\/\/blogs.noticiasdenavarra.com\/nafarherria\/wp-json\/wp\/v2\/posts\/326","targetHints":{"allow":["GET"]}}],"collection":[{"href":"https:\/\/blogs.noticiasdenavarra.com\/nafarherria\/wp-json\/wp\/v2\/posts"}],"about":[{"href":"https:\/\/blogs.noticiasdenavarra.com\/nafarherria\/wp-json\/wp\/v2\/types\/post"}],"author":[{"embeddable":true,"href":"https:\/\/blogs.noticiasdenavarra.com\/nafarherria\/wp-json\/wp\/v2\/users\/71"}],"replies":[{"embeddable":true,"href":"https:\/\/blogs.noticiasdenavarra.com\/nafarherria\/wp-json\/wp\/v2\/comments?post=326"}],"version-history":[{"count":2,"href":"https:\/\/blogs.noticiasdenavarra.com\/nafarherria\/wp-json\/wp\/v2\/posts\/326\/revisions"}],"predecessor-version":[{"id":329,"href":"https:\/\/blogs.noticiasdenavarra.com\/nafarherria\/wp-json\/wp\/v2\/posts\/326\/revisions\/329"}],"wp:attachment":[{"href":"https:\/\/blogs.noticiasdenavarra.com\/nafarherria\/wp-json\/wp\/v2\/media?parent=326"}],"wp:term":[{"taxonomy":"category","embeddable":true,"href":"https:\/\/blogs.noticiasdenavarra.com\/nafarherria\/wp-json\/wp\/v2\/categories?post=326"},{"taxonomy":"post_tag","embeddable":true,"href":"https:\/\/blogs.noticiasdenavarra.com\/nafarherria\/wp-json\/wp\/v2\/tags?post=326"}],"curies":[{"name":"wp","href":"https:\/\/api.w.org\/{rel}","templated":true}]}}