{"id":311,"date":"2012-03-21T12:24:59","date_gmt":"2012-03-21T12:24:59","guid":{"rendered":"http:\/\/blogs.noticiasdenavarra.com\/nafarherria\/?p=311"},"modified":"2012-03-21T12:24:59","modified_gmt":"2012-03-21T12:24:59","slug":"el-bambu-y-la-crisis-con-caracter-hispano","status":"publish","type":"post","link":"https:\/\/blogs.noticiasdenavarra.com\/nafarherria\/2012\/03\/21\/el-bambu-y-la-crisis-con-caracter-hispano\/","title":{"rendered":"El bamb\u00fa y la crisis con car\u00e1cter hispano"},"content":{"rendered":"<p style=\"text-align: center\"><em>\u201cNadie sabe en este momento por qu\u00e9 se hacen las cosas\u2026 \u00bfqui\u00e9n ha decidido y basado en qu\u00e9, que eso es bueno?&#8230; Existe una falta de transparencia en las decisiones de arriba y vamos a pagar las consecuencias, porque estamos haciendo cosas important\u00edsimas sin saber por qu\u00e9 las hacemos\u201d. <\/em><\/p>\n<p style=\"text-align: right\"><strong>\u00c1lvaro Miranda<\/strong><\/p>\n<p style=\"text-align: justify\"><a href=\"http:\/\/blogs.noticiasdenavarra.com\/nafarherria\/files\/2012\/03\/Bambu.jpg\"><img loading=\"lazy\" decoding=\"async\" class=\"alignleft size-thumbnail wp-image-312\" src=\"http:\/\/blogs.noticiasdenavarra.com\/nafarherria\/files\/2012\/03\/Bambu-150x150.jpg\" alt=\"\" width=\"150\" height=\"150\" \/><\/a>Algo muy curioso sucede con el bamb\u00fa japon\u00e9s que lo hace diferente del resto de plantas. Cuando en el pa\u00eds del sol naciente los agricultores siembran lo siembran, abonan la tierra y comienzan a regarla, aparentemente no ocurre nada durante las primeras semanas, meses y a\u00f1os. Nada brota, ni la m\u00e1s m\u00ednima brizna que nos haga creer que all\u00ed se ha plantado esta especie bot\u00e1nica. Sin embargo, no por ello los japoneses dejan de regar el terreno durante todo ese tiempo. Pasados 7 a\u00f1os, el bamb\u00fa comienza a crecer y en tan solo seis semanas alcanza una altura de 30 metros. Durante todo ese per\u00edodo, en el que aparentemente no pasaba nada, el bamb\u00fa estaba generando un complejo y profundo sistema de ra\u00edces que le permitir\u00e1n sostener el r\u00e1pido y vertiginoso crecimiento posterior. Los japoneses aseguran que, si te sientas, puedes ver crecer el bamb\u00fa. \u00bfOs imagin\u00e1is eso con cualquier otro tipo de planta?<\/p>\n<p style=\"text-align: justify\"><strong><!--more-->Las ra\u00edces<\/strong><\/p>\n<p style=\"text-align: justify\">Algo parecido sucede con la actual crisis econ\u00f3mica. Durante d\u00e9cadas hemos asistido a la progresiva desregulaci\u00f3n del sector financiero y a la permisividad con la que han actuado responsables pol\u00edticos de todo el planeta cuando no han impulsado este tipo de pr\u00e1cticas, desde la \u00e9poca de Reagan, que promueven la ingenier\u00eda y la econom\u00eda especulativa por encima de la productiva. Gracias a la globalizaci\u00f3n y a las nuevas tecnolog\u00edas sus ra\u00edces se expandieron por todo el mundo, y la ausencia de reglas contribuy\u00f3 a que \u00e9stas se hicieran m\u00e1s fuertes y profundas, ya saben la codicia no conoce de l\u00edmites ni fronteras.<\/p>\n<p style=\"text-align: justify\">En el caso del \u00a0estado espa\u00f1ol, las ra\u00edces del bosque de bamb\u00fa tienen sus propias peculiaridades que las hacen especialmente frondosas. \u00a0Durante a\u00f1os hubo quienes se encargaron de regarlas y abonarlas con especial mimo, raz\u00f3n por la cual esta planta crece con especial virulencia en territorio hispano. La apuesta por el ladrillo frente a la creaci\u00f3n de empleo estable y de calidad acab\u00f3 generando una aut\u00e9ntica burbuja inmobiliaria, entre 1998 y 2007 el parque de viviendas creci\u00f3 en 5,7 millones, un 30%. La obra p\u00fablica se dispar\u00f3 de manera parecida, se construyeron aeropuertos, l\u00edneas de Alta Velocidad apenas utilizadas o circuitos como el de los Arcos. Durante una visita a Espa\u00f1a, el secretario de Transportes de Estados Unidos, Ray Lahood espet\u00f3 al ministro de Fomento, Jos\u00e9 Blanco: \u201cUstedes deben de ser muy ricos, nosotros no podemos permitirnos esta inversi\u00f3n\u201d. Lo que nos vendieron como un milagro econ\u00f3mico se ha quedado en un puro espejismo.<\/p>\n<p style=\"text-align: justify\">La Comunidad Foral \u201cpionera en Europa y a nivel mundial\u201d, seg\u00fan la propaganda oficial del r\u00e9gimen, no pod\u00eda permanecer ajena a este fen\u00f3meno y al circuito de los Arcos hay que sumarle el Plan Navarra 2012, la ampliaci\u00f3n de la terminal del Aeropuerto de No\u00e1in, que por el m\u00f3dico precio de 42 millones de euros ha visto como el n\u00famero de pasajeros ha bajado a la mitad en tan solo 3 a\u00f1os, o el \u201cfabuloso\u201d estadio que nos est\u00e1n construyendo junto al Sadar que cuando tenga dinero el gobierno ya lo terminar\u00e1n, etc. etc. etc. A esto hay que a\u00f1adir el peaje en la sombra y las triqui\u00f1uelas de \u00c1lvaro Miranda a la hora de redactar unas cuentas que \u00a1qu\u00e9 lastima! no se hab\u00edan realizado conforme a los criterios de las personas y entidades encargadas de evaluarlas. Eso s\u00ed bajo el punto de vista propagand\u00edstico todo era \u00a1tan bonito!<\/p>\n<p style=\"text-align: justify\"><strong>Pasa el tiempo<\/strong><\/p>\n<p style=\"text-align: justify\">Como consecuencia de estas pol\u00edticas lleg\u00f3 lo inevitable, un d\u00eda el bamb\u00fa empez\u00f3 a crecer, se dispar\u00f3 el paro, descendi\u00f3 la recaudaci\u00f3n y los pol\u00edticos comenzaron a preocuparse por el d\u00e9ficit generado por sus propios excesos. En un primer momento alg\u00fan irresponsable neg\u00f3 incluso que hubiera crisis. M\u00e1s tarde intentaron convencernos de que \u201cla \u00fanica salida\u201d son los recortes y que debemos renunciar a derechos que ha costado d\u00e9cadas y descomunal esfuerzo conseguir, que as\u00ed se crear\u00e1 empleo. En Navarra, sirva como ejemplo, el gobierno de UPN-PSN no tiene ning\u00fan empacho a la hora de compatibilizar recortes con dietas y sobresueldos.<\/p>\n<p style=\"text-align: justify\">Recortes que no se aplican a la banca, a la que se sigue inyectando ingentes cantidades de dinero p\u00fablico, 1 bill\u00f3n de euros durante los \u00faltimos 3 meses en la UE, so pretexto de que as\u00ed, el cr\u00e9dito que nos ayudar\u00e1 a solucionar este grave problema comenzar\u00e1 a fluir. Lo cierto es que llevamos a\u00f1os viendo c\u00f3mo se aplican id\u00e9nticas medidas con id\u00e9nticos resultados. Mientras sigamos regando y abonando la planta de bamb\u00fa, \u00e9sta no va a parar de crecer.<\/p>\n<p style=\"text-align: justify\">Acaso no ser\u00eda mejor, y mucho m\u00e1s efectivo, ir a las ra\u00edces del problema y ya de paso hacer pagar a los responsables de tanto desaguisado. \u00bfAhora bien, qui\u00e9n le pone el cascabel al gato? No parece que haya nadie con los suficientes arrestos.<\/p>\n<p style=\"text-align: justify\">Tampoco los sindicatos espa\u00f1oles, UGT y CC.OO., est\u00e1n para dar ejemplo a nadie. Durante a\u00f1os han apostado, y siguen haci\u00e9ndolo, por la concertaci\u00f3n, que en el fondo se traduce en un mayor reconocimiento institucional, en Navarra con medalla de oro incluida, y unas jugosas subvenciones a cambio de apoyar las pol\u00edticas del gobierno (y en muchas ocasiones tambi\u00e9n de la patronal) renunciando as\u00ed a defender los derechos de los trabajadores. Los sueldos mileuristas, la precariedad laboral, etc. nunca ha sido para ellos una prioridad, sin embargo, ahora que parece que ven peligrar gran parte de las subvenciones que reciben por impartir cursos de formaci\u00f3n y ya no van a poder cobrar por negociar los ERE\u2019s nos llaman a todos a movilizarnos el pr\u00f3ximo 29 de marzo. No parecen los m\u00e1s indicados para sujetar la pancarta al frente de ninguna manifestaci\u00f3n.<\/p>\n<p style=\"text-align: justify\">Qu\u00e9 decir del PSN socio presupuestario de UPN, siempre que \u00e9ste le ha necesitado, y ahora tambi\u00e9n socio de gobierno; c\u00f3mplice antes y ahora de las pol\u00edticas m\u00e1s neoliberales que se aplican en Europa, por mucho que alguno se empe\u00f1e en colocar al \u201cesp\u00edritu\u201d de su secretario general en cabeza de no s\u00e9 qu\u00e9 movilizaci\u00f3n. Esta \u201ccrisis\u201d comienza a parecerse cada vez m\u00e1s a una estafa. El propio consejero de Econom\u00eda y Hacienda, \u00c1lvaro Miranda, asegura en unas declaraciones realizadas recientemente: \u201cNadie sabe en este momento por qu\u00e9 se hacen las cosas\u2026 \u00bfqui\u00e9n ha decidido y basado en qu\u00e9, que eso es bueno?&#8230; Existe una falta de transparencia en las decisiones de arriba y vamos a pagar las consecuencias, porque estamos haciendo cosas important\u00edsimas sin saber por qu\u00e9 las hacemos\u201d. Estoy seguro, Sr. Miranda, que algunos (los que realmente mandan) s\u00ed que saben lo que est\u00e1n haciendo, lo preocupante es que haya \u201cresponsables\u201d pol\u00edticos como usted que no lo tengan tan claro.<\/p>\n<p style=\"text-align: justify\">\u00a0<strong>\u00bfQu\u00e9 hacemos con tanto bamb\u00fa?<\/strong><\/p>\n<p style=\"text-align: justify\">A nivel internacional el Estado espa\u00f1ol se ha convertido en sin\u00f3nimo de desempleo. Seguir vinculado al mismo y a sus formas de hacer pol\u00edtica no nos augura sino un futuro de paro y empobrecimiento colectivo. En los pr\u00f3ximos a\u00f1os no solo no se va a crear empleo sino que el ya existe se va a volver m\u00e1s precario, peor pagado y m\u00e1s inestable (temporal, flexible, etc.). \u00bfExiste alguna alternativa? S\u00ed, la respuesta es m\u00e1s autogobierno, bien empleado puede y debe servirnos para lograr el bienestar que se merecen las personas \u201ccon cara y ojos\u201d, en vez de condenarles a tanta miseria. \u201cSmall is beautiful\u201d, escribi\u00f3 el intelectual y economista Schumacher, lo hemos visto estos d\u00edas en Finlandia, uno de los pa\u00edses m\u00e1s peque\u00f1os en cuanto a poblaci\u00f3n de la Uni\u00f3n Europea, con tan solo 5 millones de habitantes. Mientras Espa\u00f1a aprobaba una reforma laboral que supone uno de los mayores retrocesos que nadie sea capaz de imaginar en cuanto a derechos reconocidos se refiere, Finlandia, gobernada por un partido conservador, aprobaba otra reforma que garantiza mayor protecci\u00f3n social a sus trabajadores y a los desempleados. \u00bfPasar\u00e1 la soluci\u00f3n por separarse de Espa\u00f1a o por encontrar un marco jur\u00eddico m\u00e1s similar al modelo federal? Considero que al menos tenemos derecho a hacernos esta pregunta, especialmente viendo la que est\u00e1 cayendo y lo que queda.<\/p>\n<p><strong>Mikel Landiribarre<\/strong><\/p>\n","protected":false},"excerpt":{"rendered":"<p>\u201cNadie sabe en este momento por qu\u00e9 se hacen las cosas\u2026 \u00bfqui\u00e9n ha decidido y basado en qu\u00e9, que eso es bueno?&#8230; Existe una falta de transparencia en las decisiones de arriba y vamos a pagar las consecuencias, porque estamos haciendo cosas important\u00edsimas sin saber por qu\u00e9 las hacemos\u201d. \u00c1lvaro Miranda Algo muy curioso sucede &hellip; <a href=\"https:\/\/blogs.noticiasdenavarra.com\/nafarherria\/2012\/03\/21\/el-bambu-y-la-crisis-con-caracter-hispano\/\" class=\"more-link\">Sigue leyendo <span class=\"screen-reader-text\">El bamb\u00fa y la crisis con car\u00e1cter hispano<\/span><\/a><\/p>\n","protected":false},"author":71,"featured_media":0,"comment_status":"open","ping_status":"open","sticky":false,"template":"","format":"standard","meta":{"footnotes":""},"categories":[295,294,274,258],"tags":[297,3024,296,3020],"class_list":["post-311","post","type-post","status-publish","format-standard","hentry","category-crisis","category-economia","category-gobierno-de-navarra","category-upn","tag-crisis-2","tag-gobierno-de-navarra","tag-miranda","tag-upn"],"_links":{"self":[{"href":"https:\/\/blogs.noticiasdenavarra.com\/nafarherria\/wp-json\/wp\/v2\/posts\/311","targetHints":{"allow":["GET"]}}],"collection":[{"href":"https:\/\/blogs.noticiasdenavarra.com\/nafarherria\/wp-json\/wp\/v2\/posts"}],"about":[{"href":"https:\/\/blogs.noticiasdenavarra.com\/nafarherria\/wp-json\/wp\/v2\/types\/post"}],"author":[{"embeddable":true,"href":"https:\/\/blogs.noticiasdenavarra.com\/nafarherria\/wp-json\/wp\/v2\/users\/71"}],"replies":[{"embeddable":true,"href":"https:\/\/blogs.noticiasdenavarra.com\/nafarherria\/wp-json\/wp\/v2\/comments?post=311"}],"version-history":[{"count":1,"href":"https:\/\/blogs.noticiasdenavarra.com\/nafarherria\/wp-json\/wp\/v2\/posts\/311\/revisions"}],"predecessor-version":[{"id":313,"href":"https:\/\/blogs.noticiasdenavarra.com\/nafarherria\/wp-json\/wp\/v2\/posts\/311\/revisions\/313"}],"wp:attachment":[{"href":"https:\/\/blogs.noticiasdenavarra.com\/nafarherria\/wp-json\/wp\/v2\/media?parent=311"}],"wp:term":[{"taxonomy":"category","embeddable":true,"href":"https:\/\/blogs.noticiasdenavarra.com\/nafarherria\/wp-json\/wp\/v2\/categories?post=311"},{"taxonomy":"post_tag","embeddable":true,"href":"https:\/\/blogs.noticiasdenavarra.com\/nafarherria\/wp-json\/wp\/v2\/tags?post=311"}],"curies":[{"name":"wp","href":"https:\/\/api.w.org\/{rel}","templated":true}]}}