{"id":308,"date":"2012-03-20T12:03:52","date_gmt":"2012-03-20T12:03:52","guid":{"rendered":"http:\/\/blogs.noticiasdenavarra.com\/nafarherria\/?p=308"},"modified":"2012-03-22T07:59:36","modified_gmt":"2012-03-22T07:59:36","slug":"viva-la-pepa","status":"publish","type":"post","link":"https:\/\/blogs.noticiasdenavarra.com\/nafarherria\/2012\/03\/20\/viva-la-pepa\/","title":{"rendered":"\u00bfViva La Pepa?"},"content":{"rendered":"<p style=\"text-align: center\"><em>\u201cLos dos conceptos, soberan\u00eda y absolutismo, fueron forjados juntos sobre el mismo yunque. Los dos deben ser pulverizados juntos.\u201d <\/em><\/p>\n<p style=\"text-align: right\"><strong>Jacques Maritain<\/strong><\/p>\n<p style=\"text-align: justify\"><em><a href=\"http:\/\/blogs.noticiasdenavarra.com\/nafarherria\/files\/2012\/03\/la-pepa.jpg\"><img loading=\"lazy\" decoding=\"async\" class=\"alignleft size-thumbnail wp-image-309\" src=\"http:\/\/blogs.noticiasdenavarra.com\/nafarherria\/files\/2012\/03\/la-pepa-150x150.jpg\" alt=\"\" width=\"150\" height=\"150\" \/><\/a>La Constituci\u00f3n de Navarra, como viva y en exercicio, no puede menos de llamar grandemente la atenci\u00f3n del Congreso.\u00a0 Ella ofrece un testimonio irrefragable contra los que se obstinan en creer extra\u00f1o lo que se observa hoy en una de las m\u00e1s felices y envidiables provincias del reyno, provincia en donde cuando el resto de la Naci\u00f3n no ofrec\u00eda m\u00e1s que un teatro uniforme en que se cumpl\u00eda sin contradicci\u00f3n la voluntad del Gobierno, hallaba \u00e9ste un antemural inexpugnable en que iban \u00e1 estrellarse sus \u00f3rdenes y providencias siempre que eran contra la ley \u00f3 pro comunal del reyno.\u00a0 <\/em><\/p>\n<p style=\"text-align: justify\"><strong>Discurso preliminar le\u00eddo en las Cortes al presentar la Comisi\u00f3n de Constituci\u00f3n el proyecto de ella (C\u00e1diz 1812)<\/strong><strong> <\/strong><\/p>\n<p style=\"text-align: justify\">Le\u00eda ayer en Diario de Noticias de Navarra los magn\u00edficos paneg\u00edricos que autores, sin duda, m\u00e1s doctos que yo dedicaban a \u201cLa Pepa\u201d origen de la modernidad pol\u00edtica de Espa\u00f1a y de la propia naci\u00f3n y, probablemente tambi\u00e9n, de la Espa\u00f1a inconclusa que a\u00fan a d\u00eda de hoy nos ha tocado sufrir.<\/p>\n<p style=\"text-align: justify\"><!--more-->No voy a entrar en este art\u00edculo en la antig\u00fcedad del concepto ciudadan\u00eda, ni en las caracter\u00edsticas \u201cfeudales\u201d de las constituciones vasconavarras y su institucionalizaci\u00f3n, ni siquiera en lo que otros ilustres constitucionalistas escribieron y pensaron de ellas algunos de ellos autores de constituciones m\u00e1s antiguas que aun y todo han llegado a nuestros d\u00edas, tampoco de tradiciones no constitucionalistas que han dado origen a reg\u00edmenes pol\u00edticos mucho m\u00e1s libres y democr\u00e1ticos creados m\u00e1s de quinientos a\u00f1os antes, creo que es suficiente con lo que pensaron los propios constitucionalistas gaditanos, que es con lo que encabezo este art\u00edculo.<\/p>\n<p style=\"text-align: justify\">Pero lo que si voy a hacer es fijarme en un concepto ampliamente jaleado por esos mismos panegiristas y que, por primera vez aparece en la Constituci\u00f3n de C\u00e1diz y que es el concepto de \u201csoberan\u00eda nacional\u201d, que ya desde 1812 fue cogido como el r\u00e1bano\u2026 por las hojas y que a\u00fan hoy sigue en tan curiosa postura sustentado democracias y libertades en Cuba, Venezuela o Korea, que hace no tanto sustentaba fascismos en Italia, Alemania o Portugal, hace resurgir populismos neofalangistas en nombre de la unidad, el progreso y la democracia o ha dado cobertura hasta hace escasos d\u00edas a los \u00faltimos terrorismo europeos.<\/p>\n<p style=\"text-align: justify\">Y es que la mal llamada soberan\u00eda nacional tal y como la entendieron en C\u00e1diz, y como a\u00fan hoy la entienden algunos, y algunas, pol\u00edticos espa\u00f1oles no es m\u00e1s que la transposici\u00f3n de un poder absoluto encarnado en una persona a un poder absoluto encarnado en un ente difuso y de dif\u00edcil cuantificaci\u00f3n y eso solo lleva al totalitarismo.<\/p>\n<p style=\"text-align: justify\">La verdadera soberan\u00eda, si quiere ser popular, no es posible construirla partiendo de hechos precedentes ni situaciones est\u00e1ticas y cerradas, ni puede ser sacralizada e inmutable, la verdadera soberan\u00eda popular se construye todos los d\u00edas en un proceso din\u00e1mico del que solo pueden ser titulares todos los ciudadanos y no a modo conjunto sino de forma individual, por adhesi\u00f3n de voluntades. La soberan\u00eda solo puede ser popular cuando se construye desde abajo, uno a uno, pueblo a pueblo por libre asociaci\u00f3n y sin ninguna cortapisa ni marco preconcebido, lo otro es imposici\u00f3n y absolutismo.<\/p>\n<p style=\"text-align: justify\">La identidad, la cultura, la lengua, la religi\u00f3n, la opci\u00f3n sexual incluso y la organizaci\u00f3n social son\u00a0 opciones que no se pueden sustraer a la voluntad individual y son el aut\u00e9ntico ejercicio de la libertad. El ciudadano como ser social tiene en la libertad de asociaci\u00f3n uno de los pilares de su libertad.<\/p>\n<p style=\"text-align: justify\">Por eso el igualitarismo trasnochado y populista de UPyD o la jaleada frase de Zapatero en el Congreso de los Diputados para dar carpetazo al Proyecto de Reforma del Estatuto Vasco presentado por Ibarretxe, el famoso \u201cjuntos vivimos, juntos decidimos\u201d tan jaleado por los sectores pseudoprogres del espa\u00f1olismo m\u00e1s rancio como por el populismo postfranquista y los nuevos falangistas no solo resultan pat\u00e9ticos sino profundamente antidemocr\u00e1ticos y absolutistas.<\/p>\n<p style=\"text-align: justify\">\u00bfSe habr\u00edan preguntado Zapatero, o 200 a\u00f1os antes, los constitucionalistas gaditanos si quer\u00edamos vivir juntos? Como,\u00a0 por otra parte, se preguntan con absoluta normalidad democr\u00e1tica, ingleses y escoceses o belgas franc\u00f3fonos y flamencos\u2026<\/p>\n<p style=\"text-align: justify\">As\u00ed pues, descanse en paz La Pepa que bastante da\u00f1o hizo en su corta trayectoria y hagamos algo desde abajo, sea constituci\u00f3n o no, pero desde la realidad y desde la libertad.<\/p>\n<p style=\"text-align: justify\"><strong><em>Ander Muruzabal<\/em><\/strong><\/p>\n","protected":false},"excerpt":{"rendered":"<p>\u201cLos dos conceptos, soberan\u00eda y absolutismo, fueron forjados juntos sobre el mismo yunque. Los dos deben ser pulverizados juntos.\u201d Jacques Maritain La Constituci\u00f3n de Navarra, como viva y en exercicio, no puede menos de llamar grandemente la atenci\u00f3n del Congreso.\u00a0 Ella ofrece un testimonio irrefragable contra los que se obstinan en creer extra\u00f1o lo que &hellip; <a href=\"https:\/\/blogs.noticiasdenavarra.com\/nafarherria\/2012\/03\/20\/viva-la-pepa\/\" class=\"more-link\">Sigue leyendo <span class=\"screen-reader-text\">\u00bfViva La Pepa?<\/span><\/a><\/p>\n","protected":false},"author":71,"featured_media":0,"comment_status":"open","ping_status":"open","sticky":false,"template":"","format":"standard","meta":{"footnotes":""},"categories":[203,248],"tags":[292,3015,291,293],"class_list":["post-308","post","type-post","status-publish","format-standard","hentry","category-constitucion","category-soberania","tag-constitucion-de-cadiz","tag-fuero","tag-la-pepa","tag-soberania-nacional"],"_links":{"self":[{"href":"https:\/\/blogs.noticiasdenavarra.com\/nafarherria\/wp-json\/wp\/v2\/posts\/308","targetHints":{"allow":["GET"]}}],"collection":[{"href":"https:\/\/blogs.noticiasdenavarra.com\/nafarherria\/wp-json\/wp\/v2\/posts"}],"about":[{"href":"https:\/\/blogs.noticiasdenavarra.com\/nafarherria\/wp-json\/wp\/v2\/types\/post"}],"author":[{"embeddable":true,"href":"https:\/\/blogs.noticiasdenavarra.com\/nafarherria\/wp-json\/wp\/v2\/users\/71"}],"replies":[{"embeddable":true,"href":"https:\/\/blogs.noticiasdenavarra.com\/nafarherria\/wp-json\/wp\/v2\/comments?post=308"}],"version-history":[{"count":2,"href":"https:\/\/blogs.noticiasdenavarra.com\/nafarherria\/wp-json\/wp\/v2\/posts\/308\/revisions"}],"predecessor-version":[{"id":315,"href":"https:\/\/blogs.noticiasdenavarra.com\/nafarherria\/wp-json\/wp\/v2\/posts\/308\/revisions\/315"}],"wp:attachment":[{"href":"https:\/\/blogs.noticiasdenavarra.com\/nafarherria\/wp-json\/wp\/v2\/media?parent=308"}],"wp:term":[{"taxonomy":"category","embeddable":true,"href":"https:\/\/blogs.noticiasdenavarra.com\/nafarherria\/wp-json\/wp\/v2\/categories?post=308"},{"taxonomy":"post_tag","embeddable":true,"href":"https:\/\/blogs.noticiasdenavarra.com\/nafarherria\/wp-json\/wp\/v2\/tags?post=308"}],"curies":[{"name":"wp","href":"https:\/\/api.w.org\/{rel}","templated":true}]}}