{"id":301,"date":"2012-02-22T12:29:03","date_gmt":"2012-02-22T12:29:03","guid":{"rendered":"http:\/\/blogs.noticiasdenavarra.com\/nafarherria\/?p=301"},"modified":"2012-02-22T12:29:03","modified_gmt":"2012-02-22T12:29:03","slug":"donde-esta-barcina","status":"publish","type":"post","link":"https:\/\/blogs.noticiasdenavarra.com\/nafarherria\/2012\/02\/22\/donde-esta-barcina\/","title":{"rendered":"\u00bfDonde est\u00e1 Barcina?"},"content":{"rendered":"<p style=\"text-align: justify\"><a href=\"http:\/\/blogs.noticiasdenavarra.com\/nafarherria\/files\/2012\/02\/Barcinaosb.png\"><img loading=\"lazy\" decoding=\"async\" class=\"alignleft size-full wp-image-302\" src=\"http:\/\/blogs.noticiasdenavarra.com\/nafarherria\/files\/2012\/02\/Barcinaosb.png\" alt=\"\" width=\"130\" height=\"369\" \/><\/a>Si algo ha caracterizado al estramb\u00f3tico gobierno que venimos padeciendo los navarros desde el pasado mayo ha sido el m\u00e1s que curioso reparto de papeles que han protagonizado sus dos principales protagonistas Yolanda y Roberto, Roberto y Yolanda, tanto monta, monta tanto\u2026<\/p>\n<p style=\"text-align: justify\">Si no era de esperar que un referente de lo que hemos dado en llamar el \u201caparato\u201d de su partido, martillo de herejes y progres varios a los que ha ido situando en la puerta de salida del Paseo Sarasate en su alocada carrera hacia la Secretaria General del Partido y con un protagonismo medi\u00e1tico m\u00e1s que discreto, se hiciese cargo de la ingrata labor de dar la cara por el \u201cinvento\u201d y menos con la que est\u00e1 cayendo y con las medidas tan poco sospechosas de socialismo con las que le ha tocado lidiar\u2026 Menos, a\u00fan, lo era el mutis por el foro que ha protagonizado Yolanda, tan acostumbrada ella al fulgor medi\u00e1tico y a ser el perejil de todas las salsas, y que anda desaparecida si exceptuamos las tertulias m\u00e1s \u201cchic\u201d de la capital de Espa\u00f1a y las m\u00e1s cutres, pero igual de rentables pol\u00edticamente, de la extrema derecha nacional-cat\u00f3lica, dejando a sus vicepresidentes a los pies de los caballos.<\/p>\n<p style=\"text-align: justify\"><!--more-->Por eso va a resultar altamente interesante el pr\u00f3ximo acto del sainete foral que comenz\u00f3 a escribirse ayer en la Carrera de San Jer\u00f3nimo con la firma de \u201cLa Hoja de Ruta\u201d para el fin de ETA que escenific\u00f3 la soledad absoluta de los que siguen empe\u00f1ados en sacar rendimiento pol\u00edtico al terrorismo, el neofalangismo de UPyD.<\/p>\n<p style=\"text-align: justify\">Aparcados pol\u00edticamente los argumentos habituales del imaginario regionalista; la venta de Navarra, el imperialismo vascongado y la injerencia perpetua que Barcina hered\u00f3 de sus ilustres antepasados y que hasta ahora hab\u00edan dado una rentabilidad y rendimiento inmejorable con un esfuerzo m\u00ednimo, la pregunta es \u00bfLiderar\u00e1 Barcina la participaci\u00f3n de Navarra y de UPN en el proceso de fin de ETA o volver\u00e1 UPN a la trinchera dejando en manos del PSN el protagonismo del proceso? \u00bfTiene Barcina talla pol\u00edtica y cintura para hacer tabla rasa de la herencia regionalista y reescribir el discurso de UPN en la nueva situaci\u00f3n?<\/p>\n<p style=\"text-align: justify\">Roberto Jim\u00e9nez lo tiene mucho m\u00e1s f\u00e1cil, como lo han tenido antes que \u00e9l todos los que se han sentado en la poltrona del Paseo Sarasate, salvo quiz\u00e1s Gabriel Urralburu que tuvo que tragarse el discurso propio, que este si, hab\u00eda construido para el socialismo navarro en aras de la famosa cuesti\u00f3n de estado. Desde entonces ning\u00fan dirigente socialista navarro ha tenido la m\u00e1s m\u00ednima autoridad ni capacidad de influencia en las decisiones de la Ejecutiva Federal, como bien pudo comprobar en sus propias carnes el frustrado y dimisionario Presidente Puras. Lo que diga Ferraz.<\/p>\n<p style=\"text-align: justify\">Pero\u2026 \u00bfY Barcina? La tentaci\u00f3n, apuntalada por su \u00faltimo compromiso electoral con el PP, de dejarse hacer por los populares y aislar a Navarra del proceso mirando para otro lado puede ser lo suficientemente fuerte para que alguien que ya ha demostrado su incapacidad para gobernar en dificultades, su ausencia es algunas veces clamorosa, caiga en ella\u2026 pero eso supondr\u00eda el definitivo entierro pol\u00edtico de UPN, incapaz siquiera de salir a la palestra por su \u00fanico motivo pol\u00edtico reconocido y reconocible.<\/p>\n<p style=\"text-align: justify\">El problema es que el bandazo Sanz\/Barcina \u2013 PSN\/PP \u2013 inspirado en la famosa estrategia del quesito ha dejado sin margen de maniobra a una UPN que en su af\u00e1n de controlar Navarra ha perdido el control hasta de su propio partido.<\/p>\n<p style=\"text-align: justify\">La frase de ayer en el Congreso a cargo del solitario diputado regionalista perdido en la bancada del grupo mixto, \u00e9l que hab\u00eda disfrutado de los oropeles y prebendas de los grupos mayoritarios, no pudo resultar m\u00e1s pat\u00e9tica:<\/p>\n<p style=\"text-align: center\"><em><strong>\u00abLamentamos el uso partidista de la moci\u00f3n de UPyD y la ruptura del consenso en materia antiterrorista\u00bb<\/strong><\/em><\/p>\n<p style=\"text-align: justify\">O\u00edda de boca de quienes han usado la \u201cmateria antiterrorista\u201d de forma partidista hasta la nausea.<\/p>\n<p style=\"text-align: justify\">Son\u00f3 a rendici\u00f3n incondicional&#8230;<\/p>\n<p style=\"text-align: justify\"><strong><em>Ander Muruzabal<\/em><\/strong><\/p>\n","protected":false},"excerpt":{"rendered":"<p>Si algo ha caracterizado al estramb\u00f3tico gobierno que venimos padeciendo los navarros desde el pasado mayo ha sido el m\u00e1s que curioso reparto de papeles que han protagonizado sus dos principales protagonistas Yolanda y Roberto, Roberto y Yolanda, tanto monta, monta tanto\u2026 Si no era de esperar que un referente de lo que hemos dado &hellip; <a href=\"https:\/\/blogs.noticiasdenavarra.com\/nafarherria\/2012\/02\/22\/donde-esta-barcina\/\" class=\"more-link\">Sigue leyendo <span class=\"screen-reader-text\">\u00bfDonde est\u00e1 Barcina?<\/span><\/a><\/p>\n","protected":false},"author":71,"featured_media":0,"comment_status":"open","ping_status":"open","sticky":false,"template":"","format":"standard","meta":{"footnotes":""},"categories":[274,191,192],"tags":[282,3014,3017,283,244,247,3020],"class_list":["post-301","post","type-post","status-publish","format-standard","hentry","category-gobierno-de-navarra","category-politica-institucional","category-politica-navarra","tag-barcina","tag-eta","tag-navarra","tag-proceso-de-paz","tag-psn","tag-roberto-jimenez","tag-upn"],"_links":{"self":[{"href":"https:\/\/blogs.noticiasdenavarra.com\/nafarherria\/wp-json\/wp\/v2\/posts\/301","targetHints":{"allow":["GET"]}}],"collection":[{"href":"https:\/\/blogs.noticiasdenavarra.com\/nafarherria\/wp-json\/wp\/v2\/posts"}],"about":[{"href":"https:\/\/blogs.noticiasdenavarra.com\/nafarherria\/wp-json\/wp\/v2\/types\/post"}],"author":[{"embeddable":true,"href":"https:\/\/blogs.noticiasdenavarra.com\/nafarherria\/wp-json\/wp\/v2\/users\/71"}],"replies":[{"embeddable":true,"href":"https:\/\/blogs.noticiasdenavarra.com\/nafarherria\/wp-json\/wp\/v2\/comments?post=301"}],"version-history":[{"count":1,"href":"https:\/\/blogs.noticiasdenavarra.com\/nafarherria\/wp-json\/wp\/v2\/posts\/301\/revisions"}],"predecessor-version":[{"id":303,"href":"https:\/\/blogs.noticiasdenavarra.com\/nafarherria\/wp-json\/wp\/v2\/posts\/301\/revisions\/303"}],"wp:attachment":[{"href":"https:\/\/blogs.noticiasdenavarra.com\/nafarherria\/wp-json\/wp\/v2\/media?parent=301"}],"wp:term":[{"taxonomy":"category","embeddable":true,"href":"https:\/\/blogs.noticiasdenavarra.com\/nafarherria\/wp-json\/wp\/v2\/categories?post=301"},{"taxonomy":"post_tag","embeddable":true,"href":"https:\/\/blogs.noticiasdenavarra.com\/nafarherria\/wp-json\/wp\/v2\/tags?post=301"}],"curies":[{"name":"wp","href":"https:\/\/api.w.org\/{rel}","templated":true}]}}