{"id":292,"date":"2012-02-07T10:13:45","date_gmt":"2012-02-07T10:13:45","guid":{"rendered":"http:\/\/blogs.noticiasdenavarra.com\/nafarherria\/?p=292"},"modified":"2012-02-07T10:13:45","modified_gmt":"2012-02-07T10:13:45","slug":"el-congreso","status":"publish","type":"post","link":"https:\/\/blogs.noticiasdenavarra.com\/nafarherria\/2012\/02\/07\/el-congreso\/","title":{"rendered":"El Congreso"},"content":{"rendered":"<p><em><strong>No necesito amigos que cambien cuando yo cambio y asientan cuando yo asiento. Mi sombra lo hace mucho mejor. <\/strong><\/em><\/p>\n<p style=\"text-align: right\"><em><strong>Plutarco<\/strong><\/em><\/p>\n<p>\u00a0<\/p>\n<p style=\"text-align: justify\"><a href=\"http:\/\/blogs.noticiasdenavarra.com\/nafarherria\/files\/2012\/02\/sombra.jpg\"><img loading=\"lazy\" decoding=\"async\" class=\"alignleft size-thumbnail wp-image-293\" src=\"http:\/\/blogs.noticiasdenavarra.com\/nafarherria\/files\/2012\/02\/sombra-150x150.jpg\" alt=\"\" width=\"150\" height=\"150\" \/><\/a>Vaya por delante que del XXXVIII Congreso del PSOE nadie pod\u00eda esperar cambio alguno dado el perfil de quienes pretend\u00edan liderarlo, para cambiar no solo es precisa la intenci\u00f3n sino la propia capacidad, y tampoco cab\u00eda confiar mucho en quienes les jaleaban haciendo caso omiso al sabio consejo de Plutarco que da comienzo a este art\u00edculo y que viene que ni pintado a las sombras de Rubalcaba y Chac\u00f3n.<\/p>\n<p style=\"text-align: justify\">\u00a0<\/p>\n<p style=\"text-align: justify\"><!--more-->Quiz\u00e1s no eran tiempos de mudanza sino de reflexi\u00f3n, y el verdadero cambio haya sido pospuesto para mejores tiempos y circunstancias pero toda la parafernalia propagand\u00edstica escasamente ha sido capaz de ocultar que Rubalcaba no era m\u00e1s que una vuelta a los cuarteles de invierno a \u201clamerse las heridas\u201d a la espera de mejor oportunidad sin destruir lo poco que queda del proyecto socialista, y Chac\u00f3n la representante m\u00e1s genuina de los responsables, o irresponsables, de la debacle.<\/p>\n<p style=\"text-align: justify\">Pero el problema m\u00e1s acuciante que tienen los socialistas no es, probablemente, de liderazgo ni siquiera de adaptaci\u00f3n a los nuevos tiempos, algo que vislumbran pero no acaban de creer y mucho menos aplicar, y la mejor prueba de ello es el inmovilismo, cuando no involucionismo, triunfante de Rajoy y su cada d\u00eda menos popular partido. El problema del socialismo espa\u00f1ol es que ha renunciado a su ideolog\u00eda, bien es verdad que esta no pasa por sus mejores tiempos, y ha confundido la t\u00e1ctica con la estrategia a base de apelar a sus principios y aplicar los de los dem\u00e1s, en un ejercicio de incoherencia que ha descolocado incluso a su propio electorado tradicional.<\/p>\n<p style=\"text-align: justify\">Parece evidente, a la vista de los resultados, que este XXXVIII Congreso no pasar\u00e1 a la historia del PSOE y que tiene visos de ser una mera plataforma para el desembarco del nuevo socialismo que afronte los retos pendientes, que una vez superada la, cada vez m\u00e1s, confusa \u201ctransici\u00f3n espa\u00f1ola\u201d ser\u00e1n los que siempre han sido y que hace treinta a\u00f1os se obviaron para \u201ctener la fiesta en paz\u201d, es decir el modelo de estado, el modelo social y el modelo territorial, y tendr\u00e1 que ser el socialismo espa\u00f1ol el que lo afronte puesto que la derecha popular hace tiempo que perdi\u00f3 su oportunidad hist\u00f3rica y se mece en los c\u00f3modos brazos del tardofranquismo.<\/p>\n<p style=\"text-align: justify\">Y no parece que figuras destacadas de uno y otro bando del reci\u00e9n concluido conclave, responsables directos de esos dos engendros que hoy se llaman Gobierno Vasco y Gobierno de Navarra, tengan ya nada que aportar al la superaci\u00f3n de estos retos salvo dar paso a nuevas generaciones con ideas y con valent\u00eda suficiente para hacerlo.<\/p>\n<p style=\"text-align: justify\">Lo contrario solo ser\u00e1 alargar la agon\u00eda\u00a0 y condenar a su partido, no al cambio, sino a la refundaci\u00f3n o a la simple y llana desaparici\u00f3n.<\/p>\n<p style=\"text-align: justify\">Ya no valen las recetas antiguas, la opacidad partidista, la disciplina como valor supremo o los clich\u00e9s propios del S.XIX, estamos en un tiempo nuevo, no confundir con los nuevos tiempos que algunos nos quieren vender para seguir como siempre, en que solo desde la transparencia, la democracia participativa y la radicalidad democr\u00e1tica podremos construir los mensajes pol\u00edticos nuevos que demanda una poblaci\u00f3n mucho m\u00e1s informada, con un mucho m\u00e1s alto nivel de conocimiento, mucha mayor capacidad para acceder a \u00e9l y acostrumbrada ya a trabajar y socializarse en red.<\/p>\n<p style=\"text-align: justify\">Pero nuevas construcciones pol\u00edtico sociales del S. XXI no pueden partir de la asepsia ideol\u00f3gica o la falta de valores sino del rearme de las ideolog\u00edas, no de su fin.<\/p>\n<p style=\"text-align: justify\">Ese es el reto, y no solo para los socialistas\u2026<\/p>\n<p><em><strong>Ander Muruzabal <\/strong><\/em><\/p>\n","protected":false},"excerpt":{"rendered":"<p>No necesito amigos que cambien cuando yo cambio y asientan cuando yo asiento. Mi sombra lo hace mucho mejor. Plutarco \u00a0 Vaya por delante que del XXXVIII Congreso del PSOE nadie pod\u00eda esperar cambio alguno dado el perfil de quienes pretend\u00edan liderarlo, para cambiar no solo es precisa la intenci\u00f3n sino la propia capacidad, y &hellip; <a href=\"https:\/\/blogs.noticiasdenavarra.com\/nafarherria\/2012\/02\/07\/el-congreso\/\" class=\"more-link\">Sigue leyendo <span class=\"screen-reader-text\">El Congreso<\/span><\/a><\/p>\n","protected":false},"author":71,"featured_media":0,"comment_status":"open","ping_status":"open","sticky":false,"template":"","format":"standard","meta":{"footnotes":""},"categories":[274,185,190,245,277],"tags":[278,279,3013,3007,3017,235,236,280,244,3018,247,281],"class_list":["post-292","post","type-post","status-publish","format-standard","hentry","category-gobierno-de-navarra","category-gobierno-vasco","category-partidos-politicos","category-psoe","category-socialismo","tag-carme-chacon","tag-congreso-del-psoe","tag-constitucion","tag-gobierno-vasco","tag-navarra","tag-participacion-democratica","tag-patxi-lopez","tag-pse","tag-psn","tag-psoe","tag-roberto-jimenez","tag-rubalcaba"],"_links":{"self":[{"href":"https:\/\/blogs.noticiasdenavarra.com\/nafarherria\/wp-json\/wp\/v2\/posts\/292","targetHints":{"allow":["GET"]}}],"collection":[{"href":"https:\/\/blogs.noticiasdenavarra.com\/nafarherria\/wp-json\/wp\/v2\/posts"}],"about":[{"href":"https:\/\/blogs.noticiasdenavarra.com\/nafarherria\/wp-json\/wp\/v2\/types\/post"}],"author":[{"embeddable":true,"href":"https:\/\/blogs.noticiasdenavarra.com\/nafarherria\/wp-json\/wp\/v2\/users\/71"}],"replies":[{"embeddable":true,"href":"https:\/\/blogs.noticiasdenavarra.com\/nafarherria\/wp-json\/wp\/v2\/comments?post=292"}],"version-history":[{"count":1,"href":"https:\/\/blogs.noticiasdenavarra.com\/nafarherria\/wp-json\/wp\/v2\/posts\/292\/revisions"}],"predecessor-version":[{"id":294,"href":"https:\/\/blogs.noticiasdenavarra.com\/nafarherria\/wp-json\/wp\/v2\/posts\/292\/revisions\/294"}],"wp:attachment":[{"href":"https:\/\/blogs.noticiasdenavarra.com\/nafarherria\/wp-json\/wp\/v2\/media?parent=292"}],"wp:term":[{"taxonomy":"category","embeddable":true,"href":"https:\/\/blogs.noticiasdenavarra.com\/nafarherria\/wp-json\/wp\/v2\/categories?post=292"},{"taxonomy":"post_tag","embeddable":true,"href":"https:\/\/blogs.noticiasdenavarra.com\/nafarherria\/wp-json\/wp\/v2\/tags?post=292"}],"curies":[{"name":"wp","href":"https:\/\/api.w.org\/{rel}","templated":true}]}}