{"id":271,"date":"2012-01-30T10:20:29","date_gmt":"2012-01-30T10:20:29","guid":{"rendered":"http:\/\/blogs.noticiasdenavarra.com\/nafarherria\/?p=271"},"modified":"2012-01-30T10:25:57","modified_gmt":"2012-01-30T10:25:57","slug":"los-tres-problemas-de-amaiur","status":"publish","type":"post","link":"https:\/\/blogs.noticiasdenavarra.com\/nafarherria\/2012\/01\/30\/los-tres-problemas-de-amaiur\/","title":{"rendered":"LOS TRES PROBLEMAS DE AMAIUR"},"content":{"rendered":"<p><a href=\"http:\/\/blogs.noticiasdenavarra.com\/nafarherria\/files\/2012\/01\/Problemas.jpg\"><img loading=\"lazy\" decoding=\"async\" class=\"alignleft size-thumbnail wp-image-272\" src=\"http:\/\/blogs.noticiasdenavarra.com\/nafarherria\/files\/2012\/01\/Problemas-150x150.jpg\" alt=\"\" width=\"150\" height=\"150\" \/><\/a>Como promet\u00ed en un art\u00edculo anterior y dado el curioso, por no decir at\u00edpico, comportamiento del electorado navarro\u00a0 el pasado 20 N y a la hora de hacer un an\u00e1lisis de los resultados electorales, cabe preguntarse\u2026<\/p>\n<p>\u00bfHa cambiado algo en Navarra?<\/p>\n<p>Y la respuesta, m\u00e1s que nunca, es SI\u2026<\/p>\n<p><img decoding=\"async\" src=\"http:\/\/nafarherria.wordpress.com\/wp-includes\/js\/tinymce\/plugins\/wordpress\/img\/trans.gif\" alt=\"\" \/>No el sonoro batacazo del PSN, cuarenta mil votos en Navarra valen un esca\u00f1o, al que veinte a\u00f1os de seguidismo y anulaci\u00f3n de su propia identidad, en aras a no se que intereses de Ferraz o que oscura raz\u00f3n de estado, le han llevado a un diagn\u00f3stico de encefalograma pol\u00edtico plano de m\u00e1s que dif\u00edcil soluci\u00f3n sin pasar por el amargo trago de la \u201crefundaci\u00f3n\u201d. Eso no es un cambio sino la constataci\u00f3n de que el proceso de grangrena que asola al PSN va cogiendo cada vez m\u00e1s velocidad.<\/p>\n<p><!--more-->No la \u201cdeshabill\u00e9\u201d, por no decir despelote que yo con las damas soy muy fino, electoral de Barcina que ha dado ella sola, en un par de meses, al traste con la \u201cEstrategia del Quesito\u201d que al corellano le hab\u00eda costado veinte a\u00f1os perge\u00f1ar y que al paso que lleva le va a costar otro par acabar con el invento de Aizp\u00fan.<\/p>\n<p>Montar \u201cmenages a trois\u201d pol\u00edticos ni de los otros en la tradicional Navarra no suele ser una buena idea aunque se sea de misa diaria. Como dice el adagio \u201cNavarrico, su misica y su putica\u201d, pero de una en una\u2026<\/p>\n<p>No el esca\u00f1o popular sacado al m\u00ednimo precio, sin esfuerzo alguno y a costa del que quer\u00eda medrar a tu cuenta\u2026 los a\u00f1os de cocina regionalista le han venido de perlas para medrar en el Convento Popular a Fray Santiago y cuando sale a provincias nada como pez en el agua.<\/p>\n<p>No \u201cLa Cr\u00f3nica de un Esca\u00f1o Anunciado\u201d que orquest\u00f3 la nueva marca \u201cpolar\u201d para recuperar el liderazgo abertzale en Nafarroa y que buscando las cumbres nepal\u00edes, apoyados en sus serpas de altura m\u00e1s experimentados, encontraron que la cumbre estaba en el mucho m\u00e1s cercano monte Ezkaba.<\/p>\n<p>El cambio lo ha protagonizado la autora de TODAS las pocas satisfacciones abertzales que hemos tenido los navarros desde el 77, un grupo de independientes con ganas de que esto no sea lo de siempre, de muchos pelos y colores pero con la misma idea de acabar con el sectarismo y la exclusi\u00f3n, y la generosidad de un partido que ha sabido poner Navarra por encima de sus intereses, olvid\u00e1ndose de rentabilidades a corto, y que ha apoyado la causa con entusiasmo. Entre todos ellos y la colaboraci\u00f3n de un peque\u00f1o partido de \u00e1mbito local, GEROA BAI. (He obviado voluntariamente los nombres de todos porque creo que Geroa Bai es un \u00e9xito coral y sin coro no habr\u00eda sido un \u00e9xito).<\/p>\n<p>Pero he aqu\u00ed que este \u00e9xito ha tenido un damnificado, m\u00e1s que por sus resultados por sus expectativas, y que todav\u00eda no ha entendido nada\u2026<\/p>\n<p>Basaron su campa\u00f1a en \u201cacusar\u201d a Geroa Bai de ser el PNV y cuatro independientes afines, \u201cCoalici\u00f3n de urgencia del PNV para ocultar su verdadero rostro en Navarra\u201d que dijo alguno de sus sesudos comentaristas, en el robo de la marca y en el acoso a quienes iban a romper la \u201cunidad abertzale\u201d. Olvidaron el programa, los principios y las gentes p\u00fablicas y privadas que componen GEROA BAI. Las urnas los han dejado en su sitio explic\u00e1ndoles claramente qui\u00e9n es GEROA BAI\u2026 NAFARROA BAI.<\/p>\n<p>As\u00ed, AMAIUR tiene tres problemas en Navarra\u2026<\/p>\n<p>Si Geroa Bai no era el PNV, sino lo que dec\u00eda que era, acaban de descubrir que existe una fuerza progresista y vasquista, moderna, transversal, integradora con un fuerte componente urbano que no controlan, que no tiene techo explorado y que ocupa, de momento, un espacio tan grande como el suyo, disput\u00e1ndoles claramente la hegemon\u00eda, y que a la primera les ha ense\u00f1ado su techo.<\/p>\n<p>Si ten\u00edan raz\u00f3n y Geroa Bai es el PNV el problema es doble, puesto que esa fuerza nueva y emergente que acaban de descubrir, es a quien ten\u00edan que \u201csustituir\u201d que no solo no se dejan sino que les corta el paso en su feudo tradicional.<\/p>\n<p>Pero, si no era ninguna de las dos cosas anteriores y todo se debe al tir\u00f3n electoral personal de Uxue Barkos, la nueva teor\u00eda de GARA para justificar el frenazo\u2026 entonces tienen tres problemas; una sola persona, con un proyecto ideol\u00f3gico confuso y con el apoyo de un partidillo marginal les ha comido la tostada.<\/p>\n<p>Ellos eligen\u2026<\/p>\n<p>Probablemente sean las tres cosas a la vez y ninguna ser\u00eda posible sin las otras tres pero como tarden mucho en darse cuenta a lo mejor es demasiado tarde\u2026<\/p>\n<p>Mientras Geroa Bai a trabajar, pueblo a pueblo, puerta a puerta, como en estas elecciones, la sociedad empieza a estar harta de sectarismo y reclama m\u00e1s tolerancia, m\u00e1s libertad y m\u00e1s dialogo entre diferentes.<\/p>\n<p><strong><em>Ander Muruzabal<\/em><\/strong><\/p>\n","protected":false},"excerpt":{"rendered":"<p>Como promet\u00ed en un art\u00edculo anterior y dado el curioso, por no decir at\u00edpico, comportamiento del electorado navarro\u00a0 el pasado 20 N y a la hora de hacer un an\u00e1lisis de los resultados electorales, cabe preguntarse\u2026 \u00bfHa cambiado algo en Navarra? Y la respuesta, m\u00e1s que nunca, es SI\u2026 No el sonoro batacazo del PSN, &hellip; <a href=\"https:\/\/blogs.noticiasdenavarra.com\/nafarherria\/2012\/01\/30\/los-tres-problemas-de-amaiur\/\" class=\"more-link\">Sigue leyendo <span class=\"screen-reader-text\">LOS TRES PROBLEMAS DE AMAIUR<\/span><\/a><\/p>\n","protected":false},"author":71,"featured_media":0,"comment_status":"open","ping_status":"open","sticky":false,"template":"","format":"standard","meta":{"footnotes":""},"categories":[182,269,266,186,187,188,190,191,192],"tags":[270,197,271,199,204,3014,3006,3022,221,3008,3009,3017,240,241,244,3020,260,263,264],"class_list":["post-271","post","type-post","status-publish","format-standard","hentry","category-eaj-pnv","category-ellecciones-navarra","category-geroa-bai","category-izquierda-abertzale","category-nacionalismo-vasco","category-nafarroa-bai","category-partidos-politicos","category-politica-institucional","category-politica-navarra","tag-amaiur","tag-aralar","tag-atarrabia-taldea","tag-bildu","tag-cuestion-de-estado","tag-eta","tag-eusko-alkartasuna","tag-geroa-bai","tag-independientes-na-bai","tag-izquierda-abertzale","tag-nafarroa-bai","tag-navarra","tag-pnv","tag-pp","tag-psn","tag-upn","tag-uxue-barkos","tag-yolanda-barcina","tag-zabaltzen"],"_links":{"self":[{"href":"https:\/\/blogs.noticiasdenavarra.com\/nafarherria\/wp-json\/wp\/v2\/posts\/271","targetHints":{"allow":["GET"]}}],"collection":[{"href":"https:\/\/blogs.noticiasdenavarra.com\/nafarherria\/wp-json\/wp\/v2\/posts"}],"about":[{"href":"https:\/\/blogs.noticiasdenavarra.com\/nafarherria\/wp-json\/wp\/v2\/types\/post"}],"author":[{"embeddable":true,"href":"https:\/\/blogs.noticiasdenavarra.com\/nafarherria\/wp-json\/wp\/v2\/users\/71"}],"replies":[{"embeddable":true,"href":"https:\/\/blogs.noticiasdenavarra.com\/nafarherria\/wp-json\/wp\/v2\/comments?post=271"}],"version-history":[{"count":2,"href":"https:\/\/blogs.noticiasdenavarra.com\/nafarherria\/wp-json\/wp\/v2\/posts\/271\/revisions"}],"predecessor-version":[{"id":279,"href":"https:\/\/blogs.noticiasdenavarra.com\/nafarherria\/wp-json\/wp\/v2\/posts\/271\/revisions\/279"}],"wp:attachment":[{"href":"https:\/\/blogs.noticiasdenavarra.com\/nafarherria\/wp-json\/wp\/v2\/media?parent=271"}],"wp:term":[{"taxonomy":"category","embeddable":true,"href":"https:\/\/blogs.noticiasdenavarra.com\/nafarherria\/wp-json\/wp\/v2\/categories?post=271"},{"taxonomy":"post_tag","embeddable":true,"href":"https:\/\/blogs.noticiasdenavarra.com\/nafarherria\/wp-json\/wp\/v2\/tags?post=271"}],"curies":[{"name":"wp","href":"https:\/\/api.w.org\/{rel}","templated":true}]}}