{"id":27,"date":"2009-03-04T11:27:40","date_gmt":"2009-03-04T11:27:40","guid":{"rendered":"http:\/\/nafarherria.wordpress.com\/?p=27"},"modified":"2009-03-04T11:27:40","modified_gmt":"2009-03-04T11:27:40","slug":"la-hora-de-la-templanza","status":"publish","type":"post","link":"https:\/\/blogs.noticiasdenavarra.com\/nafarherria\/2009\/03\/04\/la-hora-de-la-templanza\/","title":{"rendered":"La hora de la templanza"},"content":{"rendered":"<a href=\"http:\/\/www.youtube.com\/watch?v=6hJlKP97Sb4&#038;w=480&#038;h=390\">http:\/\/www.youtube.com\/watch?v=6hJlKP97Sb4&amp;w=480&amp;h=390<\/a>\n<p style=\"text-align:justify\">Todos, y digo todos, hemos cometido errores en la \u00faltima legislatura. Podemos hablar ahora de lista m\u00e1s votada, de ilegalizaciones, podemos hablar de menosprecio al adversario, podemos acusar a los dem\u00e1s del fraccionamiento con el que hemos ido a estas elecciones, e incluso de la oportunidad o no de algunas pol\u00edticas y algunos pol\u00edticos. Y es una reflexi\u00f3n que tendremos que hacer, pero ha de ser desde la tranquilidad y la mesura, y desde la reformulaci\u00f3n de nuestro proyecto para el pa\u00eds.<\/p>\n<p style=\"text-align:justify\"><!--more-->Dicen quienes aspiran, por primera vez, a sacar al nacionalismo del gobierno vasco que treinta a\u00f1os son muchos, que hace falta aire nuevo y renovaci\u00f3n, y probablemente eso sea en lo \u00fanico en que tienen raz\u00f3n y sea lo \u00fanico que no est\u00e1n en condiciones de proporcionar a este pueblo.<\/p>\n<p style=\"text-align:justify\">En treinta a\u00f1os hemos hecho muchas cosas, algunas muy bien y otras fatal, hemos empezado a \u201cver\u201d pa\u00eds, a construirlo, pero por el camino nos hemos dejado un mont\u00f3n de cosas importantes, cosas superfluas quisimos creer, pero que son la esencia de este pueblo.<\/p>\n<p style=\"text-align:justify\">Nos olvidamos que frente al bienestar generalizado, paralelamente a la construcci\u00f3n de nuestra naci\u00f3n y desde la seguridad que nos garantizaba el control de las instituciones no hemos sido capaces de acabar con la lacra y la sangr\u00eda que supone la existencia de ETA, nos olvidamos que nuestros vecinos, nuestros parientes, nuestros amigos y nuestros conciudadanos eran acosados por una banda fascista que ha acabado pas\u00e1ndonos factura a todos, quiz\u00e1s no val\u00eda solo la condena sino la acci\u00f3n directa de gobierno.<\/p>\n<p style=\"text-align:justify\">Olvidamos nuestra propia esencia y nuestra herencia sociopol\u00edtica para jugar en un campo y con unas reglas que no eran las nuestras y que poco a poco nos han ido alejando de nuestro propio pa\u00eds, y lo que es peor validando esquemas pol\u00edticos, instituciones, formas de hacer y actuaciones que poco o nada tienen que ver con Euskadi.<\/p>\n<p style=\"text-align:justify\">Asistimos al fraccionamiento de nuestra herramienta de construir el pa\u00eds, que entre personalismos y diferencias de criterio m\u00e1s buscadas que reales, desmembr\u00f3 lo que l\u00edderes mucho m\u00e1s enteros nos hab\u00edan legado en circunstancias mucho m\u00e1s dif\u00edciles. Nos olvidamos de Irujo, de Ajuriagerra o de Aguirre para ponernos en manos de algunos oportunistas de ocasi\u00f3n sin visi\u00f3n de pa\u00eds, confundimos estadistas con bur\u00f3cratas, y encima fuimos capaces de laminar pol\u00edticamente a quienes quisieron recuperar su estilo y el espacio jeltzale..<\/p>\n<p style=\"text-align:justify\">Y olvidamos Navarra, y olvidando Navarra, olvidamos Euskadi\u2026<\/p>\n<p style=\"text-align:justify\">Nos pudieron las prisas por construir la CAV y construirla a nuestra imagen y semejanza ignorando que la meta era Euskadi.<\/p>\n<p style=\"text-align:justify\">Posiblemente algunas de las cosas por las que protestamos airadamente estos d\u00edas, hubieran podido evitar lo que estamos viviendo, pero no hubieran hecho m\u00e1s que alargar el proceso unos cuantos a\u00f1os m\u00e1s.<\/p>\n<p style=\"text-align:justify\">Por eso, es la hora de la templanza, la hora de analizar y la hora de la autocr\u00edtica, pero nunca la hora del des\u00e1nimo, la hora de la revancha. En el Gobierno o en la Oposici\u00f3n los nacionalistas vascos tendremos que demostrar que somos el alma de este pa\u00eds, por la sencilla raz\u00f3n de que somos los \u00fanicos que creemos en este pa\u00eds.<\/p>\n<p style=\"text-align:justify\">No es hora de oposiciones feroces, no es hora de descalificaciones entre nosotros, es hora de seguir trabajando d\u00eda a d\u00eda por la mejora de Euskadi, este su gobierno en nuestras manos o no, es hora de demostrar a los vascos que durante estos a\u00f1os han tenido raz\u00f3n al depositar su confianza en los jeltzales y que dentro de cuatro la tendr\u00e1n m\u00e1s todav\u00eda.<\/p>\n<p style=\"text-align:justify\">No se si de esta situaci\u00f3n saldr\u00e1 un gobierno transversal, un gobierno jeltzale o un gobierno espa\u00f1olista, pero nuestra obligaci\u00f3n, dentro o fuera de Ajuriaenea, es seguir trabajando por este pa\u00eds y por su libertad, por su autogobierno y por recuperar el sitio que nos corresponde en el mapa de las naciones.<\/p>\n<p style=\"text-align:justify\">Y para ello no bastar\u00e1 con nuestro trabajo institucional, algo a lo que ya est\u00e1bamos demasiado acostumbrados, tendremos que reconstruir nuestro proyecto batzoki a batzoki\u2026 alkartetxe a alkartetxe\u2026 nabaigune a nabaigune. No es hora de facturas ni de fracturas, es hora de unidad, de reconocer lo que nos une y de minimizar nuestras diferencias. Es hora de reconstruir el espacio jeltzale desde el acuerdo entre diferentes y desde el respeto a todas las opciones.<\/p>\n<p style=\"text-align:justify\">Es hora, tambi\u00e9n, de ponernos el mono de trabajo, de dejar de mirar para otro lado cuando no de re\u00edrles las gracias a quienes representan lo peor de este pa\u00eds, a quienes en pleno siglo XXI mantienen activo el ultimo resquicio de violencia terrorista en Europa. A estos tambi\u00e9n hay que ponerlos a trabajar. Este pa\u00eds se podr\u00e1 construir desde una \u00f3ptica jeltzale o desde una \u00f3ptica de la IA pero jam\u00e1s desde la imposici\u00f3n ni desde la violencia, y en este sentido creo que la aportaci\u00f3n de Aralar va a resultar un elemento decisivo.<\/p>\n<p style=\"text-align:justify\">Y en ese camino de construcci\u00f3n tampoco nos podremos olvidar de los otros vascos, ni de los que desde un sentimiento espa\u00f1ol son tan vascos como nosotros, ni de esa parte fundamental de Euskadi que es Navarra.<\/p>\n<p style=\"text-align:justify\"><em><strong>Ander Muruzabal<\/strong><\/em><\/p>\n","protected":false},"excerpt":{"rendered":"<p>Todos, y digo todos, hemos cometido errores en la \u00faltima legislatura. Podemos hablar ahora de lista m\u00e1s votada, de ilegalizaciones, podemos hablar de menosprecio al adversario, podemos acusar a los dem\u00e1s del fraccionamiento con el que hemos ido a estas elecciones, e incluso de la oportunidad o no de algunas pol\u00edticas y algunos pol\u00edticos. Y &hellip; <a href=\"https:\/\/blogs.noticiasdenavarra.com\/nafarherria\/2009\/03\/04\/la-hora-de-la-templanza\/\" class=\"more-link\">Sigue leyendo <span class=\"screen-reader-text\">La hora de la templanza<\/span><\/a><\/p>\n","protected":false},"author":71,"featured_media":0,"comment_status":"open","ping_status":"open","sticky":false,"template":"","format":"standard","meta":{"footnotes":""},"categories":[183,185],"tags":[208,212,231,236,240,241,3018],"class_list":["post-27","post","type-post","status-publish","format-standard","hentry","category-elecciones-euskadi","category-gobierno-vasco","tag-elecciones","tag-euskadi","tag-nacionalismo","tag-patxi-lopez","tag-pnv","tag-pp","tag-psoe"],"_links":{"self":[{"href":"https:\/\/blogs.noticiasdenavarra.com\/nafarherria\/wp-json\/wp\/v2\/posts\/27","targetHints":{"allow":["GET"]}}],"collection":[{"href":"https:\/\/blogs.noticiasdenavarra.com\/nafarherria\/wp-json\/wp\/v2\/posts"}],"about":[{"href":"https:\/\/blogs.noticiasdenavarra.com\/nafarherria\/wp-json\/wp\/v2\/types\/post"}],"author":[{"embeddable":true,"href":"https:\/\/blogs.noticiasdenavarra.com\/nafarherria\/wp-json\/wp\/v2\/users\/71"}],"replies":[{"embeddable":true,"href":"https:\/\/blogs.noticiasdenavarra.com\/nafarherria\/wp-json\/wp\/v2\/comments?post=27"}],"version-history":[{"count":0,"href":"https:\/\/blogs.noticiasdenavarra.com\/nafarherria\/wp-json\/wp\/v2\/posts\/27\/revisions"}],"wp:attachment":[{"href":"https:\/\/blogs.noticiasdenavarra.com\/nafarherria\/wp-json\/wp\/v2\/media?parent=27"}],"wp:term":[{"taxonomy":"category","embeddable":true,"href":"https:\/\/blogs.noticiasdenavarra.com\/nafarherria\/wp-json\/wp\/v2\/categories?post=27"},{"taxonomy":"post_tag","embeddable":true,"href":"https:\/\/blogs.noticiasdenavarra.com\/nafarherria\/wp-json\/wp\/v2\/tags?post=27"}],"curies":[{"name":"wp","href":"https:\/\/api.w.org\/{rel}","templated":true}]}}