{"id":23,"date":"2009-02-26T11:38:58","date_gmt":"2009-02-26T11:38:58","guid":{"rendered":"http:\/\/nafarherria.wordpress.com\/?p=23"},"modified":"2009-02-26T11:38:58","modified_gmt":"2009-02-26T11:38:58","slug":"el-gesto-elevado-a-programa-de-gobierno","status":"publish","type":"post","link":"https:\/\/blogs.noticiasdenavarra.com\/nafarherria\/2009\/02\/26\/el-gesto-elevado-a-programa-de-gobierno\/","title":{"rendered":"El gesto elevado a programa de gobierno"},"content":{"rendered":"<p style=\"text-align:justify\"><a href=\"http:\/\/blogs.noticiasdenavarra.com\/nafarherria\/files\/2011\/03\/zp-y-patxi-lc3b3pez.jpg\"><img loading=\"lazy\" decoding=\"async\" class=\"alignright size-full wp-image-24\" src=\"http:\/\/blogs.noticiasdenavarra.com\/nafarherria\/files\/2011\/03\/zp-y-patxi-lc3b3pez.jpg\" alt=\"\" width=\"227\" height=\"222\" \/><\/a>Si algo tiene de innovadora la ruidosa irrupci\u00f3n en la vida pol\u00edtica espa\u00f1ola de ZP no es su ideolog\u00eda, ni su forma de gobierno, ni siquiera su \u201cinter\u00e9s\u201d social, la novedad del socialismo zapaterista, no confundir con zapatista, es la falta total y absoluta de conexi\u00f3n con la realidad y la carencia de un discurso pol\u00edtico digno de tal nombre. ZP es \u201cgesto\u201d, es \u201ccomunicaci\u00f3n\u201d. Si alg\u00fan incauto pensaba que lo de las \u201ccejitas\u201d no pasaba de ser una gracia electoral de apoyo a su programa, no ha tardado mucho en darse cuenta de que era el mensaje electoral en si mismo. Zapatero no vende pol\u00edtica, se vende a si mismo.<\/p>\n<p style=\"text-align:justify\"><!--more--><\/p>\n<figure id=\"attachment_25\" aria-describedby=\"caption-attachment-25\" style=\"width: 189px\" class=\"wp-caption alignleft\"><a href=\"http:\/\/blogs.noticiasdenavarra.com\/nafarherria\/files\/2011\/03\/gestic3b3n.jpg\"><img loading=\"lazy\" decoding=\"async\" class=\"size-full wp-image-25\" src=\"http:\/\/blogs.noticiasdenavarra.com\/nafarherria\/files\/2011\/03\/gestic3b3n.jpg\" alt=\"\" width=\"189\" height=\"266\" \/><\/a><figcaption id=\"caption-attachment-25\" class=\"wp-caption-text\">\u00bfLa &quot;gesti\u00f3n&quot; de Patxi L\u00f3pez?<\/figcaption><\/figure>\n<p style=\"text-align:justify\">Zapatero pasar\u00e1 a la historia como un innovador pol\u00edtico, pasar\u00e1 a la historia por haber avanzado un paso m\u00e1s en la desideologizaci\u00f3n de la pol\u00edtica. Si la Revoluci\u00f3n francesa se baso en los principios de libertad, igualdad y fraternidad, la \u201crevoluci\u00f3n zapaterista\u201d pasa por los principios de demoscopia, marketing y gesto. No importa lo que hagas o lo que dejes de hacer, lo importante es hablar de lo que la gente quiere hablar, llegar al subconsciente del electorado. No importa ni la Guerra de Irak, ni el matrimonio homosexual ni la memoria hist\u00f3rica, lo que importa es que se hable de ello, para lo que ha contado con la inestimable ayuda de un PP que lleva seis a\u00f1os sin verla y de la jerarqu\u00eda cat\u00f3lica que lleva en ello veinte siglos.<\/p>\n<p style=\"text-align:justify\">\u00bfQu\u00e9 Presidente de Gobierno hubiera podido soportar el no poder ofrecer como balance de gesti\u00f3n m\u00e1s que la retirada de mil soldados de Irak a cambio de mandar siete mil a Afganist\u00e1n, la legalizaci\u00f3n de una forma de relaci\u00f3n familiar que socialmente estaba mucho m\u00e1s que aceptada y la aprobaci\u00f3n de una Ley de Memoria Hist\u00f3rica que no tiene ninguna intenci\u00f3n de aplicar, como as\u00ed lo demuestra el hecho de que es el mismo Fiscal General del Estado quien ha parado las primeras actuaciones judiciales en cumplimiento de la citada Ley?. Porque, a parte de eso \u00bfAlguien recuerda alguna otra acci\u00f3n de gobierno de Zapatero?<\/p>\n<p style=\"text-align:justify\">La izquierda espa\u00f1ola ha evolucionado notablemente en estos \u00faltimos a\u00f1os, y desde el \u201cprograma, programa, programa\u2026\u201d de Julio Anguita, de la propuesta concreta de acci\u00f3n de gobierno, al cambio difuso de ZP, que lo mismo sirve para un roto que para un descosido, media el abismo de las convicciones. Zapatero es un cascar\u00f3n vac\u00edo, un puro ejercicio de marketing, comunicaci\u00f3n e imagen, basado en marcos, en percepciones; paridad, no a la guerra, memoria hist\u00f3rica\u2026 no son m\u00e1s que conceptos ambiguos m\u00e1s destinados a alimentar tertulias radiof\u00f3nicas que pol\u00edticas concretas o ideas de gesti\u00f3n.<\/p>\n<p style=\"text-align:justify\">Ya son cinco a\u00f1os de gobierno de ZP, \u00bfY de que hemos hablado todo este tiempo? \u00bfDe econom\u00eda? \u00bfDe salud? \u00bfDe educaci\u00f3n? \u00bfDe modelo territorial?. NO, hemos hablado de no a la guerra mientras Espa\u00f1a vend\u00eda armas a todo el que pudiera pagarlas, de memoria hist\u00f3rica siempre que no nos acord\u00e1semos demasiado, de la consideraci\u00f3n legal del matrimonio civil, de las habilidades dial\u00e9cticas de Maleni, del Ministerio fantasma de la Aido, de la punter\u00eda de Bermejo, de los esp\u00edas madrile\u00f1os o de los calcetines de la Espe\u2026<\/p>\n<p style=\"text-align:justify\">Y eso, y no otra cosa, nos ofrece Patxi L\u00f3pez para Euskadi, su programa electoral no es m\u00e1s que una sarta de vaguedades generalistas que lo mismo firmar\u00eda Izquierda Unida que el PP, su vagaje personal, su experiencia de gesti\u00f3n y su formaci\u00f3n pol\u00edtica son bien conocidas por todos y no es ah\u00ed donde reside o puede residir su fuerza. Su fuerza reside en el mensaje de cambio, ese cambio que nadie sabe muy bien exactamente que es lo que es, pero que tiene cierta capacidad de llegada en una sociedad donde llevan treinta a\u00f1os gobernando los mismos, al margen de la positividad o negatividad del balance de gobierno que puedan presentar. Y ese es el peligro que corremos en estas elecciones, votar palabras, votar gestos, en vez de votar acci\u00f3n de gobierno, en vez de votar pol\u00edticas concretas.<\/p>\n<p style=\"text-align:justify\">Es verdad, y no lo podemos negar, que el buque de la reforma estatutaria, el buque de la consulta, el buque soberanista ha naufragado, entre la incomprensi\u00f3n, la falta de miras de algunos y la sinraz\u00f3n etarra, pero, principalmente, ha fracasado porque no respond\u00eda a una demanda generalizada de los vascos, de todos los vascos. Y es verdad que se han dilapidado demasiadas energ\u00edas en algo, que si bien era leg\u00edtimo, no estaba entre las inquietudes sociales m\u00e1s acuciantes, y mucho menos ahora.<\/p>\n<p style=\"text-align:justify\">Pero esta legislatura tambi\u00e9n ha tenido cosas positivas, mal que bien se ha avanzado en completar el puzzle estatutario, las pol\u00edticas sociales han ido en Euskadi por delante de las del estado, as\u00ed como la evoluci\u00f3n econ\u00f3mica. Euskadi es cada d\u00eda un pa\u00eds m\u00e1s consolidado, falta mucho camino por recorrer pero estamos en \u00e9l.<\/p>\n<p style=\"text-align:justify\">Frente a esto est\u00e1 la alternativa del cambio, y es l\u00edcito verlo como algo positivo, pero para los que sientan esa tentaci\u00f3n, desde este rinc\u00f3n de Navarra desde donde escribo tambi\u00e9n podemos aportar algunos datos de valor. Cambio, rebajar la crispaci\u00f3n, cohesionar la sociedad, en Navarra deciden los navarros, ese era el mensaje del PSN en las elecciones navarras -\u00bfSuena?- y ese cambio se produjo, no para Navarra, para ellos que dejaron de ser oposici\u00f3n para acomodarse en los aleda\u00f1os del poder.<\/p>\n<p style=\"text-align:justify\">El d\u00eda 1 no debemos olvidar que el gobierno de los \u201cotros\u201d vascos no se decidi\u00f3 en el Paseo Sarasate, sede parlamentaria, o en Carlos III, sede de gobierno, sino en un restaurante de Madrid donde hab\u00eda muy pocos navarros, y por no estar, no estaban ni los propios socialistas navarros.<\/p>\n<p><em><strong>Ander Muruzabal<\/strong><\/em><\/p>\n","protected":false},"excerpt":{"rendered":"<p>Si algo tiene de innovadora la ruidosa irrupci\u00f3n en la vida pol\u00edtica espa\u00f1ola de ZP no es su ideolog\u00eda, ni su forma de gobierno, ni siquiera su \u201cinter\u00e9s\u201d social, la novedad del socialismo zapaterista, no confundir con zapatista, es la falta total y absoluta de conexi\u00f3n con la realidad y la carencia de un discurso &hellip; <a href=\"https:\/\/blogs.noticiasdenavarra.com\/nafarherria\/2009\/02\/26\/el-gesto-elevado-a-programa-de-gobierno\/\" class=\"more-link\">Sigue leyendo <span class=\"screen-reader-text\">El gesto elevado a programa de gobierno<\/span><\/a><\/p>\n","protected":false},"author":71,"featured_media":0,"comment_status":"open","ping_status":"open","sticky":false,"template":"","format":"standard","meta":{"footnotes":""},"categories":[183],"tags":[194,208,212,3009,236,3018,265],"class_list":["post-23","post","type-post","status-publish","format-standard","hentry","category-elecciones-euskadi","tag-agostazo","tag-elecciones","tag-euskadi","tag-nafarroa-bai","tag-patxi-lopez","tag-psoe","tag-zapatero"],"_links":{"self":[{"href":"https:\/\/blogs.noticiasdenavarra.com\/nafarherria\/wp-json\/wp\/v2\/posts\/23","targetHints":{"allow":["GET"]}}],"collection":[{"href":"https:\/\/blogs.noticiasdenavarra.com\/nafarherria\/wp-json\/wp\/v2\/posts"}],"about":[{"href":"https:\/\/blogs.noticiasdenavarra.com\/nafarherria\/wp-json\/wp\/v2\/types\/post"}],"author":[{"embeddable":true,"href":"https:\/\/blogs.noticiasdenavarra.com\/nafarherria\/wp-json\/wp\/v2\/users\/71"}],"replies":[{"embeddable":true,"href":"https:\/\/blogs.noticiasdenavarra.com\/nafarherria\/wp-json\/wp\/v2\/comments?post=23"}],"version-history":[{"count":0,"href":"https:\/\/blogs.noticiasdenavarra.com\/nafarherria\/wp-json\/wp\/v2\/posts\/23\/revisions"}],"wp:attachment":[{"href":"https:\/\/blogs.noticiasdenavarra.com\/nafarherria\/wp-json\/wp\/v2\/media?parent=23"}],"wp:term":[{"taxonomy":"category","embeddable":true,"href":"https:\/\/blogs.noticiasdenavarra.com\/nafarherria\/wp-json\/wp\/v2\/categories?post=23"},{"taxonomy":"post_tag","embeddable":true,"href":"https:\/\/blogs.noticiasdenavarra.com\/nafarherria\/wp-json\/wp\/v2\/tags?post=23"}],"curies":[{"name":"wp","href":"https:\/\/api.w.org\/{rel}","templated":true}]}}